{"id":14666,"date":"2023-10-26T14:25:01","date_gmt":"2023-10-26T17:25:01","guid":{"rendered":"https:\/\/pc.sc.gov.br\/?p=14666"},"modified":"2023-10-26T14:26:06","modified_gmt":"2023-10-26T17:26:06","slug":"policia-civil-deflagra-operacao-7-pro-contra-homem-investigado-por-transportar-drogas-para-organizacao-criminosa-com-sede-na-capital","status":"publish","type":"post","link":"https:\/\/pc.sc.gov.br\/?p=14666","title":{"rendered":"Pol\u00edcia Civil deflagra opera\u00e7\u00e3o \u201c7 Pro\u201d contra homem investigado por transportar drogas para organiza\u00e7\u00e3o criminosa com sede na Capital"},"content":{"rendered":"\t\t<div data-elementor-type=\"wp-post\" data-elementor-id=\"14666\" class=\"elementor elementor-14666\" data-elementor-post-type=\"post\">\n\t\t\t\t\t\t<section class=\"elementor-section elementor-top-section elementor-element elementor-element-2e56e9f elementor-section-boxed elementor-section-height-default elementor-section-height-default\" data-id=\"2e56e9f\" data-element_type=\"section\">\n\t\t\t\t\t\t<div class=\"elementor-container elementor-column-gap-default\">\n\t\t\t\t\t<div class=\"elementor-column elementor-col-100 elementor-top-column elementor-element elementor-element-0211265\" data-id=\"0211265\" data-element_type=\"column\">\n\t\t\t<div class=\"elementor-widget-wrap elementor-element-populated\">\n\t\t\t\t\t\t<div class=\"elementor-element elementor-element-d0d085b elementor-widget elementor-widget-heading\" data-id=\"d0d085b\" data-element_type=\"widget\" data-widget_type=\"heading.default\">\n\t\t\t\t<div class=\"elementor-widget-container\">\n\t\t\t\t\t<h2 class=\"elementor-heading-title elementor-size-default\">Pol\u00edcia Civil deflagra opera\u00e7\u00e3o \u201c7 Pro\u201d contra homem investigado por transportar drogas para organiza\u00e7\u00e3o criminosa com sede na Capital<\/h2>\t\t\t\t<\/div>\n\t\t\t\t<\/div>\n\t\t\t\t\t<\/div>\n\t\t<\/div>\n\t\t\t\t\t<\/div>\n\t\t<\/section>\n\t\t\t\t<section class=\"elementor-section elementor-top-section elementor-element elementor-element-3dc6b59 elementor-section-boxed elementor-section-height-default elementor-section-height-default\" data-id=\"3dc6b59\" data-element_type=\"section\">\n\t\t\t\t\t\t<div class=\"elementor-container elementor-column-gap-default\">\n\t\t\t\t\t<div class=\"elementor-column elementor-col-100 elementor-top-column elementor-element elementor-element-be41e54\" data-id=\"be41e54\" data-element_type=\"column\">\n\t\t\t<div class=\"elementor-widget-wrap elementor-element-populated\">\n\t\t\t\t\t\t<div class=\"elementor-element elementor-element-d29df07 elementor-widget elementor-widget-image\" data-id=\"d29df07\" data-element_type=\"widget\" data-widget_type=\"image.default\">\n\t\t\t\t<div class=\"elementor-widget-container\">\n\t\t\t\t\t\t\t\t\t\t\t\t\t\t\t<img fetchpriority=\"high\" decoding=\"async\" width=\"576\" height=\"1024\" src=\"https:\/\/pc.sc.gov.br\/\/wp-content\/uploads\/2023\/10\/WhatsApp-Image-2023-10-26-at-13.34.25-576x1024.jpeg\" class=\"attachment-large size-large wp-image-14667\" alt=\"\" srcset=\"https:\/\/pc.sc.gov.br\/\/wp-content\/uploads\/2023\/10\/WhatsApp-Image-2023-10-26-at-13.34.25-576x1024.jpeg 576w, https:\/\/pc.sc.gov.br\/\/wp-content\/uploads\/2023\/10\/WhatsApp-Image-2023-10-26-at-13.34.25-169x300.jpeg 169w, https:\/\/pc.sc.gov.br\/\/wp-content\/uploads\/2023\/10\/WhatsApp-Image-2023-10-26-at-13.34.25.jpeg 585w\" sizes=\"(max-width: 576px) 100vw, 576px\" \/>\t\t\t\t\t\t\t\t\t\t\t\t\t\t\t<\/div>\n\t\t\t\t<\/div>\n\t\t\t\t\t<\/div>\n\t\t<\/div>\n\t\t\t\t\t<\/div>\n\t\t<\/section>\n\t\t\t\t<section class=\"elementor-section elementor-top-section elementor-element elementor-element-31a5637 elementor-section-boxed elementor-section-height-default elementor-section-height-default\" data-id=\"31a5637\" data-element_type=\"section\">\n\t\t\t\t\t\t<div class=\"elementor-container elementor-column-gap-default\">\n\t\t\t\t\t<div class=\"elementor-column elementor-col-100 elementor-top-column elementor-element elementor-element-833c86d\" data-id=\"833c86d\" data-element_type=\"column\">\n\t\t\t<div class=\"elementor-widget-wrap elementor-element-populated\">\n\t\t\t\t\t\t<div class=\"elementor-element elementor-element-a61721c elementor-widget elementor-widget-text-editor\" data-id=\"a61721c\" data-element_type=\"widget\" data-widget_type=\"text-editor.default\">\n\t\t\t\t<div class=\"elementor-widget-container\">\n\t\t\t\t\t\t\t\t\t<p>Nesta quinta-feira (26), a Pol\u00edcia Civil de Santa Catarina, por meio da Divis\u00e3o de Investiga\u00e7\u00e3o Criminal de Laguna, deflagrou a opera\u00e7\u00e3o \u201c7 Pro\u201d, com o objetivo de desarticular um dos \u201cfreteiros\u201d de uma organiza\u00e7\u00e3o criminosa sediada em Florian\u00f3polis. O homem \u00e9 investigado por ser o respons\u00e1vel pelo transporte de drogas, em larga escala, para diversas cidades de Santa Catarina e do Rio Grande do Sul.<br>Foram cumpridos mandados de busca e apreens\u00e3o e de pris\u00e3o preventiva nos munic\u00edpios de S\u00e3o Jos\u00e9 e Bigua\u00e7u. Ap\u00f3s as dilig\u00eancias, o investigado \u2013 que se encontrava em uma casa no munic\u00edpio de S\u00e3o Jos\u00e9 &#8211; foi conduzido at\u00e9 a sede da DIC de Laguna, onde foi interrogado e encaminhado \u00e0 Unidade Prisional do munic\u00edpio.<br><b><br>Entenda o caso<\/b><br><br>As apura\u00e7\u00f5es come\u00e7aram no dia 3 de setembro deste ano, quando o motorista de um ve\u00edculo acabou desobedecendo a ordens de parada da Pol\u00edcia Rodovi\u00e1ria Federal e da Pol\u00edcia Militar, passando a fugir em alta velocidade do munic\u00edpio de Paulo Lopes at\u00e9 Laguna, quando, ent\u00e3o, abandonou o ve\u00edculo e fugiu para o mato. Dentro do ve\u00edculo abandonado, os militares encontraram aproximadamente 320kg de maconha, em por\u00e7\u00f5es j\u00e1 acondicionadas e dispostas \u00e0 venda.<br>A partir de ent\u00e3o, com o aux\u00edlio da Pol\u00edcia Rodovi\u00e1ria Federal, a DIC conseguiu apurar a autoria desse homem, respons\u00e1vel pelo reiterado transporte de drogas para uma organiza\u00e7\u00e3o criminosa sediada em Florian\u00f3polis.<br>Das an\u00e1lises de todas as medidas cautelares, ainda foi apurado que esse mesmo homem j\u00e1 realizava o transporte de drogas para diversas outras cidades de Santa Catarina e do Rio Grande do Sul, incluindo para os munic\u00edpios de Lages, Bocai\u00fana do Sul, Imbituba, Laguna e Crici\u00fama.<\/p>\t\t\t\t\t\t\t\t<\/div>\n\t\t\t\t<\/div>\n\t\t\t\t\t<\/div>\n\t\t<\/div>\n\t\t\t\t\t<\/div>\n\t\t<\/section>\n\t\t\t\t<\/div>\n\t\t","protected":false},"excerpt":{"rendered":"<p>Pol\u00edcia Civil deflagra opera\u00e7\u00e3o \u201c7 Pro\u201d contra homem investigado por transportar drogas para organiza\u00e7\u00e3o criminosa com sede na Capital Nesta quinta-feira (26), a Pol\u00edcia Civil de Santa Catarina, por meio da Divis\u00e3o de Investiga\u00e7\u00e3o Criminal de Laguna, deflagrou a opera\u00e7\u00e3o \u201c7 Pro\u201d, com o objetivo de desarticular um dos \u201cfreteiros\u201d de uma organiza\u00e7\u00e3o criminosa sediada [&hellip;]<\/p>\n","protected":false},"author":5,"featured_media":14667,"comment_status":"closed","ping_status":"open","sticky":false,"template":"","format":"standard","meta":{"_monsterinsights_skip_tracking":false,"_monsterinsights_sitenote_active":false,"_monsterinsights_sitenote_note":"","_monsterinsights_sitenote_category":0,"footnotes":""},"categories":[1],"tags":[],"class_list":["post-14666","post","type-post","status-publish","format-standard","has-post-thumbnail","hentry","category-sem-categoria"],"_links":{"self":[{"href":"https:\/\/pc.sc.gov.br\/index.php?rest_route=\/wp\/v2\/posts\/14666","targetHints":{"allow":["GET"]}}],"collection":[{"href":"https:\/\/pc.sc.gov.br\/index.php?rest_route=\/wp\/v2\/posts"}],"about":[{"href":"https:\/\/pc.sc.gov.br\/index.php?rest_route=\/wp\/v2\/types\/post"}],"author":[{"embeddable":true,"href":"https:\/\/pc.sc.gov.br\/index.php?rest_route=\/wp\/v2\/users\/5"}],"replies":[{"embeddable":true,"href":"https:\/\/pc.sc.gov.br\/index.php?rest_route=%2Fwp%2Fv2%2Fcomments&post=14666"}],"version-history":[{"count":4,"href":"https:\/\/pc.sc.gov.br\/index.php?rest_route=\/wp\/v2\/posts\/14666\/revisions"}],"predecessor-version":[{"id":14671,"href":"https:\/\/pc.sc.gov.br\/index.php?rest_route=\/wp\/v2\/posts\/14666\/revisions\/14671"}],"wp:featuredmedia":[{"embeddable":true,"href":"https:\/\/pc.sc.gov.br\/index.php?rest_route=\/wp\/v2\/media\/14667"}],"wp:attachment":[{"href":"https:\/\/pc.sc.gov.br\/index.php?rest_route=%2Fwp%2Fv2%2Fmedia&parent=14666"}],"wp:term":[{"taxonomy":"category","embeddable":true,"href":"https:\/\/pc.sc.gov.br\/index.php?rest_route=%2Fwp%2Fv2%2Fcategories&post=14666"},{"taxonomy":"post_tag","embeddable":true,"href":"https:\/\/pc.sc.gov.br\/index.php?rest_route=%2Fwp%2Fv2%2Ftags&post=14666"}],"curies":[{"name":"wp","href":"https:\/\/api.w.org\/{rel}","templated":true}]}}