{"id":14672,"date":"2023-10-26T17:07:57","date_gmt":"2023-10-26T20:07:57","guid":{"rendered":"https:\/\/pc.sc.gov.br\/?p=14672"},"modified":"2023-10-26T17:11:53","modified_gmt":"2023-10-26T20:11:53","slug":"inscricoes-para-os-cursos-do-bolsa-formacao-do-pronasci-2-estao-abertas","status":"publish","type":"post","link":"https:\/\/pc.sc.gov.br\/?p=14672","title":{"rendered":"Inscri\u00e7\u00f5es para os cursos do Bolsa-Forma\u00e7\u00e3o do Pronasci 2 est\u00e3o abertas"},"content":{"rendered":"\t\t<div data-elementor-type=\"wp-post\" data-elementor-id=\"14672\" class=\"elementor elementor-14672\" data-elementor-post-type=\"post\">\n\t\t\t\t\t\t<section class=\"elementor-section elementor-top-section elementor-element elementor-element-722cdc2 elementor-section-boxed elementor-section-height-default elementor-section-height-default\" data-id=\"722cdc2\" data-element_type=\"section\">\n\t\t\t\t\t\t<div class=\"elementor-container elementor-column-gap-default\">\n\t\t\t\t\t<div class=\"elementor-column elementor-col-100 elementor-top-column elementor-element elementor-element-acbbfef\" data-id=\"acbbfef\" data-element_type=\"column\">\n\t\t\t<div class=\"elementor-widget-wrap elementor-element-populated\">\n\t\t\t\t\t\t<div class=\"elementor-element elementor-element-1f1fc7a elementor-widget elementor-widget-heading\" data-id=\"1f1fc7a\" data-element_type=\"widget\" data-widget_type=\"heading.default\">\n\t\t\t\t<div class=\"elementor-widget-container\">\n\t\t\t\t\t<h2 class=\"elementor-heading-title elementor-size-default\">Inscri\u00e7\u00f5es para os cursos do Bolsa-Forma\u00e7\u00e3o do Pronasci 2 est\u00e3o abertas<\/h2>\t\t\t\t<\/div>\n\t\t\t\t<\/div>\n\t\t\t\t\t<\/div>\n\t\t<\/div>\n\t\t\t\t\t<\/div>\n\t\t<\/section>\n\t\t\t\t<section class=\"elementor-section elementor-top-section elementor-element elementor-element-7e0c835 elementor-section-boxed elementor-section-height-default elementor-section-height-default\" data-id=\"7e0c835\" data-element_type=\"section\">\n\t\t\t\t\t\t<div class=\"elementor-container elementor-column-gap-default\">\n\t\t\t\t\t<div class=\"elementor-column elementor-col-100 elementor-top-column elementor-element elementor-element-691443b\" data-id=\"691443b\" data-element_type=\"column\">\n\t\t\t<div class=\"elementor-widget-wrap elementor-element-populated\">\n\t\t\t\t\t\t<div class=\"elementor-element elementor-element-2a0d8f9 elementor-widget elementor-widget-image\" data-id=\"2a0d8f9\" data-element_type=\"widget\" data-widget_type=\"image.default\">\n\t\t\t\t<div class=\"elementor-widget-container\">\n\t\t\t\t\t\t\t\t\t\t\t\t\t\t\t<img fetchpriority=\"high\" decoding=\"async\" width=\"696\" height=\"466\" src=\"https:\/\/pc.sc.gov.br\/\/wp-content\/uploads\/2023\/10\/00567-1-e1698350598958-1024x685.jpeg\" class=\"attachment-large size-large wp-image-14673\" alt=\"\" srcset=\"https:\/\/pc.sc.gov.br\/\/wp-content\/uploads\/2023\/10\/00567-1-e1698350598958-1024x685.jpeg 1024w, https:\/\/pc.sc.gov.br\/\/wp-content\/uploads\/2023\/10\/00567-1-e1698350598958-300x201.jpeg 300w, https:\/\/pc.sc.gov.br\/\/wp-content\/uploads\/2023\/10\/00567-1-e1698350598958-768x514.jpeg 768w, https:\/\/pc.sc.gov.br\/\/wp-content\/uploads\/2023\/10\/00567-1-e1698350598958.jpeg 1282w\" sizes=\"(max-width: 696px) 100vw, 696px\" \/>\t\t\t\t\t\t\t\t\t\t\t\t\t\t\t<\/div>\n\t\t\t\t<\/div>\n\t\t\t\t\t<\/div>\n\t\t<\/div>\n\t\t\t\t\t<\/div>\n\t\t<\/section>\n\t\t\t\t<section class=\"elementor-section elementor-top-section elementor-element elementor-element-e54ef88 elementor-section-boxed elementor-section-height-default elementor-section-height-default\" data-id=\"e54ef88\" data-element_type=\"section\">\n\t\t\t\t\t\t<div class=\"elementor-container elementor-column-gap-default\">\n\t\t\t\t\t<div class=\"elementor-column elementor-col-100 elementor-top-column elementor-element elementor-element-c53da7c\" data-id=\"c53da7c\" data-element_type=\"column\">\n\t\t\t<div class=\"elementor-widget-wrap elementor-element-populated\">\n\t\t\t\t\t\t<div class=\"elementor-element elementor-element-dc212f1 elementor-widget elementor-widget-text-editor\" data-id=\"dc212f1\" data-element_type=\"widget\" data-widget_type=\"text-editor.default\">\n\t\t\t\t<div class=\"elementor-widget-container\">\n\t\t\t\t\t\t\t\t\t<p>J\u00e1 est\u00e3o abertas as inscri\u00e7\u00f5es para os cursos do Bolsa-Forma\u00e7\u00e3o, do projeto do Programa Nacional de Seguran\u00e7a P\u00fablica com Cidadania (Pronasci 2), e policais civis podem participar. A iniciativa \u00e9 do Minist\u00e9rio da Justi\u00e7a e Seguran\u00e7a P\u00fablica (MJSP) e visa \u00e0 qualifica\u00e7\u00e3o profissional dos integrantes dos \u00f3rg\u00e3os de Seguran\u00e7a P\u00fablica, por meio do pagamento de bolsas, no valor de R$ 900,00. Os interessados poder\u00e3o se registrar at\u00e9 este s\u00e1bado (28).<br>O governador de Santa Catarina Jorginho Mello se manifestou pela ades\u00e3o do Estado ao Pronasci 2 e ao Bolsa-Forma\u00e7\u00e3o e SC encaminhou a documenta\u00e7\u00e3o ao MJSP. De acordo com a coordenadora do Pronasci, Tamires Sampaio, o Bolsa-Forma\u00e7\u00e3o visa ao incentivo da capacita\u00e7\u00e3o dos agentes de seguran\u00e7a em cursos com base nos eixos priorit\u00e1rios do Pronasci 2. <br>&#8220;O fortalecimento de uma pol\u00edtica nacional de seguran\u00e7a com cidadania passa pela articula\u00e7\u00e3o entre os entes federativos atrav\u00e9s das doa\u00e7\u00f5es dos equipamentos e viaturas, dos programas de preven\u00e7\u00e3o e da forma\u00e7\u00e3o e capacita\u00e7\u00e3o para os agentes de seguran\u00e7a\u201d, destacou a coordenadora.<br><br><b>Inscri\u00e7\u00f5es<\/b><br>Os candidatos aos cursos dever\u00e3o acessar a p\u00e1gina do Sistema Nacional de Informa\u00e7\u00f5es da Seguran\u00e7a P\u00fablica (Sinesp) e efetuarem o login. Em seguida, clicar na aba destinada ao Sistema Nacional do Bolsa-Forma\u00e7\u00e3o (Sisfor).&nbsp;Ap\u00f3s, ser\u00e1 preciso preencher os dados solicitados na guia espec\u00edfica do Sisfor e enviar os documentos exigidos para sele\u00e7\u00e3o, al\u00e9m de ordenar os cursos de sua prefer\u00eancia.<br><\/p>\n<p><span style=\"letter-spacing: -0.2px;\">Para mais informa\u00e7\u00f5es acesse o link:&nbsp;<\/span><a href=\"https:\/\/www.gov.br\/mj\/pt-br\/assuntos\/noticias\/inscricoes-para-os-cursos-do-bolsa-formacao-do-pronasci-2-abrem-nesta-quinta-26\" target=\"_blank\" style=\"font-family: var( --e-global-typography-primary-font-family ), Sans-serif; font-size: var( --e-global-typography-primary-font-size ); letter-spacing: var( --e-global-typography-primary-letter-spacing ); background-color: rgb(255, 255, 255);\"><i style=\"\">https:\/\/www.gov.br\/mj\/pt-br\/assuntos\/noticias\/inscricoes-para-os-cursos-do-bolsa-formacao-do-pronasci-2-abrem-nesta-quinta-26<\/i><\/a><br><\/p>\n<p><b>Instabilidade do Sistema Sinesp<\/b><br>Em comunicado feito na tarde desta quinta-feira (26), o MJSP informou que devido ao grande n\u00famero de acessos ao link de inscri\u00e7\u00e3o para os cursos do bolsa-forma\u00e7\u00e3o do Pronasci, a Solu\u00e7\u00e3o Sinesp Seguran\u00e7a est\u00e1 apresentando instabilidade.<br>Segundo o MJSP, a equipe t\u00e9cnica respons\u00e1vel est\u00e1 trabalhando para solucionar o mais breve poss\u00edvel. A Secretaria de Estado da Seguran\u00e7a P\u00fablica (SSP-SC) de Santa Catarina acompanha a situa\u00e7\u00e3o junto ao MJSP.<br><br><i>Com informa\u00e7\u00f5es e imagem da Assessoria de Comunica\u00e7\u00e3o da SSP\/SC.<\/i><\/p>\t\t\t\t\t\t\t\t<\/div>\n\t\t\t\t<\/div>\n\t\t\t\t\t<\/div>\n\t\t<\/div>\n\t\t\t\t\t<\/div>\n\t\t<\/section>\n\t\t\t\t<\/div>\n\t\t","protected":false},"excerpt":{"rendered":"<p>Inscri\u00e7\u00f5es para os cursos do Bolsa-Forma\u00e7\u00e3o do Pronasci 2 est\u00e3o abertas J\u00e1 est\u00e3o abertas as inscri\u00e7\u00f5es para os cursos do Bolsa-Forma\u00e7\u00e3o, do projeto do Programa Nacional de Seguran\u00e7a P\u00fablica com Cidadania (Pronasci 2), e policais civis podem participar. A iniciativa \u00e9 do Minist\u00e9rio da Justi\u00e7a e Seguran\u00e7a P\u00fablica (MJSP) e visa \u00e0 qualifica\u00e7\u00e3o profissional dos [&hellip;]<\/p>\n","protected":false},"author":5,"featured_media":14673,"comment_status":"closed","ping_status":"open","sticky":false,"template":"","format":"standard","meta":{"_monsterinsights_skip_tracking":false,"_monsterinsights_sitenote_active":false,"_monsterinsights_sitenote_note":"","_monsterinsights_sitenote_category":0,"footnotes":""},"categories":[1],"tags":[],"class_list":["post-14672","post","type-post","status-publish","format-standard","has-post-thumbnail","hentry","category-sem-categoria"],"_links":{"self":[{"href":"https:\/\/pc.sc.gov.br\/index.php?rest_route=\/wp\/v2\/posts\/14672","targetHints":{"allow":["GET"]}}],"collection":[{"href":"https:\/\/pc.sc.gov.br\/index.php?rest_route=\/wp\/v2\/posts"}],"about":[{"href":"https:\/\/pc.sc.gov.br\/index.php?rest_route=\/wp\/v2\/types\/post"}],"author":[{"embeddable":true,"href":"https:\/\/pc.sc.gov.br\/index.php?rest_route=\/wp\/v2\/users\/5"}],"replies":[{"embeddable":true,"href":"https:\/\/pc.sc.gov.br\/index.php?rest_route=%2Fwp%2Fv2%2Fcomments&post=14672"}],"version-history":[{"count":7,"href":"https:\/\/pc.sc.gov.br\/index.php?rest_route=\/wp\/v2\/posts\/14672\/revisions"}],"predecessor-version":[{"id":14680,"href":"https:\/\/pc.sc.gov.br\/index.php?rest_route=\/wp\/v2\/posts\/14672\/revisions\/14680"}],"wp:featuredmedia":[{"embeddable":true,"href":"https:\/\/pc.sc.gov.br\/index.php?rest_route=\/wp\/v2\/media\/14673"}],"wp:attachment":[{"href":"https:\/\/pc.sc.gov.br\/index.php?rest_route=%2Fwp%2Fv2%2Fmedia&parent=14672"}],"wp:term":[{"taxonomy":"category","embeddable":true,"href":"https:\/\/pc.sc.gov.br\/index.php?rest_route=%2Fwp%2Fv2%2Fcategories&post=14672"},{"taxonomy":"post_tag","embeddable":true,"href":"https:\/\/pc.sc.gov.br\/index.php?rest_route=%2Fwp%2Fv2%2Ftags&post=14672"}],"curies":[{"name":"wp","href":"https:\/\/api.w.org\/{rel}","templated":true}]}}