{"id":14684,"date":"2023-10-27T14:19:04","date_gmt":"2023-10-27T17:19:04","guid":{"rendered":"https:\/\/pc.sc.gov.br\/?p=14684"},"modified":"2023-10-27T14:46:53","modified_gmt":"2023-10-27T17:46:53","slug":"operacao-conjunta-da-pcsc-pmsc-e-gmf-fiscaliza-motoristas-de-aplicativo-no-aeroporto-internacional-hercilio-luz-em-florianopolis","status":"publish","type":"post","link":"https:\/\/pc.sc.gov.br\/?p=14684","title":{"rendered":"Opera\u00e7\u00e3o conjunta da PCSC, PMSC e GMF fiscaliza motoristas de aplicativo no Aeroporto Internacional Herc\u00edlio Luz, em Florian\u00f3polis"},"content":{"rendered":"\t\t<div data-elementor-type=\"wp-post\" data-elementor-id=\"14684\" class=\"elementor elementor-14684\" data-elementor-post-type=\"post\">\n\t\t\t\t\t\t<section class=\"elementor-section elementor-top-section elementor-element elementor-element-727d503 elementor-section-boxed elementor-section-height-default elementor-section-height-default\" data-id=\"727d503\" data-element_type=\"section\">\n\t\t\t\t\t\t<div class=\"elementor-container elementor-column-gap-default\">\n\t\t\t\t\t<div class=\"elementor-column elementor-col-100 elementor-top-column elementor-element elementor-element-c5cf7db\" data-id=\"c5cf7db\" data-element_type=\"column\">\n\t\t\t<div class=\"elementor-widget-wrap elementor-element-populated\">\n\t\t\t\t\t\t<div class=\"elementor-element elementor-element-900a33b elementor-widget elementor-widget-heading\" data-id=\"900a33b\" data-element_type=\"widget\" data-widget_type=\"heading.default\">\n\t\t\t\t<div class=\"elementor-widget-container\">\n\t\t\t\t\t<h2 class=\"elementor-heading-title elementor-size-default\">Opera\u00e7\u00e3o conjunta entre PCSC, PM e GMF fiscaliza motoristas de aplicativo no Aeroporto Internacional Herc\u00edlio Luz, em Florian\u00f3polis<\/h2>\t\t\t\t<\/div>\n\t\t\t\t<\/div>\n\t\t\t\t\t<\/div>\n\t\t<\/div>\n\t\t\t\t\t<\/div>\n\t\t<\/section>\n\t\t\t\t<section class=\"elementor-section elementor-top-section elementor-element elementor-element-627ba0c elementor-section-boxed elementor-section-height-default elementor-section-height-default\" data-id=\"627ba0c\" data-element_type=\"section\">\n\t\t\t\t\t\t<div class=\"elementor-container elementor-column-gap-default\">\n\t\t\t\t\t<div class=\"elementor-column elementor-col-100 elementor-top-column elementor-element elementor-element-10c17e9\" data-id=\"10c17e9\" data-element_type=\"column\">\n\t\t\t<div class=\"elementor-widget-wrap elementor-element-populated\">\n\t\t\t\t\t\t<div class=\"elementor-element elementor-element-4c288f4 elementor-widget elementor-widget-image\" data-id=\"4c288f4\" data-element_type=\"widget\" data-widget_type=\"image.default\">\n\t\t\t\t<div class=\"elementor-widget-container\">\n\t\t\t\t\t\t\t\t\t\t\t\t\t\t\t<img fetchpriority=\"high\" decoding=\"async\" width=\"696\" height=\"464\" src=\"https:\/\/pc.sc.gov.br\/\/wp-content\/uploads\/2023\/10\/PCSC-VTR-1024x683.jpg\" class=\"attachment-large size-large wp-image-14700\" alt=\"\" srcset=\"https:\/\/pc.sc.gov.br\/\/wp-content\/uploads\/2023\/10\/PCSC-VTR-1024x683.jpg 1024w, https:\/\/pc.sc.gov.br\/\/wp-content\/uploads\/2023\/10\/PCSC-VTR-300x200.jpg 300w, https:\/\/pc.sc.gov.br\/\/wp-content\/uploads\/2023\/10\/PCSC-VTR-768x512.jpg 768w, https:\/\/pc.sc.gov.br\/\/wp-content\/uploads\/2023\/10\/PCSC-VTR-1536x1024.jpg 1536w, https:\/\/pc.sc.gov.br\/\/wp-content\/uploads\/2023\/10\/PCSC-VTR-2048x1365.jpg 2048w\" sizes=\"(max-width: 696px) 100vw, 696px\" \/>\t\t\t\t\t\t\t\t\t\t\t\t\t\t\t<\/div>\n\t\t\t\t<\/div>\n\t\t\t\t\t<\/div>\n\t\t<\/div>\n\t\t\t\t\t<\/div>\n\t\t<\/section>\n\t\t\t\t<section class=\"elementor-section elementor-top-section elementor-element elementor-element-3ea7a52 elementor-section-boxed elementor-section-height-default elementor-section-height-default\" data-id=\"3ea7a52\" data-element_type=\"section\">\n\t\t\t\t\t\t<div class=\"elementor-container elementor-column-gap-default\">\n\t\t\t\t\t<div class=\"elementor-column elementor-col-100 elementor-top-column elementor-element elementor-element-01f5525\" data-id=\"01f5525\" data-element_type=\"column\">\n\t\t\t<div class=\"elementor-widget-wrap elementor-element-populated\">\n\t\t\t\t\t\t<div class=\"elementor-element elementor-element-7a074c4 elementor-widget elementor-widget-text-editor\" data-id=\"7a074c4\" data-element_type=\"widget\" data-widget_type=\"text-editor.default\">\n\t\t\t\t<div class=\"elementor-widget-container\">\n\t\t\t\t\t\t\t\t\t<p>Uma opera\u00e7\u00e3o conjunta entre Pol\u00edcia Civil, Pol\u00edcia Militar e Guarda Municipal, realizada na noite desta quinta-feira (26) fiscalizou motoristas de aplicativo que atuam junto ao Aeroporto Internacional Herc\u00edlio Luz, em Florian\u00f3polis. A a\u00e7\u00e3o visa ao combate de transporte irregular de passageiros.<\/p><p>A a\u00e7\u00e3o resultou na fiscaliza\u00e7\u00e3o de 150 motoristas de aplicativo; seis ve\u00edculos removidos; sete autua\u00e7\u00f5es de tr\u00e2nsito e um procedimento policial instaurado por crime de induzimento de consumidor a erro e porte de arma branca.<\/p><p>Tais a\u00e7\u00f5es de fiscaliza\u00e7\u00e3o se somam \u00e0s investiga\u00e7\u00f5es conduzidas pela Delegacia de Prote\u00e7\u00e3o ao Turista (DPTUR\/PCSC), que j\u00e1 indiciou 11 motoristas por crimes como associa\u00e7\u00e3o criminosa, furto qualificado, estelionato e induzimento de consumidor a erro por via de indica\u00e7\u00e3o ou afirma\u00e7\u00e3o falsa ou enganosa.<\/p>\t\t\t\t\t\t\t\t<\/div>\n\t\t\t\t<\/div>\n\t\t\t\t\t<\/div>\n\t\t<\/div>\n\t\t\t\t\t<\/div>\n\t\t<\/section>\n\t\t\t\t<\/div>\n\t\t","protected":false},"excerpt":{"rendered":"<p>Opera\u00e7\u00e3o conjunta entre PCSC, PM e GMF fiscaliza motoristas de aplicativo no Aeroporto Internacional Herc\u00edlio Luz, em Florian\u00f3polis Uma opera\u00e7\u00e3o conjunta entre Pol\u00edcia Civil, Pol\u00edcia Militar e Guarda Municipal, realizada na noite desta quinta-feira (26) fiscalizou motoristas de aplicativo que atuam junto ao Aeroporto Internacional Herc\u00edlio Luz, em Florian\u00f3polis. A a\u00e7\u00e3o visa ao combate de [&hellip;]<\/p>\n","protected":false},"author":5,"featured_media":14707,"comment_status":"closed","ping_status":"open","sticky":false,"template":"","format":"standard","meta":{"_monsterinsights_skip_tracking":false,"_monsterinsights_sitenote_active":false,"_monsterinsights_sitenote_note":"","_monsterinsights_sitenote_category":0,"footnotes":""},"categories":[1],"tags":[],"class_list":["post-14684","post","type-post","status-publish","format-standard","has-post-thumbnail","hentry","category-sem-categoria"],"_links":{"self":[{"href":"https:\/\/pc.sc.gov.br\/index.php?rest_route=\/wp\/v2\/posts\/14684","targetHints":{"allow":["GET"]}}],"collection":[{"href":"https:\/\/pc.sc.gov.br\/index.php?rest_route=\/wp\/v2\/posts"}],"about":[{"href":"https:\/\/pc.sc.gov.br\/index.php?rest_route=\/wp\/v2\/types\/post"}],"author":[{"embeddable":true,"href":"https:\/\/pc.sc.gov.br\/index.php?rest_route=\/wp\/v2\/users\/5"}],"replies":[{"embeddable":true,"href":"https:\/\/pc.sc.gov.br\/index.php?rest_route=%2Fwp%2Fv2%2Fcomments&post=14684"}],"version-history":[{"count":4,"href":"https:\/\/pc.sc.gov.br\/index.php?rest_route=\/wp\/v2\/posts\/14684\/revisions"}],"predecessor-version":[{"id":14708,"href":"https:\/\/pc.sc.gov.br\/index.php?rest_route=\/wp\/v2\/posts\/14684\/revisions\/14708"}],"wp:featuredmedia":[{"embeddable":true,"href":"https:\/\/pc.sc.gov.br\/index.php?rest_route=\/wp\/v2\/media\/14707"}],"wp:attachment":[{"href":"https:\/\/pc.sc.gov.br\/index.php?rest_route=%2Fwp%2Fv2%2Fmedia&parent=14684"}],"wp:term":[{"taxonomy":"category","embeddable":true,"href":"https:\/\/pc.sc.gov.br\/index.php?rest_route=%2Fwp%2Fv2%2Fcategories&post=14684"},{"taxonomy":"post_tag","embeddable":true,"href":"https:\/\/pc.sc.gov.br\/index.php?rest_route=%2Fwp%2Fv2%2Ftags&post=14684"}],"curies":[{"name":"wp","href":"https:\/\/api.w.org\/{rel}","templated":true}]}}