{"id":14709,"date":"2023-10-27T15:02:51","date_gmt":"2023-10-27T18:02:51","guid":{"rendered":"https:\/\/pc.sc.gov.br\/?p=14709"},"modified":"2023-10-27T15:03:38","modified_gmt":"2023-10-27T18:03:38","slug":"policia-civil-cumpre-mandado-de-busca-e-apreensao-contra-investigado-por-roubos-e-receptacao-de-cargas-em-itajai","status":"publish","type":"post","link":"https:\/\/pc.sc.gov.br\/?p=14709","title":{"rendered":"Pol\u00edcia Civil cumpre mandado de busca e apreens\u00e3o contra investigado por roubos e recepta\u00e7\u00e3o de cargas em Itaja\u00ed"},"content":{"rendered":"\t\t<div data-elementor-type=\"wp-post\" data-elementor-id=\"14709\" class=\"elementor elementor-14709\" data-elementor-post-type=\"post\">\n\t\t\t\t\t\t<section class=\"elementor-section elementor-top-section elementor-element elementor-element-7dc98f6 elementor-section-boxed elementor-section-height-default elementor-section-height-default\" data-id=\"7dc98f6\" data-element_type=\"section\">\n\t\t\t\t\t\t<div class=\"elementor-container elementor-column-gap-default\">\n\t\t\t\t\t<div class=\"elementor-column elementor-col-100 elementor-top-column elementor-element elementor-element-dcb0f29\" data-id=\"dcb0f29\" data-element_type=\"column\">\n\t\t\t<div class=\"elementor-widget-wrap elementor-element-populated\">\n\t\t\t\t\t\t<div class=\"elementor-element elementor-element-231d042 elementor-widget elementor-widget-heading\" data-id=\"231d042\" data-element_type=\"widget\" data-widget_type=\"heading.default\">\n\t\t\t\t<div class=\"elementor-widget-container\">\n\t\t\t\t\t<h2 class=\"elementor-heading-title elementor-size-default\">Pol\u00edcia Civil cumpre mandado de busca e apreens\u00e3o contra investigado por roubos e recepta\u00e7\u00e3o de cargas em Itaja\u00ed <\/h2>\t\t\t\t<\/div>\n\t\t\t\t<\/div>\n\t\t\t\t\t<\/div>\n\t\t<\/div>\n\t\t\t\t\t<\/div>\n\t\t<\/section>\n\t\t\t\t<section class=\"elementor-section elementor-top-section elementor-element elementor-element-9d1b8bb elementor-section-boxed elementor-section-height-default elementor-section-height-default\" data-id=\"9d1b8bb\" data-element_type=\"section\">\n\t\t\t\t\t\t<div class=\"elementor-container elementor-column-gap-default\">\n\t\t\t\t\t<div class=\"elementor-column elementor-col-100 elementor-top-column elementor-element elementor-element-cd8c926\" data-id=\"cd8c926\" data-element_type=\"column\">\n\t\t\t<div class=\"elementor-widget-wrap elementor-element-populated\">\n\t\t\t\t\t\t<div class=\"elementor-element elementor-element-4f3ed84 elementor-widget elementor-widget-image\" data-id=\"4f3ed84\" data-element_type=\"widget\" data-widget_type=\"image.default\">\n\t\t\t\t<div class=\"elementor-widget-container\">\n\t\t\t\t\t\t\t\t\t\t\t\t\t\t\t<img fetchpriority=\"high\" decoding=\"async\" width=\"696\" height=\"723\" src=\"https:\/\/pc.sc.gov.br\/\/wp-content\/uploads\/2023\/10\/WhatsApp-Image-2023-10-27-at-12.55.59-986x1024.jpeg\" class=\"attachment-large size-large wp-image-14710\" alt=\"\" srcset=\"https:\/\/pc.sc.gov.br\/\/wp-content\/uploads\/2023\/10\/WhatsApp-Image-2023-10-27-at-12.55.59-986x1024.jpeg 986w, https:\/\/pc.sc.gov.br\/\/wp-content\/uploads\/2023\/10\/WhatsApp-Image-2023-10-27-at-12.55.59-289x300.jpeg 289w, https:\/\/pc.sc.gov.br\/\/wp-content\/uploads\/2023\/10\/WhatsApp-Image-2023-10-27-at-12.55.59-768x798.jpeg 768w, https:\/\/pc.sc.gov.br\/\/wp-content\/uploads\/2023\/10\/WhatsApp-Image-2023-10-27-at-12.55.59.jpeg 1232w\" sizes=\"(max-width: 696px) 100vw, 696px\" \/>\t\t\t\t\t\t\t\t\t\t\t\t\t\t\t<\/div>\n\t\t\t\t<\/div>\n\t\t\t\t\t<\/div>\n\t\t<\/div>\n\t\t\t\t\t<\/div>\n\t\t<\/section>\n\t\t\t\t<section class=\"elementor-section elementor-top-section elementor-element elementor-element-92a143c elementor-section-boxed elementor-section-height-default elementor-section-height-default\" data-id=\"92a143c\" data-element_type=\"section\">\n\t\t\t\t\t\t<div class=\"elementor-container elementor-column-gap-default\">\n\t\t\t\t\t<div class=\"elementor-column elementor-col-100 elementor-top-column elementor-element elementor-element-d90908c\" data-id=\"d90908c\" data-element_type=\"column\">\n\t\t\t<div class=\"elementor-widget-wrap elementor-element-populated\">\n\t\t\t\t\t\t<div class=\"elementor-element elementor-element-0f109b7 elementor-widget elementor-widget-text-editor\" data-id=\"0f109b7\" data-element_type=\"widget\" data-widget_type=\"text-editor.default\">\n\t\t\t\t<div class=\"elementor-widget-container\">\n\t\t\t\t\t\t\t\t\t<p>Nesta sexta-feira (27), a Pol\u00edcia Civil de Santa Catarina, por meio da Delegacia de Furtos e Roubos de Cargas da Diretoria Estadual de Investiga\u00e7\u00f5es Criminais, cumpriu mandado de busca e apreens\u00e3o em resid\u00eancia e mercado de um investigado pelos crimes de roubos e recepta\u00e7\u00e3o de cargas. A a\u00e7\u00e3o ocorreu em Itaja\u00ed e faz parte de investiga\u00e7\u00e3o que desarticulou grupo criminoso respons\u00e1vel por roubos e recepta\u00e7\u00e3o de cargas. <br \/>Foram apreendidas cinco armas de fogo, carregadores e muni\u00e7\u00f5es, um rev\u00f3lver calibre .357 Magnum, uma pistola calibre .380 ACP, uma pistola calibre 9&#215;19 mm, um rifle calibre .22 e uma carabina CTT 40 calibre .40. As armas foram apreendidas na posse de comerciante que, de acordo com investiga\u00e7\u00e3o realizada pela DFRC\/DEIC, integrava n\u00facleo de recepta\u00e7\u00e3o de cargas aliment\u00edcias roubadas.<br \/>Den\u00fancias e informa\u00e7\u00f5es relacionadas a Roubo de Cargas podem ser encaminhadas para o e-mail _deic-dfrc@pc.sc.gov.br ou pelo whatsapp (48) 99161-8446. O anonimato \u00e9 garantido.<\/p><p>\u00a0<\/p>\t\t\t\t\t\t\t\t<\/div>\n\t\t\t\t<\/div>\n\t\t\t\t\t<\/div>\n\t\t<\/div>\n\t\t\t\t\t<\/div>\n\t\t<\/section>\n\t\t\t\t<\/div>\n\t\t","protected":false},"excerpt":{"rendered":"<p>Pol\u00edcia Civil cumpre mandado de busca e apreens\u00e3o contra investigado por roubos e recepta\u00e7\u00e3o de cargas em Itaja\u00ed Nesta sexta-feira (27), a Pol\u00edcia Civil de Santa Catarina, por meio da Delegacia de Furtos e Roubos de Cargas da Diretoria Estadual de Investiga\u00e7\u00f5es Criminais, cumpriu mandado de busca e apreens\u00e3o em resid\u00eancia e mercado de um [&hellip;]<\/p>\n","protected":false},"author":5,"featured_media":14710,"comment_status":"closed","ping_status":"open","sticky":false,"template":"","format":"standard","meta":{"_monsterinsights_skip_tracking":false,"_monsterinsights_sitenote_active":false,"_monsterinsights_sitenote_note":"","_monsterinsights_sitenote_category":0,"footnotes":""},"categories":[1],"tags":[],"class_list":["post-14709","post","type-post","status-publish","format-standard","has-post-thumbnail","hentry","category-sem-categoria"],"_links":{"self":[{"href":"https:\/\/pc.sc.gov.br\/index.php?rest_route=\/wp\/v2\/posts\/14709","targetHints":{"allow":["GET"]}}],"collection":[{"href":"https:\/\/pc.sc.gov.br\/index.php?rest_route=\/wp\/v2\/posts"}],"about":[{"href":"https:\/\/pc.sc.gov.br\/index.php?rest_route=\/wp\/v2\/types\/post"}],"author":[{"embeddable":true,"href":"https:\/\/pc.sc.gov.br\/index.php?rest_route=\/wp\/v2\/users\/5"}],"replies":[{"embeddable":true,"href":"https:\/\/pc.sc.gov.br\/index.php?rest_route=%2Fwp%2Fv2%2Fcomments&post=14709"}],"version-history":[{"count":4,"href":"https:\/\/pc.sc.gov.br\/index.php?rest_route=\/wp\/v2\/posts\/14709\/revisions"}],"predecessor-version":[{"id":14714,"href":"https:\/\/pc.sc.gov.br\/index.php?rest_route=\/wp\/v2\/posts\/14709\/revisions\/14714"}],"wp:featuredmedia":[{"embeddable":true,"href":"https:\/\/pc.sc.gov.br\/index.php?rest_route=\/wp\/v2\/media\/14710"}],"wp:attachment":[{"href":"https:\/\/pc.sc.gov.br\/index.php?rest_route=%2Fwp%2Fv2%2Fmedia&parent=14709"}],"wp:term":[{"taxonomy":"category","embeddable":true,"href":"https:\/\/pc.sc.gov.br\/index.php?rest_route=%2Fwp%2Fv2%2Fcategories&post=14709"},{"taxonomy":"post_tag","embeddable":true,"href":"https:\/\/pc.sc.gov.br\/index.php?rest_route=%2Fwp%2Fv2%2Ftags&post=14709"}],"curies":[{"name":"wp","href":"https:\/\/api.w.org\/{rel}","templated":true}]}}