{"id":14723,"date":"2023-10-27T15:51:06","date_gmt":"2023-10-27T18:51:06","guid":{"rendered":"https:\/\/pc.sc.gov.br\/?p=14723"},"modified":"2023-10-27T15:55:09","modified_gmt":"2023-10-27T18:55:09","slug":"em-ascurra-policia-civil-prende-mulher-investiga-por-trafico-e-associacao-criminosa-na-bahia","status":"publish","type":"post","link":"https:\/\/pc.sc.gov.br\/?p=14723","title":{"rendered":"Em Ascurra, Pol\u00edcia Civil prende mulher investiga por tr\u00e1fico e associa\u00e7\u00e3o criminosa na Bahia"},"content":{"rendered":"\t\t<div data-elementor-type=\"wp-post\" data-elementor-id=\"14723\" class=\"elementor elementor-14723\" data-elementor-post-type=\"post\">\n\t\t\t\t\t\t<section class=\"elementor-section elementor-top-section elementor-element elementor-element-859a7db elementor-section-boxed elementor-section-height-default elementor-section-height-default\" data-id=\"859a7db\" data-element_type=\"section\">\n\t\t\t\t\t\t<div class=\"elementor-container elementor-column-gap-default\">\n\t\t\t\t\t<div class=\"elementor-column elementor-col-100 elementor-top-column elementor-element elementor-element-15d6b1f\" data-id=\"15d6b1f\" data-element_type=\"column\">\n\t\t\t<div class=\"elementor-widget-wrap elementor-element-populated\">\n\t\t\t\t\t\t<div class=\"elementor-element elementor-element-09a5e17 elementor-widget elementor-widget-heading\" data-id=\"09a5e17\" data-element_type=\"widget\" data-widget_type=\"heading.default\">\n\t\t\t\t<div class=\"elementor-widget-container\">\n\t\t\t\t\t<h2 class=\"elementor-heading-title elementor-size-default\">Em Ascurra, Pol\u00edcia Civil prende mulher investigada por tr\u00e1fico e associa\u00e7\u00e3o criminosa na Bahia<\/h2>\t\t\t\t<\/div>\n\t\t\t\t<\/div>\n\t\t\t\t\t<\/div>\n\t\t<\/div>\n\t\t\t\t\t<\/div>\n\t\t<\/section>\n\t\t\t\t<section class=\"elementor-section elementor-top-section elementor-element elementor-element-fc026ad elementor-section-boxed elementor-section-height-default elementor-section-height-default\" data-id=\"fc026ad\" data-element_type=\"section\">\n\t\t\t\t\t\t<div class=\"elementor-container elementor-column-gap-default\">\n\t\t\t\t\t<div class=\"elementor-column elementor-col-100 elementor-top-column elementor-element elementor-element-c50fcd4\" data-id=\"c50fcd4\" data-element_type=\"column\">\n\t\t\t<div class=\"elementor-widget-wrap elementor-element-populated\">\n\t\t\t\t\t\t<div class=\"elementor-element elementor-element-770f6cd elementor-widget elementor-widget-image\" data-id=\"770f6cd\" data-element_type=\"widget\" data-widget_type=\"image.default\">\n\t\t\t\t<div class=\"elementor-widget-container\">\n\t\t\t\t\t\t\t\t\t\t\t\t\t\t\t<img fetchpriority=\"high\" decoding=\"async\" width=\"696\" height=\"479\" src=\"https:\/\/pc.sc.gov.br\/\/wp-content\/uploads\/2023\/09\/dic-joinville-1.jpg\" class=\"attachment-large size-large wp-image-13840\" alt=\"\" srcset=\"https:\/\/pc.sc.gov.br\/\/wp-content\/uploads\/2023\/09\/dic-joinville-1.jpg 768w, https:\/\/pc.sc.gov.br\/\/wp-content\/uploads\/2023\/09\/dic-joinville-1-300x207.jpg 300w\" sizes=\"(max-width: 696px) 100vw, 696px\" \/>\t\t\t\t\t\t\t\t\t\t\t\t\t\t\t<\/div>\n\t\t\t\t<\/div>\n\t\t\t\t\t<\/div>\n\t\t<\/div>\n\t\t\t\t\t<\/div>\n\t\t<\/section>\n\t\t\t\t<section class=\"elementor-section elementor-top-section elementor-element elementor-element-ef9a63c elementor-section-boxed elementor-section-height-default elementor-section-height-default\" data-id=\"ef9a63c\" data-element_type=\"section\">\n\t\t\t\t\t\t<div class=\"elementor-container elementor-column-gap-default\">\n\t\t\t\t\t<div class=\"elementor-column elementor-col-100 elementor-top-column elementor-element elementor-element-b1d8b4a\" data-id=\"b1d8b4a\" data-element_type=\"column\">\n\t\t\t<div class=\"elementor-widget-wrap elementor-element-populated\">\n\t\t\t\t\t\t<div class=\"elementor-element elementor-element-fd4b4fb elementor-widget elementor-widget-text-editor\" data-id=\"fd4b4fb\" data-element_type=\"widget\" data-widget_type=\"text-editor.default\">\n\t\t\t\t<div class=\"elementor-widget-container\">\n\t\t\t\t\t\t\t\t\t<p>A Pol\u00edcia Civil de Santa Catarina, por meio da Delegacia de Pol\u00edcia Civil da Comarca de Ascurra, com apoio do N\u00facleo de Intelig\u00eancia (NINT) de Blumenau, nesta sexta-feira (27) deu cumprimento a mandado de pris\u00e3o tempor\u00e1ria, expedido em desfavor de uma mulher, moradora da cidade de Ascurra, investigada na Comarca de Itabuna (BA).<\/p>\n<p>A conduzida \u00e9 investigada pelos crimes de tr\u00e1fico de drogas, associa\u00e7\u00e3o para o tr\u00e1fico e tamb\u00e9m por organiza\u00e7\u00e3o criminosa, crimes previstos na Lei n.\u00ba 11.343 de 2006 e Lei n.\u00ba 12.850 de 2013, respectivamente. O mandado de pris\u00e3o tempor\u00e1ria possui prazo inicial de 30 dias.<\/p>\n<p>O mandado de pris\u00e3o restou cumprido no bairro Esta\u00e7\u00e3o, ap\u00f3s a realiza\u00e7\u00e3o de dilig\u00eancias por policiais lotados no Setor de Investiga\u00e7\u00f5es Criminais (SIC) da Delegacia de Pol\u00edcia Civil de Ascurra.<\/p>\n<p>Ap\u00f3s a pris\u00e3o, a investigada foi encaminhada ao sistema penitenci\u00e1rio catarinense e aguardar\u00e1 a realiza\u00e7\u00e3o da respectiva audi\u00eancia de cust\u00f3dia, permanecendo \u00e0 disposi\u00e7\u00e3o do Poder Judici\u00e1rio da Comarca de Itabuna (BA).<span style=\"color: var( --e-global-color-text ); font-family: var( --e-global-typography-primary-font-family ), Sans-serif; font-size: var( --e-global-typography-primary-font-size ); font-weight: var( --e-global-typography-primary-font-weight ); letter-spacing: var( --e-global-typography-primary-letter-spacing );\">&nbsp;<\/span><\/p>\t\t\t\t\t\t\t\t<\/div>\n\t\t\t\t<\/div>\n\t\t\t\t\t<\/div>\n\t\t<\/div>\n\t\t\t\t\t<\/div>\n\t\t<\/section>\n\t\t\t\t<\/div>\n\t\t","protected":false},"excerpt":{"rendered":"<p>Em Ascurra, Pol\u00edcia Civil prende mulher investigada por tr\u00e1fico e associa\u00e7\u00e3o criminosa na Bahia A Pol\u00edcia Civil de Santa Catarina, por meio da Delegacia de Pol\u00edcia Civil da Comarca de Ascurra, com apoio do N\u00facleo de Intelig\u00eancia (NINT) de Blumenau, nesta sexta-feira (27) deu cumprimento a mandado de pris\u00e3o tempor\u00e1ria, expedido em desfavor de uma [&hellip;]<\/p>\n","protected":false},"author":5,"featured_media":13024,"comment_status":"closed","ping_status":"open","sticky":false,"template":"","format":"standard","meta":{"_monsterinsights_skip_tracking":false,"_monsterinsights_sitenote_active":false,"_monsterinsights_sitenote_note":"","_monsterinsights_sitenote_category":0,"footnotes":""},"categories":[1],"tags":[],"class_list":["post-14723","post","type-post","status-publish","format-standard","has-post-thumbnail","hentry","category-sem-categoria"],"_links":{"self":[{"href":"https:\/\/pc.sc.gov.br\/index.php?rest_route=\/wp\/v2\/posts\/14723","targetHints":{"allow":["GET"]}}],"collection":[{"href":"https:\/\/pc.sc.gov.br\/index.php?rest_route=\/wp\/v2\/posts"}],"about":[{"href":"https:\/\/pc.sc.gov.br\/index.php?rest_route=\/wp\/v2\/types\/post"}],"author":[{"embeddable":true,"href":"https:\/\/pc.sc.gov.br\/index.php?rest_route=\/wp\/v2\/users\/5"}],"replies":[{"embeddable":true,"href":"https:\/\/pc.sc.gov.br\/index.php?rest_route=%2Fwp%2Fv2%2Fcomments&post=14723"}],"version-history":[{"count":4,"href":"https:\/\/pc.sc.gov.br\/index.php?rest_route=\/wp\/v2\/posts\/14723\/revisions"}],"predecessor-version":[{"id":14728,"href":"https:\/\/pc.sc.gov.br\/index.php?rest_route=\/wp\/v2\/posts\/14723\/revisions\/14728"}],"wp:featuredmedia":[{"embeddable":true,"href":"https:\/\/pc.sc.gov.br\/index.php?rest_route=\/wp\/v2\/media\/13024"}],"wp:attachment":[{"href":"https:\/\/pc.sc.gov.br\/index.php?rest_route=%2Fwp%2Fv2%2Fmedia&parent=14723"}],"wp:term":[{"taxonomy":"category","embeddable":true,"href":"https:\/\/pc.sc.gov.br\/index.php?rest_route=%2Fwp%2Fv2%2Fcategories&post=14723"},{"taxonomy":"post_tag","embeddable":true,"href":"https:\/\/pc.sc.gov.br\/index.php?rest_route=%2Fwp%2Fv2%2Ftags&post=14723"}],"curies":[{"name":"wp","href":"https:\/\/api.w.org\/{rel}","templated":true}]}}