{"id":14811,"date":"2023-11-01T14:02:02","date_gmt":"2023-11-01T17:02:02","guid":{"rendered":"https:\/\/pc.sc.gov.br\/?p=14811"},"modified":"2023-11-01T14:03:08","modified_gmt":"2023-11-01T17:03:08","slug":"policia-civil-homenageia-servidores-com-mais-de-30-anos-de-servicos-prestados-a-instituicao","status":"publish","type":"post","link":"https:\/\/pc.sc.gov.br\/?p=14811","title":{"rendered":"Pol\u00edcia Civil homenageia servidores com mais de 30 anos de servi\u00e7os prestados \u00e0 institui\u00e7\u00e3o"},"content":{"rendered":"\t\t<div data-elementor-type=\"wp-post\" data-elementor-id=\"14811\" class=\"elementor elementor-14811\" data-elementor-post-type=\"post\">\n\t\t\t\t\t\t<section class=\"elementor-section elementor-top-section elementor-element elementor-element-ed89e75 elementor-section-boxed elementor-section-height-default elementor-section-height-default\" data-id=\"ed89e75\" data-element_type=\"section\">\n\t\t\t\t\t\t<div class=\"elementor-container elementor-column-gap-default\">\n\t\t\t\t\t<div class=\"elementor-column elementor-col-100 elementor-top-column elementor-element elementor-element-d9e0b90\" data-id=\"d9e0b90\" data-element_type=\"column\">\n\t\t\t<div class=\"elementor-widget-wrap elementor-element-populated\">\n\t\t\t\t\t\t<div class=\"elementor-element elementor-element-d38d907 elementor-widget elementor-widget-heading\" data-id=\"d38d907\" data-element_type=\"widget\" data-widget_type=\"heading.default\">\n\t\t\t\t<div class=\"elementor-widget-container\">\n\t\t\t\t\t<h2 class=\"elementor-heading-title elementor-size-default\">Pol\u00edcia Civil homenageia servidores com mais de 30 anos de servi\u00e7os prestados \u00e0 institui\u00e7\u00e3o<\/h2>\t\t\t\t<\/div>\n\t\t\t\t<\/div>\n\t\t\t\t\t<\/div>\n\t\t<\/div>\n\t\t\t\t\t<\/div>\n\t\t<\/section>\n\t\t\t\t<section class=\"elementor-section elementor-top-section elementor-element elementor-element-9acdaac elementor-section-boxed elementor-section-height-default elementor-section-height-default\" data-id=\"9acdaac\" data-element_type=\"section\">\n\t\t\t\t\t\t<div class=\"elementor-container elementor-column-gap-default\">\n\t\t\t\t\t<div class=\"elementor-column elementor-col-100 elementor-top-column elementor-element elementor-element-20c5d92\" data-id=\"20c5d92\" data-element_type=\"column\">\n\t\t\t<div class=\"elementor-widget-wrap elementor-element-populated\">\n\t\t\t\t\t\t<div class=\"elementor-element elementor-element-1f2985b elementor-widget elementor-widget-image\" data-id=\"1f2985b\" data-element_type=\"widget\" data-widget_type=\"image.default\">\n\t\t\t\t<div class=\"elementor-widget-container\">\n\t\t\t\t\t\t\t\t\t\t\t\t\t\t\t<img fetchpriority=\"high\" decoding=\"async\" width=\"696\" height=\"374\" src=\"https:\/\/pc.sc.gov.br\/\/wp-content\/uploads\/2023\/10\/bf2ee943-1c66-44b3-aab0-1f4eefdfa5ba-fotor-2023103119256-1024x550.jpg\" class=\"attachment-large size-large wp-image-14801\" alt=\"\" srcset=\"https:\/\/pc.sc.gov.br\/\/wp-content\/uploads\/2023\/10\/bf2ee943-1c66-44b3-aab0-1f4eefdfa5ba-fotor-2023103119256-1024x550.jpg 1024w, https:\/\/pc.sc.gov.br\/\/wp-content\/uploads\/2023\/10\/bf2ee943-1c66-44b3-aab0-1f4eefdfa5ba-fotor-2023103119256-300x161.jpg 300w, https:\/\/pc.sc.gov.br\/\/wp-content\/uploads\/2023\/10\/bf2ee943-1c66-44b3-aab0-1f4eefdfa5ba-fotor-2023103119256-768x412.jpg 768w, https:\/\/pc.sc.gov.br\/\/wp-content\/uploads\/2023\/10\/bf2ee943-1c66-44b3-aab0-1f4eefdfa5ba-fotor-2023103119256.jpg 1520w\" sizes=\"(max-width: 696px) 100vw, 696px\" \/>\t\t\t\t\t\t\t\t\t\t\t\t\t\t\t<\/div>\n\t\t\t\t<\/div>\n\t\t\t\t\t<\/div>\n\t\t<\/div>\n\t\t\t\t\t<\/div>\n\t\t<\/section>\n\t\t\t\t<section class=\"elementor-section elementor-top-section elementor-element elementor-element-c5fc954 elementor-section-boxed elementor-section-height-default elementor-section-height-default\" data-id=\"c5fc954\" data-element_type=\"section\">\n\t\t\t\t\t\t<div class=\"elementor-container elementor-column-gap-default\">\n\t\t\t\t\t<div class=\"elementor-column elementor-col-100 elementor-top-column elementor-element elementor-element-1f11160\" data-id=\"1f11160\" data-element_type=\"column\">\n\t\t\t<div class=\"elementor-widget-wrap elementor-element-populated\">\n\t\t\t\t\t\t<div class=\"elementor-element elementor-element-20fcfa7 elementor-widget elementor-widget-text-editor\" data-id=\"20fcfa7\" data-element_type=\"widget\" data-widget_type=\"text-editor.default\">\n\t\t\t\t<div class=\"elementor-widget-container\">\n\t\t\t\t\t\t\t\t\t<p>A Pol\u00edcia Civil de Santa Catarina, por meio da Ger\u00eancia de Pessoas (GEPES), realizou nesta ter\u00e7a-feira (31) uma solenidade para homenagear agentes de pol\u00edcia, escriv\u00e3es, psic\u00f3logos policiais e delegados pela presta\u00e7\u00e3o de servi\u00e7os h\u00e1 30, 35 e 40 anos para a institui\u00e7\u00e3o.\u00a0<\/p><p>O ato ocorreu no audit\u00f3rio da Delegada L\u00facia Maria Stefanovich, localizada no Complexo Administrativo da Secretaria da Seguran\u00e7a P\u00fablica (SSP), em Florian\u00f3polis, e contou com a presen\u00e7a do delegado-geral, Ulisses Gabriel. Na solenidade, o delegado-geral destacou a import\u00e2ncia do trabalho realizado por policiais das diversas carreiras e disse que a PCSC novamente bateu recordes de produtividade. \u201cApenas neste ano prendemos 4.875 pessoas e cumprimos 6.538 mandados de busca e apreens\u00e3o\u201d, assinalou.<\/p><p>\u00a0<\/p>\t\t\t\t\t\t\t\t<\/div>\n\t\t\t\t<\/div>\n\t\t\t\t\t<\/div>\n\t\t<\/div>\n\t\t\t\t\t<\/div>\n\t\t<\/section>\n\t\t\t\t<\/div>\n\t\t","protected":false},"excerpt":{"rendered":"<p>Pol\u00edcia Civil homenageia servidores com mais de 30 anos de servi\u00e7os prestados \u00e0 institui\u00e7\u00e3o A Pol\u00edcia Civil de Santa Catarina, por meio da Ger\u00eancia de Pessoas (GEPES), realizou nesta ter\u00e7a-feira (31) uma solenidade para homenagear agentes de pol\u00edcia, escriv\u00e3es, psic\u00f3logos policiais e delegados pela presta\u00e7\u00e3o de servi\u00e7os h\u00e1 30, 35 e 40 anos para a [&hellip;]<\/p>\n","protected":false},"author":5,"featured_media":14801,"comment_status":"closed","ping_status":"open","sticky":false,"template":"","format":"standard","meta":{"_monsterinsights_skip_tracking":false,"_monsterinsights_sitenote_active":false,"_monsterinsights_sitenote_note":"","_monsterinsights_sitenote_category":0,"footnotes":""},"categories":[1],"tags":[],"class_list":["post-14811","post","type-post","status-publish","format-standard","has-post-thumbnail","hentry","category-sem-categoria"],"_links":{"self":[{"href":"https:\/\/pc.sc.gov.br\/index.php?rest_route=\/wp\/v2\/posts\/14811","targetHints":{"allow":["GET"]}}],"collection":[{"href":"https:\/\/pc.sc.gov.br\/index.php?rest_route=\/wp\/v2\/posts"}],"about":[{"href":"https:\/\/pc.sc.gov.br\/index.php?rest_route=\/wp\/v2\/types\/post"}],"author":[{"embeddable":true,"href":"https:\/\/pc.sc.gov.br\/index.php?rest_route=\/wp\/v2\/users\/5"}],"replies":[{"embeddable":true,"href":"https:\/\/pc.sc.gov.br\/index.php?rest_route=%2Fwp%2Fv2%2Fcomments&post=14811"}],"version-history":[{"count":4,"href":"https:\/\/pc.sc.gov.br\/index.php?rest_route=\/wp\/v2\/posts\/14811\/revisions"}],"predecessor-version":[{"id":14815,"href":"https:\/\/pc.sc.gov.br\/index.php?rest_route=\/wp\/v2\/posts\/14811\/revisions\/14815"}],"wp:featuredmedia":[{"embeddable":true,"href":"https:\/\/pc.sc.gov.br\/index.php?rest_route=\/wp\/v2\/media\/14801"}],"wp:attachment":[{"href":"https:\/\/pc.sc.gov.br\/index.php?rest_route=%2Fwp%2Fv2%2Fmedia&parent=14811"}],"wp:term":[{"taxonomy":"category","embeddable":true,"href":"https:\/\/pc.sc.gov.br\/index.php?rest_route=%2Fwp%2Fv2%2Fcategories&post=14811"},{"taxonomy":"post_tag","embeddable":true,"href":"https:\/\/pc.sc.gov.br\/index.php?rest_route=%2Fwp%2Fv2%2Ftags&post=14811"}],"curies":[{"name":"wp","href":"https:\/\/api.w.org\/{rel}","templated":true}]}}