{"id":14827,"date":"2023-11-01T16:57:12","date_gmt":"2023-11-01T19:57:12","guid":{"rendered":"https:\/\/pc.sc.gov.br\/?p=14827"},"modified":"2023-11-01T16:58:33","modified_gmt":"2023-11-01T19:58:33","slug":"policia-civil-cumpre-mandado-de-busca-e-apreensao-em-investigacao-sobre-furtos-de-cargas","status":"publish","type":"post","link":"https:\/\/pc.sc.gov.br\/?p=14827","title":{"rendered":"Pol\u00edcia Civil cumpre mandado de busca e apreens\u00e3o em investiga\u00e7\u00e3o sobre furtos de cargas"},"content":{"rendered":"\t\t<div data-elementor-type=\"wp-post\" data-elementor-id=\"14827\" class=\"elementor elementor-14827\" data-elementor-post-type=\"post\">\n\t\t\t\t\t\t<section class=\"elementor-section elementor-top-section elementor-element elementor-element-66198fb elementor-section-boxed elementor-section-height-default elementor-section-height-default\" data-id=\"66198fb\" data-element_type=\"section\">\n\t\t\t\t\t\t<div class=\"elementor-container elementor-column-gap-default\">\n\t\t\t\t\t<div class=\"elementor-column elementor-col-100 elementor-top-column elementor-element elementor-element-91ca251\" data-id=\"91ca251\" data-element_type=\"column\">\n\t\t\t<div class=\"elementor-widget-wrap elementor-element-populated\">\n\t\t\t\t\t\t<div class=\"elementor-element elementor-element-ce6a974 elementor-widget elementor-widget-heading\" data-id=\"ce6a974\" data-element_type=\"widget\" data-widget_type=\"heading.default\">\n\t\t\t\t<div class=\"elementor-widget-container\">\n\t\t\t\t\t<h2 class=\"elementor-heading-title elementor-size-default\">Pol\u00edcia Civil cumpre mandado de busca e apreens\u00e3o em investiga\u00e7\u00e3o sobre furtos de cargas<\/h2>\t\t\t\t<\/div>\n\t\t\t\t<\/div>\n\t\t\t\t\t<\/div>\n\t\t<\/div>\n\t\t\t\t\t<\/div>\n\t\t<\/section>\n\t\t\t\t<section class=\"elementor-section elementor-top-section elementor-element elementor-element-ff5b1d7 elementor-section-boxed elementor-section-height-default elementor-section-height-default\" data-id=\"ff5b1d7\" data-element_type=\"section\">\n\t\t\t\t\t\t<div class=\"elementor-container elementor-column-gap-default\">\n\t\t\t\t\t<div class=\"elementor-column elementor-col-100 elementor-top-column elementor-element elementor-element-aad575b\" data-id=\"aad575b\" data-element_type=\"column\">\n\t\t\t<div class=\"elementor-widget-wrap elementor-element-populated\">\n\t\t\t\t\t\t<div class=\"elementor-element elementor-element-e596990 elementor-widget elementor-widget-image\" data-id=\"e596990\" data-element_type=\"widget\" data-widget_type=\"image.default\">\n\t\t\t\t<div class=\"elementor-widget-container\">\n\t\t\t\t\t\t\t\t\t\t\t\t\t\t\t<img fetchpriority=\"high\" decoding=\"async\" width=\"696\" height=\"522\" src=\"https:\/\/pc.sc.gov.br\/\/wp-content\/uploads\/2023\/10\/CARRO-VIATUIRA-SIRENE-NOITE-POLICIA-CIVIL-PCSC-1-1024x768.jpg\" class=\"attachment-large size-large wp-image-14468\" alt=\"\" srcset=\"https:\/\/pc.sc.gov.br\/\/wp-content\/uploads\/2023\/10\/CARRO-VIATUIRA-SIRENE-NOITE-POLICIA-CIVIL-PCSC-1-1024x768.jpg 1024w, https:\/\/pc.sc.gov.br\/\/wp-content\/uploads\/2023\/10\/CARRO-VIATUIRA-SIRENE-NOITE-POLICIA-CIVIL-PCSC-1-300x225.jpg 300w, https:\/\/pc.sc.gov.br\/\/wp-content\/uploads\/2023\/10\/CARRO-VIATUIRA-SIRENE-NOITE-POLICIA-CIVIL-PCSC-1-768x576.jpg 768w, https:\/\/pc.sc.gov.br\/\/wp-content\/uploads\/2023\/10\/CARRO-VIATUIRA-SIRENE-NOITE-POLICIA-CIVIL-PCSC-1.jpg 1280w\" sizes=\"(max-width: 696px) 100vw, 696px\" \/>\t\t\t\t\t\t\t\t\t\t\t\t\t\t\t<\/div>\n\t\t\t\t<\/div>\n\t\t\t\t<div class=\"elementor-element elementor-element-f6fe1bc elementor-widget elementor-widget-text-editor\" data-id=\"f6fe1bc\" data-element_type=\"widget\" data-widget_type=\"text-editor.default\">\n\t\t\t\t<div class=\"elementor-widget-container\">\n\t\t\t\t\t\t\t\t\t<p>Nesta quarta-feira (1), a Pol\u00edcia Civil de Santa Catarina, por meio da Delegacia de Furtos e Roubos de Cargas da Diretoria Estadual de Investiga\u00e7\u00f5es Criminais (DFRC\/DEIC), cumpriu mandado de busca e apreens\u00e3o na cidade de Rio Negrinho, em Santa Catarina, e em Palmeira, no Paran\u00e1. A a\u00e7\u00e3o contou com o apoio da Delegacia de Pol\u00edcia de Palmeira, da Pol\u00edcia Civil do Paran\u00e1, e de policiais civis de Rio Negrinho. <br><br>Por meio de investiga\u00e7\u00e3o, a Pol\u00edcia Civil identificou um grupo respons\u00e1vel por diversos furtos de cargas no estado de Santa Catarina, dentre os furtos est\u00e3o de cargas de fertilizantes de couro. <br><br>A subtra\u00e7\u00e3o contava com a participa\u00e7\u00e3o dos motoristas, que registravam boletins de ocorr\u00eancia com informa\u00e7\u00f5es falsas. Foram furtadas cargas nas cidades de Araquari e Jaragu\u00e1 do Sul. Ap\u00f3s simular o roubo, as cargas eram levadas ao estado do Paran\u00e1 e ocultadas em um s\u00edtio na cidade de Palmeira. <br><br>Na manh\u00e3 desta quarta-feira, foram cumpridos mandados de busca e apreens\u00e3o nas resid\u00eancias e galp\u00f5es dos investigados. Objetos e documentos apreendidos durante a a\u00e7\u00e3o ser\u00e3o analisados pela equipe de investiga\u00e7\u00e3o da DFRC\/DEIC.<br><br>Den\u00fancias e informa\u00e7\u00f5es relacionadas a roubo de cargas podem ser encaminhadas para o e-mail _deic-dfrc@pc.sc.gov.br ou no pelo whatsapp (48) 99161-8446. O anonimato \u00e9 garantido.<br><b><br>Confira o v\u00eddeo do delegado Rodrigo Siqueira da Delegacia de Pol\u00edcia de Palmeira da PCPR (\u00e0 esquerda) e do titular da DFRC\/DEIC, delegado Osnei Valdir de Oliveira (\u00e0 direita) falando sobre a a\u00e7\u00e3o. <\/b><\/p>\t\t\t\t\t\t\t\t<\/div>\n\t\t\t\t<\/div>\n\t\t\t\t\t<\/div>\n\t\t<\/div>\n\t\t\t\t\t<\/div>\n\t\t<\/section>\n\t\t\t\t<section class=\"elementor-section elementor-top-section elementor-element elementor-element-e7d6278 elementor-section-boxed elementor-section-height-default elementor-section-height-default\" data-id=\"e7d6278\" data-element_type=\"section\">\n\t\t\t\t\t\t<div class=\"elementor-container elementor-column-gap-default\">\n\t\t\t\t\t<div class=\"elementor-column elementor-col-100 elementor-top-column elementor-element elementor-element-f64e478\" data-id=\"f64e478\" data-element_type=\"column\">\n\t\t\t<div class=\"elementor-widget-wrap elementor-element-populated\">\n\t\t\t\t\t\t<div class=\"elementor-element elementor-element-8d0d7a1 elementor-widget elementor-widget-video\" data-id=\"8d0d7a1\" data-element_type=\"widget\" data-settings=\"{&quot;video_type&quot;:&quot;hosted&quot;,&quot;controls&quot;:&quot;yes&quot;}\" data-widget_type=\"video.default\">\n\t\t\t\t<div class=\"elementor-widget-container\">\n\t\t\t\t\t\t\t<div class=\"e-hosted-video elementor-wrapper elementor-open-inline\">\n\t\t\t\t\t<video class=\"elementor-video\" src=\"https:\/\/pc.sc.gov.br\/wp-content\/uploads\/2023\/11\/10171.mp4\" controls=\"\" preload=\"metadata\" controlsList=\"nodownload\"><\/video>\n\t\t\t\t<\/div>\n\t\t\t\t\t\t<\/div>\n\t\t\t\t<\/div>\n\t\t\t\t\t<\/div>\n\t\t<\/div>\n\t\t\t\t\t<\/div>\n\t\t<\/section>\n\t\t\t\t<\/div>\n\t\t","protected":false},"excerpt":{"rendered":"<p>Pol\u00edcia Civil cumpre mandado de busca e apreens\u00e3o em investiga\u00e7\u00e3o sobre furtos de cargas Nesta quarta-feira (1), a Pol\u00edcia Civil de Santa Catarina, por meio da Delegacia de Furtos e Roubos de Cargas da Diretoria Estadual de Investiga\u00e7\u00f5es Criminais (DFRC\/DEIC), cumpriu mandado de busca e apreens\u00e3o na cidade de Rio Negrinho, em Santa Catarina, e [&hellip;]<\/p>\n","protected":false},"author":5,"featured_media":13381,"comment_status":"closed","ping_status":"open","sticky":false,"template":"","format":"standard","meta":{"_monsterinsights_skip_tracking":false,"_monsterinsights_sitenote_active":false,"_monsterinsights_sitenote_note":"","_monsterinsights_sitenote_category":0,"footnotes":""},"categories":[1],"tags":[],"class_list":["post-14827","post","type-post","status-publish","format-standard","has-post-thumbnail","hentry","category-sem-categoria"],"_links":{"self":[{"href":"https:\/\/pc.sc.gov.br\/index.php?rest_route=\/wp\/v2\/posts\/14827","targetHints":{"allow":["GET"]}}],"collection":[{"href":"https:\/\/pc.sc.gov.br\/index.php?rest_route=\/wp\/v2\/posts"}],"about":[{"href":"https:\/\/pc.sc.gov.br\/index.php?rest_route=\/wp\/v2\/types\/post"}],"author":[{"embeddable":true,"href":"https:\/\/pc.sc.gov.br\/index.php?rest_route=\/wp\/v2\/users\/5"}],"replies":[{"embeddable":true,"href":"https:\/\/pc.sc.gov.br\/index.php?rest_route=%2Fwp%2Fv2%2Fcomments&post=14827"}],"version-history":[{"count":4,"href":"https:\/\/pc.sc.gov.br\/index.php?rest_route=\/wp\/v2\/posts\/14827\/revisions"}],"predecessor-version":[{"id":14832,"href":"https:\/\/pc.sc.gov.br\/index.php?rest_route=\/wp\/v2\/posts\/14827\/revisions\/14832"}],"wp:featuredmedia":[{"embeddable":true,"href":"https:\/\/pc.sc.gov.br\/index.php?rest_route=\/wp\/v2\/media\/13381"}],"wp:attachment":[{"href":"https:\/\/pc.sc.gov.br\/index.php?rest_route=%2Fwp%2Fv2%2Fmedia&parent=14827"}],"wp:term":[{"taxonomy":"category","embeddable":true,"href":"https:\/\/pc.sc.gov.br\/index.php?rest_route=%2Fwp%2Fv2%2Fcategories&post=14827"},{"taxonomy":"post_tag","embeddable":true,"href":"https:\/\/pc.sc.gov.br\/index.php?rest_route=%2Fwp%2Fv2%2Ftags&post=14827"}],"curies":[{"name":"wp","href":"https:\/\/api.w.org\/{rel}","templated":true}]}}