{"id":14890,"date":"2023-11-06T17:46:22","date_gmt":"2023-11-06T20:46:22","guid":{"rendered":"https:\/\/pc.sc.gov.br\/?p=14890"},"modified":"2023-11-06T17:50:29","modified_gmt":"2023-11-06T20:50:29","slug":"em-coronel-freitas-policia-civil-cumpre-mandado-de-prisao-de-condenado-pelo-crime-de-estupro","status":"publish","type":"post","link":"https:\/\/pc.sc.gov.br\/?p=14890","title":{"rendered":"Em Coronel Freitas, Pol\u00edcia Civil cumpre mandado de pris\u00e3o de condenado pelo crime de estupro"},"content":{"rendered":"\t\t<div data-elementor-type=\"wp-post\" data-elementor-id=\"14890\" class=\"elementor elementor-14890\" data-elementor-post-type=\"post\">\n\t\t\t\t\t\t<section class=\"elementor-section elementor-top-section elementor-element elementor-element-fed69ac elementor-section-boxed elementor-section-height-default elementor-section-height-default\" data-id=\"fed69ac\" data-element_type=\"section\">\n\t\t\t\t\t\t<div class=\"elementor-container elementor-column-gap-default\">\n\t\t\t\t\t<div class=\"elementor-column elementor-col-100 elementor-top-column elementor-element elementor-element-694a7d5\" data-id=\"694a7d5\" data-element_type=\"column\">\n\t\t\t<div class=\"elementor-widget-wrap elementor-element-populated\">\n\t\t\t\t\t\t<div class=\"elementor-element elementor-element-d673060 elementor-widget elementor-widget-heading\" data-id=\"d673060\" data-element_type=\"widget\" data-widget_type=\"heading.default\">\n\t\t\t\t<div class=\"elementor-widget-container\">\n\t\t\t\t\t<h2 class=\"elementor-heading-title elementor-size-default\">Em Coronel Freitas, Pol\u00edcia Civil cumpre mandado de pris\u00e3o de condenado pelo crime de estupro<\/h2>\t\t\t\t<\/div>\n\t\t\t\t<\/div>\n\t\t\t\t\t<\/div>\n\t\t<\/div>\n\t\t\t\t\t<\/div>\n\t\t<\/section>\n\t\t\t\t<section class=\"elementor-section elementor-top-section elementor-element elementor-element-697fd61 elementor-section-boxed elementor-section-height-default elementor-section-height-default\" data-id=\"697fd61\" data-element_type=\"section\">\n\t\t\t\t\t\t<div class=\"elementor-container elementor-column-gap-default\">\n\t\t\t\t\t<div class=\"elementor-column elementor-col-100 elementor-top-column elementor-element elementor-element-d0fbb21\" data-id=\"d0fbb21\" data-element_type=\"column\">\n\t\t\t<div class=\"elementor-widget-wrap elementor-element-populated\">\n\t\t\t\t\t\t<div class=\"elementor-element elementor-element-e6012ec elementor-widget elementor-widget-image\" data-id=\"e6012ec\" data-element_type=\"widget\" data-widget_type=\"image.default\">\n\t\t\t\t<div class=\"elementor-widget-container\">\n\t\t\t\t\t\t\t\t\t\t\t\t\t\t\t<img fetchpriority=\"high\" decoding=\"async\" width=\"696\" height=\"709\" src=\"https:\/\/pc.sc.gov.br\/\/wp-content\/uploads\/2023\/11\/5523ef61-ad10-42f6-9bbf-af72d49e91d6-fotor-20231106174832-1005x1024.jpg\" class=\"attachment-large size-large wp-image-14896\" alt=\"\" srcset=\"https:\/\/pc.sc.gov.br\/\/wp-content\/uploads\/2023\/11\/5523ef61-ad10-42f6-9bbf-af72d49e91d6-fotor-20231106174832-1005x1024.jpg 1005w, https:\/\/pc.sc.gov.br\/\/wp-content\/uploads\/2023\/11\/5523ef61-ad10-42f6-9bbf-af72d49e91d6-fotor-20231106174832-295x300.jpg 295w, https:\/\/pc.sc.gov.br\/\/wp-content\/uploads\/2023\/11\/5523ef61-ad10-42f6-9bbf-af72d49e91d6-fotor-20231106174832-768x782.jpg 768w, https:\/\/pc.sc.gov.br\/\/wp-content\/uploads\/2023\/11\/5523ef61-ad10-42f6-9bbf-af72d49e91d6-fotor-20231106174832.jpg 1140w\" sizes=\"(max-width: 696px) 100vw, 696px\" \/>\t\t\t\t\t\t\t\t\t\t\t\t\t\t\t<\/div>\n\t\t\t\t<\/div>\n\t\t\t\t\t<\/div>\n\t\t<\/div>\n\t\t\t\t\t<\/div>\n\t\t<\/section>\n\t\t\t\t<section class=\"elementor-section elementor-top-section elementor-element elementor-element-6a5187d elementor-section-boxed elementor-section-height-default elementor-section-height-default\" data-id=\"6a5187d\" data-element_type=\"section\">\n\t\t\t\t\t\t<div class=\"elementor-container elementor-column-gap-default\">\n\t\t\t\t\t<div class=\"elementor-column elementor-col-100 elementor-top-column elementor-element elementor-element-6e263a0\" data-id=\"6e263a0\" data-element_type=\"column\">\n\t\t\t<div class=\"elementor-widget-wrap elementor-element-populated\">\n\t\t\t\t\t\t<div class=\"elementor-element elementor-element-e06d93b elementor-widget elementor-widget-text-editor\" data-id=\"e06d93b\" data-element_type=\"widget\" data-widget_type=\"text-editor.default\">\n\t\t\t\t<div class=\"elementor-widget-container\">\n\t\t\t\t\t\t\t\t\t<p>A Pol\u00edcia Civil de Santa Catarina, por meio da Delegacia de Pol\u00edcia de Coronel Freitas, cumpriu nesta segunda feira (06), um mandado de pris\u00e3o de senten\u00e7a definitiva contra um homem pelo crime de estupro.<\/p><p>O mandado foi expedido pela Vara Criminal de Campos Novos, que condenou o homem por ter praticado crime de estupro. Ap\u00f3s troca de informa\u00e7\u00f5es com a Pol\u00edcia Civil de Campos Novos e conhecimento do mandado de pris\u00e3o expedido pelo Poder Judici\u00e1rio, dilig\u00eancias investigativas foram realizadas obtendo, nesta tarde, \u00eaxito na pris\u00e3o.\u00a0<\/p><p>Ap\u00f3s os tr\u00e2mites legais na Delegacia de Pol\u00edcia o homem foi encaminhado \u00e0 Penitenci\u00e1ria de Chapec\u00f3, onde permanece \u00e0 disposi\u00e7\u00e3o da Justi\u00e7a.<\/p>\t\t\t\t\t\t\t\t<\/div>\n\t\t\t\t<\/div>\n\t\t\t\t\t<\/div>\n\t\t<\/div>\n\t\t\t\t\t<\/div>\n\t\t<\/section>\n\t\t\t\t<\/div>\n\t\t","protected":false},"excerpt":{"rendered":"<p>Em Coronel Freitas, Pol\u00edcia Civil cumpre mandado de pris\u00e3o de condenado pelo crime de estupro A Pol\u00edcia Civil de Santa Catarina, por meio da Delegacia de Pol\u00edcia de Coronel Freitas, cumpriu nesta segunda feira (06), um mandado de pris\u00e3o de senten\u00e7a definitiva contra um homem pelo crime de estupro. O mandado foi expedido pela Vara [&hellip;]<\/p>\n","protected":false},"author":5,"featured_media":14896,"comment_status":"closed","ping_status":"open","sticky":false,"template":"","format":"standard","meta":{"_monsterinsights_skip_tracking":false,"_monsterinsights_sitenote_active":false,"_monsterinsights_sitenote_note":"","_monsterinsights_sitenote_category":0,"footnotes":""},"categories":[1],"tags":[],"class_list":["post-14890","post","type-post","status-publish","format-standard","has-post-thumbnail","hentry","category-sem-categoria"],"_links":{"self":[{"href":"https:\/\/pc.sc.gov.br\/index.php?rest_route=\/wp\/v2\/posts\/14890","targetHints":{"allow":["GET"]}}],"collection":[{"href":"https:\/\/pc.sc.gov.br\/index.php?rest_route=\/wp\/v2\/posts"}],"about":[{"href":"https:\/\/pc.sc.gov.br\/index.php?rest_route=\/wp\/v2\/types\/post"}],"author":[{"embeddable":true,"href":"https:\/\/pc.sc.gov.br\/index.php?rest_route=\/wp\/v2\/users\/5"}],"replies":[{"embeddable":true,"href":"https:\/\/pc.sc.gov.br\/index.php?rest_route=%2Fwp%2Fv2%2Fcomments&post=14890"}],"version-history":[{"count":8,"href":"https:\/\/pc.sc.gov.br\/index.php?rest_route=\/wp\/v2\/posts\/14890\/revisions"}],"predecessor-version":[{"id":14900,"href":"https:\/\/pc.sc.gov.br\/index.php?rest_route=\/wp\/v2\/posts\/14890\/revisions\/14900"}],"wp:featuredmedia":[{"embeddable":true,"href":"https:\/\/pc.sc.gov.br\/index.php?rest_route=\/wp\/v2\/media\/14896"}],"wp:attachment":[{"href":"https:\/\/pc.sc.gov.br\/index.php?rest_route=%2Fwp%2Fv2%2Fmedia&parent=14890"}],"wp:term":[{"taxonomy":"category","embeddable":true,"href":"https:\/\/pc.sc.gov.br\/index.php?rest_route=%2Fwp%2Fv2%2Fcategories&post=14890"},{"taxonomy":"post_tag","embeddable":true,"href":"https:\/\/pc.sc.gov.br\/index.php?rest_route=%2Fwp%2Fv2%2Ftags&post=14890"}],"curies":[{"name":"wp","href":"https:\/\/api.w.org\/{rel}","templated":true}]}}