{"id":14902,"date":"2023-11-07T15:41:17","date_gmt":"2023-11-07T18:41:17","guid":{"rendered":"https:\/\/pc.sc.gov.br\/?p=14902"},"modified":"2023-11-07T15:41:22","modified_gmt":"2023-11-07T18:41:22","slug":"policia-civil-prende-professor-que-administrava-perfil-fake-para-convencer-adolescentes-a-enviar-fotos-e-videos-intimos","status":"publish","type":"post","link":"https:\/\/pc.sc.gov.br\/?p=14902","title":{"rendered":"Pol\u00edcia Civil prende professor que administrava perfil fake para convencer adolescentes a enviar fotos e v\u00eddeos \u00edntimos"},"content":{"rendered":"\t\t<div data-elementor-type=\"wp-post\" data-elementor-id=\"14902\" class=\"elementor elementor-14902\" data-elementor-post-type=\"post\">\n\t\t\t\t\t\t<section class=\"elementor-section elementor-top-section elementor-element elementor-element-458efae elementor-section-boxed elementor-section-height-default elementor-section-height-default\" data-id=\"458efae\" data-element_type=\"section\">\n\t\t\t\t\t\t<div class=\"elementor-container elementor-column-gap-default\">\n\t\t\t\t\t<div class=\"elementor-column elementor-col-100 elementor-top-column elementor-element elementor-element-a0c4678\" data-id=\"a0c4678\" data-element_type=\"column\">\n\t\t\t<div class=\"elementor-widget-wrap elementor-element-populated\">\n\t\t\t\t\t\t<div class=\"elementor-element elementor-element-101ba7c elementor-widget elementor-widget-heading\" data-id=\"101ba7c\" data-element_type=\"widget\" data-widget_type=\"heading.default\">\n\t\t\t\t<div class=\"elementor-widget-container\">\n\t\t\t\t\t<h2 class=\"elementor-heading-title elementor-size-default\">Pol\u00edcia Civil prende professor que administrava perfil fake para convencer adolescentes a enviar fotos e v\u00eddeos \u00edntimos<\/h2>\t\t\t\t<\/div>\n\t\t\t\t<\/div>\n\t\t\t\t\t<\/div>\n\t\t<\/div>\n\t\t\t\t\t<\/div>\n\t\t<\/section>\n\t\t\t\t<section class=\"elementor-section elementor-top-section elementor-element elementor-element-41201e1 elementor-section-boxed elementor-section-height-default elementor-section-height-default\" data-id=\"41201e1\" data-element_type=\"section\">\n\t\t\t\t\t\t<div class=\"elementor-container elementor-column-gap-default\">\n\t\t\t\t\t<div class=\"elementor-column elementor-col-100 elementor-top-column elementor-element elementor-element-3e6f6c4\" data-id=\"3e6f6c4\" data-element_type=\"column\">\n\t\t\t<div class=\"elementor-widget-wrap elementor-element-populated\">\n\t\t\t\t\t\t<div class=\"elementor-element elementor-element-144eb2f elementor-widget elementor-widget-image\" data-id=\"144eb2f\" data-element_type=\"widget\" data-widget_type=\"image.default\">\n\t\t\t\t<div class=\"elementor-widget-container\">\n\t\t\t\t\t\t\t\t\t\t\t\t\t\t\t<img fetchpriority=\"high\" decoding=\"async\" width=\"696\" height=\"438\" src=\"https:\/\/pc.sc.gov.br\/\/wp-content\/uploads\/2023\/10\/WhatsApp-Image-2023-07-20-at-16.06.12-fotor-20231005141141.jpg\" class=\"attachment-large size-large wp-image-14144\" alt=\"\" srcset=\"https:\/\/pc.sc.gov.br\/\/wp-content\/uploads\/2023\/10\/WhatsApp-Image-2023-07-20-at-16.06.12-fotor-20231005141141.jpg 825w, https:\/\/pc.sc.gov.br\/\/wp-content\/uploads\/2023\/10\/WhatsApp-Image-2023-07-20-at-16.06.12-fotor-20231005141141-300x189.jpg 300w, https:\/\/pc.sc.gov.br\/\/wp-content\/uploads\/2023\/10\/WhatsApp-Image-2023-07-20-at-16.06.12-fotor-20231005141141-768x483.jpg 768w\" sizes=\"(max-width: 696px) 100vw, 696px\" \/>\t\t\t\t\t\t\t\t\t\t\t\t\t\t\t<\/div>\n\t\t\t\t<\/div>\n\t\t\t\t\t<\/div>\n\t\t<\/div>\n\t\t\t\t\t<\/div>\n\t\t<\/section>\n\t\t\t\t<section class=\"elementor-section elementor-top-section elementor-element elementor-element-ff07c82 elementor-section-boxed elementor-section-height-default elementor-section-height-default\" data-id=\"ff07c82\" data-element_type=\"section\">\n\t\t\t\t\t\t<div class=\"elementor-container elementor-column-gap-default\">\n\t\t\t\t\t<div class=\"elementor-column elementor-col-100 elementor-top-column elementor-element elementor-element-247823a\" data-id=\"247823a\" data-element_type=\"column\">\n\t\t\t<div class=\"elementor-widget-wrap elementor-element-populated\">\n\t\t\t\t\t\t<div class=\"elementor-element elementor-element-dda980d elementor-widget elementor-widget-text-editor\" data-id=\"dda980d\" data-element_type=\"widget\" data-widget_type=\"text-editor.default\">\n\t\t\t\t<div class=\"elementor-widget-container\">\n\t\t\t\t\t\t\t\t\t<p>A Pol\u00edcia Civil de Santa Catarina, por interm\u00e9dio da Delegacia de Prote\u00e7\u00e3o \u00e0 Crian\u00e7a, Adolescente, Mulher e Idoso (DPCAMI) de Laguna, prendeu um professor da rede municipal de ensino suspeito de criar perfis &#8220;fake&#8221; para aliciar adolescentes e convenc\u00ea-los a enviar fotos e v\u00eddeos \u00edntimos.<\/p><p>A investiga\u00e7\u00e3o teve in\u00edcio em agosto deste ano e, dentre as dilig\u00eancias realizadas, foi cumprido um mandado de busca e apreens\u00e3o de aparelhos eletr\u00f4nicos em desfavor do investigado. Ap\u00f3s an\u00e1lise dos aparelhos, representou-se pela decreta\u00e7\u00e3o da pris\u00e3o preventiva, que foi deferida pelo Poder Judici\u00e1rio, ap\u00f3s manifesta\u00e7\u00e3o do Minist\u00e9rio P\u00fablico.<\/p><p>As investiga\u00e7\u00f5es seguem e nos pr\u00f3ximos dias, com a conclus\u00e3o dos trabalhos, o inqu\u00e9rito ser\u00e1 remetido ao Poder Judici\u00e1rio.<\/p>\t\t\t\t\t\t\t\t<\/div>\n\t\t\t\t<\/div>\n\t\t\t\t\t<\/div>\n\t\t<\/div>\n\t\t\t\t\t<\/div>\n\t\t<\/section>\n\t\t\t\t<\/div>\n\t\t","protected":false},"excerpt":{"rendered":"<p>Pol\u00edcia Civil prende professor que administrava perfil fake para convencer adolescentes a enviar fotos e v\u00eddeos \u00edntimos A Pol\u00edcia Civil de Santa Catarina, por interm\u00e9dio da Delegacia de Prote\u00e7\u00e3o \u00e0 Crian\u00e7a, Adolescente, Mulher e Idoso (DPCAMI) de Laguna, prendeu um professor da rede municipal de ensino suspeito de criar perfis &#8220;fake&#8221; para aliciar adolescentes e [&hellip;]<\/p>\n","protected":false},"author":5,"featured_media":14043,"comment_status":"closed","ping_status":"open","sticky":false,"template":"","format":"standard","meta":{"_monsterinsights_skip_tracking":false,"_monsterinsights_sitenote_active":false,"_monsterinsights_sitenote_note":"","_monsterinsights_sitenote_category":0,"footnotes":""},"categories":[1],"tags":[],"class_list":["post-14902","post","type-post","status-publish","format-standard","has-post-thumbnail","hentry","category-sem-categoria"],"_links":{"self":[{"href":"https:\/\/pc.sc.gov.br\/index.php?rest_route=\/wp\/v2\/posts\/14902","targetHints":{"allow":["GET"]}}],"collection":[{"href":"https:\/\/pc.sc.gov.br\/index.php?rest_route=\/wp\/v2\/posts"}],"about":[{"href":"https:\/\/pc.sc.gov.br\/index.php?rest_route=\/wp\/v2\/types\/post"}],"author":[{"embeddable":true,"href":"https:\/\/pc.sc.gov.br\/index.php?rest_route=\/wp\/v2\/users\/5"}],"replies":[{"embeddable":true,"href":"https:\/\/pc.sc.gov.br\/index.php?rest_route=%2Fwp%2Fv2%2Fcomments&post=14902"}],"version-history":[{"count":4,"href":"https:\/\/pc.sc.gov.br\/index.php?rest_route=\/wp\/v2\/posts\/14902\/revisions"}],"predecessor-version":[{"id":14906,"href":"https:\/\/pc.sc.gov.br\/index.php?rest_route=\/wp\/v2\/posts\/14902\/revisions\/14906"}],"wp:featuredmedia":[{"embeddable":true,"href":"https:\/\/pc.sc.gov.br\/index.php?rest_route=\/wp\/v2\/media\/14043"}],"wp:attachment":[{"href":"https:\/\/pc.sc.gov.br\/index.php?rest_route=%2Fwp%2Fv2%2Fmedia&parent=14902"}],"wp:term":[{"taxonomy":"category","embeddable":true,"href":"https:\/\/pc.sc.gov.br\/index.php?rest_route=%2Fwp%2Fv2%2Fcategories&post=14902"},{"taxonomy":"post_tag","embeddable":true,"href":"https:\/\/pc.sc.gov.br\/index.php?rest_route=%2Fwp%2Fv2%2Ftags&post=14902"}],"curies":[{"name":"wp","href":"https:\/\/api.w.org\/{rel}","templated":true}]}}