{"id":14963,"date":"2023-11-08T16:15:48","date_gmt":"2023-11-08T19:15:48","guid":{"rendered":"https:\/\/pc.sc.gov.br\/?p=14963"},"modified":"2023-11-08T16:16:47","modified_gmt":"2023-11-08T19:16:47","slug":"policias-civis-da-dic-de-ararangua-prendem-homem-condenado-por-trafico-de-drogas","status":"publish","type":"post","link":"https:\/\/pc.sc.gov.br\/?p=14963","title":{"rendered":"Policias civis da DIC de Ararangu\u00e1 prendem homem condenado por tr\u00e1fico de drogas"},"content":{"rendered":"\t\t<div data-elementor-type=\"wp-post\" data-elementor-id=\"14963\" class=\"elementor elementor-14963\" data-elementor-post-type=\"post\">\n\t\t\t\t\t\t<section class=\"elementor-section elementor-top-section elementor-element elementor-element-41ebbda elementor-section-boxed elementor-section-height-default elementor-section-height-default\" data-id=\"41ebbda\" data-element_type=\"section\">\n\t\t\t\t\t\t<div class=\"elementor-container elementor-column-gap-default\">\n\t\t\t\t\t<div class=\"elementor-column elementor-col-100 elementor-top-column elementor-element elementor-element-7b7f67c\" data-id=\"7b7f67c\" data-element_type=\"column\">\n\t\t\t<div class=\"elementor-widget-wrap elementor-element-populated\">\n\t\t\t\t\t\t<div class=\"elementor-element elementor-element-e8fec39 elementor-widget elementor-widget-heading\" data-id=\"e8fec39\" data-element_type=\"widget\" data-widget_type=\"heading.default\">\n\t\t\t\t<div class=\"elementor-widget-container\">\n\t\t\t\t\t<h2 class=\"elementor-heading-title elementor-size-default\">Policias civis da DIC de Ararangu\u00e1 prendem homem condenado por tr\u00e1fico de drogas<\/h2>\t\t\t\t<\/div>\n\t\t\t\t<\/div>\n\t\t\t\t\t<\/div>\n\t\t<\/div>\n\t\t\t\t\t<\/div>\n\t\t<\/section>\n\t\t\t\t<section class=\"elementor-section elementor-top-section elementor-element elementor-element-0b1853b elementor-section-boxed elementor-section-height-default elementor-section-height-default\" data-id=\"0b1853b\" data-element_type=\"section\">\n\t\t\t\t\t\t<div class=\"elementor-container elementor-column-gap-default\">\n\t\t\t\t\t<div class=\"elementor-column elementor-col-100 elementor-top-column elementor-element elementor-element-1ee3c45\" data-id=\"1ee3c45\" data-element_type=\"column\">\n\t\t\t<div class=\"elementor-widget-wrap elementor-element-populated\">\n\t\t\t\t\t\t<div class=\"elementor-element elementor-element-0d37643 elementor-widget elementor-widget-image\" data-id=\"0d37643\" data-element_type=\"widget\" data-widget_type=\"image.default\">\n\t\t\t\t<div class=\"elementor-widget-container\">\n\t\t\t\t\t\t\t\t\t\t\t\t\t\t\t<img fetchpriority=\"high\" decoding=\"async\" width=\"696\" height=\"684\" src=\"https:\/\/pc.sc.gov.br\/\/wp-content\/uploads\/2023\/11\/d57bdbea-a7f7-4856-8da6-454a6ac6994a-fotor-20231108161046-1024x1006.jpg\" class=\"attachment-large size-large wp-image-14964\" alt=\"\" srcset=\"https:\/\/pc.sc.gov.br\/\/wp-content\/uploads\/2023\/11\/d57bdbea-a7f7-4856-8da6-454a6ac6994a-fotor-20231108161046-1024x1006.jpg 1024w, https:\/\/pc.sc.gov.br\/\/wp-content\/uploads\/2023\/11\/d57bdbea-a7f7-4856-8da6-454a6ac6994a-fotor-20231108161046-300x295.jpg 300w, https:\/\/pc.sc.gov.br\/\/wp-content\/uploads\/2023\/11\/d57bdbea-a7f7-4856-8da6-454a6ac6994a-fotor-20231108161046-768x755.jpg 768w, https:\/\/pc.sc.gov.br\/\/wp-content\/uploads\/2023\/11\/d57bdbea-a7f7-4856-8da6-454a6ac6994a-fotor-20231108161046.jpg 1207w\" sizes=\"(max-width: 696px) 100vw, 696px\" \/>\t\t\t\t\t\t\t\t\t\t\t\t\t\t\t<\/div>\n\t\t\t\t<\/div>\n\t\t\t\t\t<\/div>\n\t\t<\/div>\n\t\t\t\t\t<\/div>\n\t\t<\/section>\n\t\t\t\t<section class=\"elementor-section elementor-top-section elementor-element elementor-element-8479cc3 elementor-section-boxed elementor-section-height-default elementor-section-height-default\" data-id=\"8479cc3\" data-element_type=\"section\">\n\t\t\t\t\t\t<div class=\"elementor-container elementor-column-gap-default\">\n\t\t\t\t\t<div class=\"elementor-column elementor-col-100 elementor-top-column elementor-element elementor-element-f69a972\" data-id=\"f69a972\" data-element_type=\"column\">\n\t\t\t<div class=\"elementor-widget-wrap elementor-element-populated\">\n\t\t\t\t\t\t<div class=\"elementor-element elementor-element-50ee7f4 elementor-widget elementor-widget-text-editor\" data-id=\"50ee7f4\" data-element_type=\"widget\" data-widget_type=\"text-editor.default\">\n\t\t\t\t<div class=\"elementor-widget-container\">\n\t\t\t\t\t\t\t\t\t<p>A Pol\u00edcia Civil de Santa Catarina, por meio da Divis\u00e3o de Investiga\u00e7\u00e3o Criminal (DIC) de Ararangu\u00e1 prendeu nesta quarta-feira (8) um homem condenado por senten\u00e7a definitiva pelo crime de tr\u00e1fico de drogas.\u00a0<\/p><p>O preso foi localizado no bairro Mato Alto e cumprir\u00e1 pena de 7 anos e 11 meses em regime inicialmente fechado. Ap\u00f3s os procedimentos legais, o condenado foi encaminhado ao Pres\u00eddio de Ararangu\u00e1.\u00a0<\/p><p>Pol\u00edcia Civil de Santa Catarina: investiga\u00e7\u00e3o que gera resultado.<\/p><div>\u00a0<\/div>\t\t\t\t\t\t\t\t<\/div>\n\t\t\t\t<\/div>\n\t\t\t\t\t<\/div>\n\t\t<\/div>\n\t\t\t\t\t<\/div>\n\t\t<\/section>\n\t\t\t\t<\/div>\n\t\t","protected":false},"excerpt":{"rendered":"<p>Policias civis da DIC de Ararangu\u00e1 prendem homem condenado por tr\u00e1fico de drogas A Pol\u00edcia Civil de Santa Catarina, por meio da Divis\u00e3o de Investiga\u00e7\u00e3o Criminal (DIC) de Ararangu\u00e1 prendeu nesta quarta-feira (8) um homem condenado por senten\u00e7a definitiva pelo crime de tr\u00e1fico de drogas.\u00a0 O preso foi localizado no bairro Mato Alto e cumprir\u00e1 [&hellip;]<\/p>\n","protected":false},"author":5,"featured_media":14964,"comment_status":"closed","ping_status":"open","sticky":false,"template":"","format":"standard","meta":{"_monsterinsights_skip_tracking":false,"_monsterinsights_sitenote_active":false,"_monsterinsights_sitenote_note":"","_monsterinsights_sitenote_category":0,"footnotes":""},"categories":[1],"tags":[],"class_list":["post-14963","post","type-post","status-publish","format-standard","has-post-thumbnail","hentry","category-sem-categoria"],"_links":{"self":[{"href":"https:\/\/pc.sc.gov.br\/index.php?rest_route=\/wp\/v2\/posts\/14963","targetHints":{"allow":["GET"]}}],"collection":[{"href":"https:\/\/pc.sc.gov.br\/index.php?rest_route=\/wp\/v2\/posts"}],"about":[{"href":"https:\/\/pc.sc.gov.br\/index.php?rest_route=\/wp\/v2\/types\/post"}],"author":[{"embeddable":true,"href":"https:\/\/pc.sc.gov.br\/index.php?rest_route=\/wp\/v2\/users\/5"}],"replies":[{"embeddable":true,"href":"https:\/\/pc.sc.gov.br\/index.php?rest_route=%2Fwp%2Fv2%2Fcomments&post=14963"}],"version-history":[{"count":4,"href":"https:\/\/pc.sc.gov.br\/index.php?rest_route=\/wp\/v2\/posts\/14963\/revisions"}],"predecessor-version":[{"id":14968,"href":"https:\/\/pc.sc.gov.br\/index.php?rest_route=\/wp\/v2\/posts\/14963\/revisions\/14968"}],"wp:featuredmedia":[{"embeddable":true,"href":"https:\/\/pc.sc.gov.br\/index.php?rest_route=\/wp\/v2\/media\/14964"}],"wp:attachment":[{"href":"https:\/\/pc.sc.gov.br\/index.php?rest_route=%2Fwp%2Fv2%2Fmedia&parent=14963"}],"wp:term":[{"taxonomy":"category","embeddable":true,"href":"https:\/\/pc.sc.gov.br\/index.php?rest_route=%2Fwp%2Fv2%2Fcategories&post=14963"},{"taxonomy":"post_tag","embeddable":true,"href":"https:\/\/pc.sc.gov.br\/index.php?rest_route=%2Fwp%2Fv2%2Ftags&post=14963"}],"curies":[{"name":"wp","href":"https:\/\/api.w.org\/{rel}","templated":true}]}}