{"id":14989,"date":"2023-11-09T14:03:13","date_gmt":"2023-11-09T17:03:13","guid":{"rendered":"https:\/\/pc.sc.gov.br\/?p=14989"},"modified":"2023-11-09T14:22:58","modified_gmt":"2023-11-09T17:22:58","slug":"dfrc-deic-recupera-cargas-avaliadas-em-r-17-milhao-e-prende-lider-do-grupo-criminoso","status":"publish","type":"post","link":"https:\/\/pc.sc.gov.br\/?p=14989","title":{"rendered":"DFRC\/DEIC recupera cargas avaliadas em R$ 1,7 milh\u00e3o e prende l\u00edder do grupo criminoso no Paran\u00e1"},"content":{"rendered":"\t\t<div data-elementor-type=\"wp-post\" data-elementor-id=\"14989\" class=\"elementor elementor-14989\" data-elementor-post-type=\"post\">\n\t\t\t\t\t\t<section class=\"elementor-section elementor-top-section elementor-element elementor-element-103f6f8 elementor-section-boxed elementor-section-height-default elementor-section-height-default\" data-id=\"103f6f8\" data-element_type=\"section\">\n\t\t\t\t\t\t<div class=\"elementor-container elementor-column-gap-default\">\n\t\t\t\t\t<div class=\"elementor-column elementor-col-100 elementor-top-column elementor-element elementor-element-0c055da\" data-id=\"0c055da\" data-element_type=\"column\">\n\t\t\t<div class=\"elementor-widget-wrap elementor-element-populated\">\n\t\t\t\t\t\t<div class=\"elementor-element elementor-element-025c1ff elementor-widget elementor-widget-heading\" data-id=\"025c1ff\" data-element_type=\"widget\" data-widget_type=\"heading.default\">\n\t\t\t\t<div class=\"elementor-widget-container\">\n\t\t\t\t\t<h2 class=\"elementor-heading-title elementor-size-default\">DFRC\/DEIC recupera cargas avaliadas em R$ 1,7 milh\u00e3o e prende l\u00edder do grupo criminoso no paran\u00e1<\/h2>\t\t\t\t<\/div>\n\t\t\t\t<\/div>\n\t\t\t\t\t<\/div>\n\t\t<\/div>\n\t\t\t\t\t<\/div>\n\t\t<\/section>\n\t\t\t\t<section class=\"elementor-section elementor-top-section elementor-element elementor-element-97ceb49 elementor-section-boxed elementor-section-height-default elementor-section-height-default\" data-id=\"97ceb49\" data-element_type=\"section\">\n\t\t\t\t\t\t<div class=\"elementor-container elementor-column-gap-default\">\n\t\t\t\t\t<div class=\"elementor-column elementor-col-100 elementor-top-column elementor-element elementor-element-abb229c\" data-id=\"abb229c\" data-element_type=\"column\">\n\t\t\t<div class=\"elementor-widget-wrap elementor-element-populated\">\n\t\t\t\t\t\t<div class=\"elementor-element elementor-element-ca62dff elementor-widget elementor-widget-image\" data-id=\"ca62dff\" data-element_type=\"widget\" data-widget_type=\"image.default\">\n\t\t\t\t<div class=\"elementor-widget-container\">\n\t\t\t\t\t\t\t\t\t\t\t\t\t\t\t<img fetchpriority=\"high\" decoding=\"async\" width=\"684\" height=\"772\" src=\"https:\/\/pc.sc.gov.br\/\/wp-content\/uploads\/2023\/11\/2a15adb7-a987-4e9d-88f6-6061e9b18cf5-fotor-20231109134342.jpg\" class=\"attachment-large size-large wp-image-14990\" alt=\"\" srcset=\"https:\/\/pc.sc.gov.br\/\/wp-content\/uploads\/2023\/11\/2a15adb7-a987-4e9d-88f6-6061e9b18cf5-fotor-20231109134342.jpg 684w, https:\/\/pc.sc.gov.br\/\/wp-content\/uploads\/2023\/11\/2a15adb7-a987-4e9d-88f6-6061e9b18cf5-fotor-20231109134342-266x300.jpg 266w\" sizes=\"(max-width: 684px) 100vw, 684px\" \/>\t\t\t\t\t\t\t\t\t\t\t\t\t\t\t<\/div>\n\t\t\t\t<\/div>\n\t\t\t\t\t<\/div>\n\t\t<\/div>\n\t\t\t\t\t<\/div>\n\t\t<\/section>\n\t\t\t\t<section class=\"elementor-section elementor-top-section elementor-element elementor-element-d973252 elementor-section-boxed elementor-section-height-default elementor-section-height-default\" data-id=\"d973252\" data-element_type=\"section\">\n\t\t\t\t\t\t<div class=\"elementor-container elementor-column-gap-default\">\n\t\t\t\t\t<div class=\"elementor-column elementor-col-100 elementor-top-column elementor-element elementor-element-90c6834\" data-id=\"90c6834\" data-element_type=\"column\">\n\t\t\t<div class=\"elementor-widget-wrap elementor-element-populated\">\n\t\t\t\t\t\t<div class=\"elementor-element elementor-element-9c59261 elementor-widget elementor-widget-text-editor\" data-id=\"9c59261\" data-element_type=\"widget\" data-widget_type=\"text-editor.default\">\n\t\t\t\t<div class=\"elementor-widget-container\">\n\t\t\t\t\t\t\t\t\t<p>A Pol\u00edcia Civil De Santa Catarina, por meio da Delegacia de Furtos e Roubos de Cargas (DFRC\/DEIC) recupera cargas furtadas avaliadas em R$ 1,7 milh\u00e3o. Na opera\u00e7\u00e3o realizada nesta quarta-feira (08) foram cumpridos mandados de busca e apreens\u00e3o e pris\u00e3o na cidade de S\u00e3o Jos\u00e9 dos Pinhais (PR). Al\u00e9m das cargas, foram apreendidos dispositivos eletr\u00f4nicos, documentos e ve\u00edculos de luxo. Os objetos\/documentos ser\u00e3o minuciosamente analisados pela equipe da DFRC\/DEIC. Na a\u00e7\u00e3o foi preso o l\u00edder do grupo. c<span style=\"font-family: var( --e-global-typography-primary-font-family ), Sans-serif; font-size: var( --e-global-typography-primary-font-size ); font-weight: var( --e-global-typography-primary-font-weight ); letter-spacing: var( --e-global-typography-primary-letter-spacing );\">A a\u00e7\u00e3o contou com apoio operacional da DFRC\/PCPR Curitiba\/PR. Em um galp\u00e3o foram localizadas diversas cargas furtadas em Santa Catarina e em outros Estados.<\/span><\/p>\n<p>A opera\u00e7\u00e3o \u00e9 resultado da investiga\u00e7\u00e3o que come\u00e7ou a partir do furto de carga de produtos aliment\u00edcios, ocorrido no dia 07\/10\/2023 na cidade de Jaragu\u00e1 do Sul. Ao tomar conhecimento dos fatos, a equipe de investiga\u00e7\u00e3o da DFRC\/DEIC, coordenada pelo Delegado de Pol\u00edcia Osnei Valdir de Oliveira, iniciou as apura\u00e7\u00f5es pertinentes ao crime.&nbsp;<\/p>\n<p>O caso mostrou particularidades que chamaram a aten\u00e7\u00e3o da Equipe da DFRC\/DEIC. Para efetuar os furtos o grupo criminoso fazia a clonagem do caminh\u00e3o e do semirreboque numa modalidade avan\u00e7ada. A adultera\u00e7\u00e3o ia al\u00e9m da clonagem de placas, os criminosos realizaram a plotagem, mediante envelopamento e adesivagem do caminh\u00e3o, transformando um caminh\u00e3o da cor branca e um da cor amarela.&nbsp; Os criminosos foram cautelosos, clonando at\u00e9 mesmo os adesivos afixados nos vidros e lataria. O objetivo era burlar o monitoramento das rodovias. Tal fato demonstra a import\u00e2ncia da investiga\u00e7\u00e3o policial qualificada.<\/p>\n<p>Com o conjunto clonado, utilizavam dados de motoristas para realizar o carregamento em empresas no Estado de Santa Catarina. At\u00e9 o momento o grupo \u00e9 respons\u00e1vel por quatro furtos de cargas nas cidades de Jaragu\u00e1 do Sul, S\u00e3o Bento do Sul, Gaspar e Porto Belo. Foram subtra\u00eddas cargas diversas de alto valor agregado.&nbsp;<\/p>\n<p>Foram recuperadas cargas furtadas de produtos preparados para sorvete, carga de t\u00e2maras, carga de \u00f3leo de girassol, carga de panetone, carga de lou\u00e7as, carga de leite UTH e carga de produtos diversos subtra\u00eddos de uma rede de atacarejo. Na resid\u00eancia do mentor intelectual do grupo, foram apreendidas partes de cargas furtadas de g\u00eanero aliment\u00edcio.<\/p>\n<p>De acordo com o Titular da DFRC\/DEIC, Delegado Osnei Valdir de Oliveira a atua\u00e7\u00e3o dos criminosos em crimes de furto\/roubo\/recepta\u00e7\u00e3o de cargas mudou. \u201cA a\u00e7\u00e3o de hoje demonstra que a velha receita de combate a essa modalidade criminosa precisa urgentemente ser superada. A atua\u00e7\u00e3o dos criminosos mudou, a atua\u00e7\u00e3o das Pol\u00edcias precisa mudar. A Pol\u00edcia Civil \u00e9 respons\u00e1vel persecu\u00e7\u00e3o penal na fase investigativa, adotando medidas no \u00e2mbito de Pol\u00edcia Judici\u00e1ria, para o esclarecimento dos fatos. Buscamos identificar os l\u00edderes do grupo, atuar contra os mentores intelectuais. Toda a cadeia criminosa tem que ser alcan\u00e7ada\u201d, disse o delegado Osnei.<\/p>\n<p>Den\u00fancias e informa\u00e7\u00f5es relacionadas a Roubo de Cargas podem ser encaminhadas para o e-mail _deic-dfrc@pc.sc.gov.br da Pol\u00edcia Civil, sendo garantido o anonimato.<\/p>\n<div>&nbsp;<\/div>\t\t\t\t\t\t\t\t<\/div>\n\t\t\t\t<\/div>\n\t\t\t\t\t<\/div>\n\t\t<\/div>\n\t\t\t\t\t<\/div>\n\t\t<\/section>\n\t\t\t\t<section class=\"elementor-section elementor-top-section elementor-element elementor-element-044d21d elementor-section-boxed elementor-section-height-default elementor-section-height-default\" data-id=\"044d21d\" data-element_type=\"section\">\n\t\t\t\t\t\t<div class=\"elementor-container elementor-column-gap-default\">\n\t\t\t\t\t<div class=\"elementor-column elementor-col-100 elementor-top-column elementor-element elementor-element-d6f3af9\" data-id=\"d6f3af9\" data-element_type=\"column\">\n\t\t\t<div class=\"elementor-widget-wrap elementor-element-populated\">\n\t\t\t\t\t\t<div class=\"elementor-element elementor-element-5675ef7 elementor-widget__width-auto elementor-widget elementor-widget-video\" data-id=\"5675ef7\" data-element_type=\"widget\" data-settings=\"{&quot;video_type&quot;:&quot;hosted&quot;,&quot;controls&quot;:&quot;yes&quot;}\" data-widget_type=\"video.default\">\n\t\t\t\t<div class=\"elementor-widget-container\">\n\t\t\t\t\t\t\t<div class=\"e-hosted-video elementor-wrapper elementor-open-inline\">\n\t\t\t\t\t<video class=\"elementor-video\" src=\"https:\/\/pc.sc.gov.br\/wp-content\/uploads\/2023\/11\/WhatsApp-Video-2023-11-09-at-13.36.54-1.mp4\" controls=\"\" preload=\"metadata\"><\/video>\n\t\t\t\t<\/div>\n\t\t\t\t\t\t<\/div>\n\t\t\t\t<\/div>\n\t\t\t\t\t<\/div>\n\t\t<\/div>\n\t\t\t\t\t<\/div>\n\t\t<\/section>\n\t\t\t\t<\/div>\n\t\t","protected":false},"excerpt":{"rendered":"<p>DFRC\/DEIC recupera cargas avaliadas em R$ 1,7 milh\u00e3o e prende l\u00edder do grupo criminoso no paran\u00e1 A Pol\u00edcia Civil De Santa Catarina, por meio da Delegacia de Furtos e Roubos de Cargas (DFRC\/DEIC) recupera cargas furtadas avaliadas em R$ 1,7 milh\u00e3o. Na opera\u00e7\u00e3o realizada nesta quarta-feira (08) foram cumpridos mandados de busca e apreens\u00e3o e [&hellip;]<\/p>\n","protected":false},"author":5,"featured_media":14990,"comment_status":"closed","ping_status":"open","sticky":false,"template":"","format":"standard","meta":{"_monsterinsights_skip_tracking":false,"_monsterinsights_sitenote_active":false,"_monsterinsights_sitenote_note":"","_monsterinsights_sitenote_category":0,"footnotes":""},"categories":[1],"tags":[],"class_list":["post-14989","post","type-post","status-publish","format-standard","has-post-thumbnail","hentry","category-sem-categoria"],"_links":{"self":[{"href":"https:\/\/pc.sc.gov.br\/index.php?rest_route=\/wp\/v2\/posts\/14989","targetHints":{"allow":["GET"]}}],"collection":[{"href":"https:\/\/pc.sc.gov.br\/index.php?rest_route=\/wp\/v2\/posts"}],"about":[{"href":"https:\/\/pc.sc.gov.br\/index.php?rest_route=\/wp\/v2\/types\/post"}],"author":[{"embeddable":true,"href":"https:\/\/pc.sc.gov.br\/index.php?rest_route=\/wp\/v2\/users\/5"}],"replies":[{"embeddable":true,"href":"https:\/\/pc.sc.gov.br\/index.php?rest_route=%2Fwp%2Fv2%2Fcomments&post=14989"}],"version-history":[{"count":8,"href":"https:\/\/pc.sc.gov.br\/index.php?rest_route=\/wp\/v2\/posts\/14989\/revisions"}],"predecessor-version":[{"id":15000,"href":"https:\/\/pc.sc.gov.br\/index.php?rest_route=\/wp\/v2\/posts\/14989\/revisions\/15000"}],"wp:featuredmedia":[{"embeddable":true,"href":"https:\/\/pc.sc.gov.br\/index.php?rest_route=\/wp\/v2\/media\/14990"}],"wp:attachment":[{"href":"https:\/\/pc.sc.gov.br\/index.php?rest_route=%2Fwp%2Fv2%2Fmedia&parent=14989"}],"wp:term":[{"taxonomy":"category","embeddable":true,"href":"https:\/\/pc.sc.gov.br\/index.php?rest_route=%2Fwp%2Fv2%2Fcategories&post=14989"},{"taxonomy":"post_tag","embeddable":true,"href":"https:\/\/pc.sc.gov.br\/index.php?rest_route=%2Fwp%2Fv2%2Ftags&post=14989"}],"curies":[{"name":"wp","href":"https:\/\/api.w.org\/{rel}","templated":true}]}}