{"id":15020,"date":"2023-11-09T16:22:37","date_gmt":"2023-11-09T19:22:37","guid":{"rendered":"https:\/\/pc.sc.gov.br\/?p=15020"},"modified":"2023-11-09T16:24:10","modified_gmt":"2023-11-09T19:24:10","slug":"em-operacao-integrada-contra-crimes-transfronteiricos-policiais-apreendem-cerca-de-uma-tonelada-de-droga-em-caxambu-do-sul","status":"publish","type":"post","link":"https:\/\/pc.sc.gov.br\/?p=15020","title":{"rendered":"Em opera\u00e7\u00e3o integrada contra crimes transfronteiri\u00e7os, policiais apreendem cerca de uma tonelada de droga em Caxambu do Sul"},"content":{"rendered":"\t\t<div data-elementor-type=\"wp-post\" data-elementor-id=\"15020\" class=\"elementor elementor-15020\" data-elementor-post-type=\"post\">\n\t\t\t\t\t\t<section class=\"elementor-section elementor-top-section elementor-element elementor-element-6792153 elementor-section-boxed elementor-section-height-default elementor-section-height-default\" data-id=\"6792153\" data-element_type=\"section\">\n\t\t\t\t\t\t<div class=\"elementor-container elementor-column-gap-default\">\n\t\t\t\t\t<div class=\"elementor-column elementor-col-100 elementor-top-column elementor-element elementor-element-37ec386\" data-id=\"37ec386\" data-element_type=\"column\">\n\t\t\t<div class=\"elementor-widget-wrap elementor-element-populated\">\n\t\t\t\t\t\t<div class=\"elementor-element elementor-element-bb1a49d elementor-widget elementor-widget-heading\" data-id=\"bb1a49d\" data-element_type=\"widget\" data-widget_type=\"heading.default\">\n\t\t\t\t<div class=\"elementor-widget-container\">\n\t\t\t\t\t<h2 class=\"elementor-heading-title elementor-size-default\">Em opera\u00e7\u00e3o integrada contra crimes transfronteiri\u00e7os, policiais apreendem cerca de uma tonelada de droga em Caxambu do Sul<\/h2>\t\t\t\t<\/div>\n\t\t\t\t<\/div>\n\t\t\t\t\t<\/div>\n\t\t<\/div>\n\t\t\t\t\t<\/div>\n\t\t<\/section>\n\t\t\t\t<section class=\"elementor-section elementor-top-section elementor-element elementor-element-cba3b6f elementor-section-boxed elementor-section-height-default elementor-section-height-default\" data-id=\"cba3b6f\" data-element_type=\"section\">\n\t\t\t\t\t\t<div class=\"elementor-container elementor-column-gap-default\">\n\t\t\t\t\t<div class=\"elementor-column elementor-col-100 elementor-top-column elementor-element elementor-element-ad66acd\" data-id=\"ad66acd\" data-element_type=\"column\">\n\t\t\t<div class=\"elementor-widget-wrap elementor-element-populated\">\n\t\t\t\t\t\t<div class=\"elementor-element elementor-element-f2a812a elementor-widget elementor-widget-image\" data-id=\"f2a812a\" data-element_type=\"widget\" data-widget_type=\"image.default\">\n\t\t\t\t<div class=\"elementor-widget-container\">\n\t\t\t\t\t\t\t\t\t\t\t\t\t\t\t<img fetchpriority=\"high\" decoding=\"async\" width=\"696\" height=\"606\" src=\"https:\/\/pc.sc.gov.br\/\/wp-content\/uploads\/2023\/11\/56c287a7-8227-4204-9754-d25f9cb8c1f6-fotor-20231109161524-1024x891.jpg\" class=\"attachment-large size-large wp-image-15016\" alt=\"\" srcset=\"https:\/\/pc.sc.gov.br\/\/wp-content\/uploads\/2023\/11\/56c287a7-8227-4204-9754-d25f9cb8c1f6-fotor-20231109161524-1024x891.jpg 1024w, https:\/\/pc.sc.gov.br\/\/wp-content\/uploads\/2023\/11\/56c287a7-8227-4204-9754-d25f9cb8c1f6-fotor-20231109161524-300x261.jpg 300w, https:\/\/pc.sc.gov.br\/\/wp-content\/uploads\/2023\/11\/56c287a7-8227-4204-9754-d25f9cb8c1f6-fotor-20231109161524-768x668.jpg 768w, https:\/\/pc.sc.gov.br\/\/wp-content\/uploads\/2023\/11\/56c287a7-8227-4204-9754-d25f9cb8c1f6-fotor-20231109161524.jpg 1176w\" sizes=\"(max-width: 696px) 100vw, 696px\" \/>\t\t\t\t\t\t\t\t\t\t\t\t\t\t\t<\/div>\n\t\t\t\t<\/div>\n\t\t\t\t\t<\/div>\n\t\t<\/div>\n\t\t\t\t\t<\/div>\n\t\t<\/section>\n\t\t\t\t<section class=\"elementor-section elementor-top-section elementor-element elementor-element-441ee12 elementor-section-boxed elementor-section-height-default elementor-section-height-default\" data-id=\"441ee12\" data-element_type=\"section\">\n\t\t\t\t\t\t<div class=\"elementor-container elementor-column-gap-default\">\n\t\t\t\t\t<div class=\"elementor-column elementor-col-100 elementor-top-column elementor-element elementor-element-587d759\" data-id=\"587d759\" data-element_type=\"column\">\n\t\t\t<div class=\"elementor-widget-wrap elementor-element-populated\">\n\t\t\t\t\t\t<div class=\"elementor-element elementor-element-34cb4bc elementor-widget elementor-widget-text-editor\" data-id=\"34cb4bc\" data-element_type=\"widget\" data-widget_type=\"text-editor.default\">\n\t\t\t\t<div class=\"elementor-widget-container\">\n\t\t\t\t\t\t\t\t\t<p>Uma opera\u00e7\u00e3o integrada de combate aos crimes transfronteiri\u00e7os, entre Pol\u00edcia Civil, Saer Pol\u00edcia Rodovi\u00e1ria Federal, Pol\u00edcia Militar Rodovi\u00e1ria, Pol\u00edcia Militar e GAECO, na noite de ter\u00e7a-feira (08) culminou na pris\u00e3o de dois homens e uma mulher, os quais transportavam grande quantidade de subst\u00e2ncia entorpecente.&nbsp;<\/p>\n<p>O fato ocorreu na balsa do munic\u00edpio de Caxambu do Sul, quando as for\u00e7as policias deram ordem de parada a uma caminhonete de cor prata e um Ford\/Fiesta tamb\u00e9m de cor prata. O condutor da caminhonete n\u00e3o obedeceu a ordem de parada, passou sobre a balsa e se jogou junto ao ve\u00edculo, no lago da Usina Foz Chapec\u00f3.&nbsp;<span style=\"font-family: var( --e-global-typography-primary-font-family ), Sans-serif; font-size: var( --e-global-typography-primary-font-size ); font-weight: var( --e-global-typography-primary-font-weight ); letter-spacing: var( --e-global-typography-primary-letter-spacing );\">Na sequ\u00eancia saiu nadando e foi detido juntamente com o casal que estava em outro ve\u00edculo dando apoio.&nbsp;<\/span><\/p>\n<p>Em raz\u00e3o da situa\u00e7\u00e3o, foi solicitado apoio de mergulhadores do Corpo de Bombeiros Volunt\u00e1rios de Conc\u00f3rdia e do Grupo T\u00e1tico de Conc\u00f3rdia, bem como de uma m\u00e1quina da prefeitura de Caxambu do Sul para conseguir remover o ve\u00edculo de dentro do rio.<\/p>\n<p>Ap\u00f3s a retirada da caminhonete foi constatado que estava carregando grande quantidade de maconha, que pelo volume, pode passar de uma tonelada da droga. Na verifica\u00e7\u00e3o dos sinais identificadores do ve\u00edculo, foi poss\u00edvel apurar que possui registro de furto\/roubo e que portava placas de outro ve\u00edculo de caracter\u00edsticas semelhantes. Ve\u00edculos, droga e detidos foram encaminhados a CPP de Chapec\u00f3 para devidas provid\u00eancias.<span style=\"color: var( --e-global-color-text ); font-family: var( --e-global-typography-primary-font-family ), Sans-serif; font-size: var( --e-global-typography-primary-font-size ); font-weight: var( --e-global-typography-primary-font-weight ); letter-spacing: var( --e-global-typography-primary-letter-spacing );\">&nbsp;<\/span><\/p>\t\t\t\t\t\t\t\t<\/div>\n\t\t\t\t<\/div>\n\t\t\t\t\t<\/div>\n\t\t<\/div>\n\t\t\t\t\t<\/div>\n\t\t<\/section>\n\t\t\t\t<section class=\"elementor-section elementor-top-section elementor-element elementor-element-5a283bf elementor-section-boxed elementor-section-height-default elementor-section-height-default\" data-id=\"5a283bf\" data-element_type=\"section\">\n\t\t\t\t\t\t<div class=\"elementor-container elementor-column-gap-default\">\n\t\t\t\t\t<div class=\"elementor-column elementor-col-100 elementor-top-column elementor-element elementor-element-e1b4c25\" data-id=\"e1b4c25\" data-element_type=\"column\">\n\t\t\t<div class=\"elementor-widget-wrap elementor-element-populated\">\n\t\t\t\t\t\t<div class=\"elementor-element elementor-element-a058020 elementor-widget elementor-widget-video\" data-id=\"a058020\" data-element_type=\"widget\" data-settings=\"{&quot;video_type&quot;:&quot;hosted&quot;,&quot;controls&quot;:&quot;yes&quot;}\" data-widget_type=\"video.default\">\n\t\t\t\t<div class=\"elementor-widget-container\">\n\t\t\t\t\t\t\t<div class=\"e-hosted-video elementor-wrapper elementor-open-inline\">\n\t\t\t\t\t<video class=\"elementor-video\" src=\"https:\/\/pc.sc.gov.br\/wp-content\/uploads\/2023\/11\/WhatsApp-Video-2023-11-09-at-06.10.04.mp4\" controls=\"\" preload=\"metadata\"><\/video>\n\t\t\t\t<\/div>\n\t\t\t\t\t\t<\/div>\n\t\t\t\t<\/div>\n\t\t\t\t\t<\/div>\n\t\t<\/div>\n\t\t\t\t\t<\/div>\n\t\t<\/section>\n\t\t\t\t<\/div>\n\t\t","protected":false},"excerpt":{"rendered":"<p>Em opera\u00e7\u00e3o integrada contra crimes transfronteiri\u00e7os, policiais apreendem cerca de uma tonelada de droga em Caxambu do Sul Uma opera\u00e7\u00e3o integrada de combate aos crimes transfronteiri\u00e7os, entre Pol\u00edcia Civil, Saer Pol\u00edcia Rodovi\u00e1ria Federal, Pol\u00edcia Militar Rodovi\u00e1ria, Pol\u00edcia Militar e GAECO, na noite de ter\u00e7a-feira (08) culminou na pris\u00e3o de dois homens e uma mulher, os [&hellip;]<\/p>\n","protected":false},"author":5,"featured_media":15016,"comment_status":"closed","ping_status":"open","sticky":false,"template":"","format":"standard","meta":{"_monsterinsights_skip_tracking":false,"_monsterinsights_sitenote_active":false,"_monsterinsights_sitenote_note":"","_monsterinsights_sitenote_category":0,"footnotes":""},"categories":[1],"tags":[],"class_list":["post-15020","post","type-post","status-publish","format-standard","has-post-thumbnail","hentry","category-sem-categoria"],"_links":{"self":[{"href":"https:\/\/pc.sc.gov.br\/index.php?rest_route=\/wp\/v2\/posts\/15020","targetHints":{"allow":["GET"]}}],"collection":[{"href":"https:\/\/pc.sc.gov.br\/index.php?rest_route=\/wp\/v2\/posts"}],"about":[{"href":"https:\/\/pc.sc.gov.br\/index.php?rest_route=\/wp\/v2\/types\/post"}],"author":[{"embeddable":true,"href":"https:\/\/pc.sc.gov.br\/index.php?rest_route=\/wp\/v2\/users\/5"}],"replies":[{"embeddable":true,"href":"https:\/\/pc.sc.gov.br\/index.php?rest_route=%2Fwp%2Fv2%2Fcomments&post=15020"}],"version-history":[{"count":4,"href":"https:\/\/pc.sc.gov.br\/index.php?rest_route=\/wp\/v2\/posts\/15020\/revisions"}],"predecessor-version":[{"id":15025,"href":"https:\/\/pc.sc.gov.br\/index.php?rest_route=\/wp\/v2\/posts\/15020\/revisions\/15025"}],"wp:featuredmedia":[{"embeddable":true,"href":"https:\/\/pc.sc.gov.br\/index.php?rest_route=\/wp\/v2\/media\/15016"}],"wp:attachment":[{"href":"https:\/\/pc.sc.gov.br\/index.php?rest_route=%2Fwp%2Fv2%2Fmedia&parent=15020"}],"wp:term":[{"taxonomy":"category","embeddable":true,"href":"https:\/\/pc.sc.gov.br\/index.php?rest_route=%2Fwp%2Fv2%2Fcategories&post=15020"},{"taxonomy":"post_tag","embeddable":true,"href":"https:\/\/pc.sc.gov.br\/index.php?rest_route=%2Fwp%2Fv2%2Ftags&post=15020"}],"curies":[{"name":"wp","href":"https:\/\/api.w.org\/{rel}","templated":true}]}}