{"id":15026,"date":"2023-11-09T17:14:14","date_gmt":"2023-11-09T20:14:14","guid":{"rendered":"https:\/\/pc.sc.gov.br\/?p=15026"},"modified":"2023-11-09T17:15:08","modified_gmt":"2023-11-09T20:15:08","slug":"policia-civil-prende-seis-pessoas-foragidas-pela-pratica-de-diversos-crimes-em-lages","status":"publish","type":"post","link":"https:\/\/pc.sc.gov.br\/?p=15026","title":{"rendered":"Pol\u00edcia Civil prende seis pessoas foragidas pela pr\u00e1tica de diversos crimes em Lages"},"content":{"rendered":"\t\t<div data-elementor-type=\"wp-post\" data-elementor-id=\"15026\" class=\"elementor elementor-15026\" data-elementor-post-type=\"post\">\n\t\t\t\t\t\t<section class=\"elementor-section elementor-top-section elementor-element elementor-element-19f1dee elementor-section-boxed elementor-section-height-default elementor-section-height-default\" data-id=\"19f1dee\" data-element_type=\"section\">\n\t\t\t\t\t\t<div class=\"elementor-container elementor-column-gap-default\">\n\t\t\t\t\t<div class=\"elementor-column elementor-col-100 elementor-top-column elementor-element elementor-element-3ebd672\" data-id=\"3ebd672\" data-element_type=\"column\">\n\t\t\t<div class=\"elementor-widget-wrap elementor-element-populated\">\n\t\t\t\t\t\t<div class=\"elementor-element elementor-element-fc49fed elementor-widget elementor-widget-heading\" data-id=\"fc49fed\" data-element_type=\"widget\" data-widget_type=\"heading.default\">\n\t\t\t\t<div class=\"elementor-widget-container\">\n\t\t\t\t\t<h2 class=\"elementor-heading-title elementor-size-default\">Pol\u00edcia Civil prende seis pessoas foragidas pela pr\u00e1tica de diversos crimes em Lages<\/h2>\t\t\t\t<\/div>\n\t\t\t\t<\/div>\n\t\t\t\t\t<\/div>\n\t\t<\/div>\n\t\t\t\t\t<\/div>\n\t\t<\/section>\n\t\t\t\t<section class=\"elementor-section elementor-top-section elementor-element elementor-element-59ddfb4 elementor-section-boxed elementor-section-height-default elementor-section-height-default\" data-id=\"59ddfb4\" data-element_type=\"section\">\n\t\t\t\t\t\t<div class=\"elementor-container elementor-column-gap-default\">\n\t\t\t\t\t<div class=\"elementor-column elementor-col-100 elementor-top-column elementor-element elementor-element-1aa2a68\" data-id=\"1aa2a68\" data-element_type=\"column\">\n\t\t\t<div class=\"elementor-widget-wrap elementor-element-populated\">\n\t\t\t\t\t\t<div class=\"elementor-element elementor-element-2ba19ff elementor-widget elementor-widget-image\" data-id=\"2ba19ff\" data-element_type=\"widget\" data-widget_type=\"image.default\">\n\t\t\t\t<div class=\"elementor-widget-container\">\n\t\t\t\t\t\t\t\t\t\t\t\t\t\t\t<img fetchpriority=\"high\" decoding=\"async\" width=\"696\" height=\"407\" src=\"https:\/\/pc.sc.gov.br\/\/wp-content\/uploads\/2023\/11\/5b0d9a59-3d74-4fd4-8a1a-86f565da1ccb-fotor-20231003143629.png\" class=\"attachment-large size-large wp-image-15028\" alt=\"\" srcset=\"https:\/\/pc.sc.gov.br\/\/wp-content\/uploads\/2023\/11\/5b0d9a59-3d74-4fd4-8a1a-86f565da1ccb-fotor-20231003143629.png 796w, https:\/\/pc.sc.gov.br\/\/wp-content\/uploads\/2023\/11\/5b0d9a59-3d74-4fd4-8a1a-86f565da1ccb-fotor-20231003143629-300x176.png 300w, https:\/\/pc.sc.gov.br\/\/wp-content\/uploads\/2023\/11\/5b0d9a59-3d74-4fd4-8a1a-86f565da1ccb-fotor-20231003143629-768x450.png 768w\" sizes=\"(max-width: 696px) 100vw, 696px\" \/>\t\t\t\t\t\t\t\t\t\t\t\t\t\t\t<\/div>\n\t\t\t\t<\/div>\n\t\t\t\t\t<\/div>\n\t\t<\/div>\n\t\t\t\t\t<\/div>\n\t\t<\/section>\n\t\t\t\t<section class=\"elementor-section elementor-top-section elementor-element elementor-element-1c8768c elementor-section-boxed elementor-section-height-default elementor-section-height-default\" data-id=\"1c8768c\" data-element_type=\"section\">\n\t\t\t\t\t\t<div class=\"elementor-container elementor-column-gap-default\">\n\t\t\t\t\t<div class=\"elementor-column elementor-col-100 elementor-top-column elementor-element elementor-element-3bb1b60\" data-id=\"3bb1b60\" data-element_type=\"column\">\n\t\t\t<div class=\"elementor-widget-wrap elementor-element-populated\">\n\t\t\t\t\t\t<div class=\"elementor-element elementor-element-682eb7a elementor-widget elementor-widget-text-editor\" data-id=\"682eb7a\" data-element_type=\"widget\" data-widget_type=\"text-editor.default\">\n\t\t\t\t<div class=\"elementor-widget-container\">\n\t\t\t\t\t\t\t\t\t<p>A Pol\u00edcia Civil, por meio da Divis\u00e3o de Investiga\u00e7\u00e3o Criminal (DIC) Lages, efetuou, na quarta-feira (08), a pris\u00e3o de seis pessoas procuradas pela Justi\u00e7a em raz\u00e3o da pr\u00e1tica de diversos crimes em Lages.<\/p>\n<p>As pris\u00f5es foram efetuadas ap\u00f3s dilig\u00eancias que identificaram a localiza\u00e7\u00e3o dos foragidos. S\u00e3o pris\u00f5es cautelares, de indiv\u00edduos procurados pela pr\u00e1tica do crime de tr\u00e1fico de drogas, adultera\u00e7\u00e3o de sinal de ve\u00edculo automotor e crimes contra o patrim\u00f4nio como furtos. Tamb\u00e9m foi realizada a pris\u00e3o de um indiv\u00edduo condenado pelo crime de estupro de vulner\u00e1vel.<\/p>\n<p>Ap\u00f3s confirmar a localiza\u00e7\u00e3o dos alvos, os policiais realizaram campanas e conseguiram efetivar a captura dos procurados, que foram encaminhados para a Divis\u00e3o de Investiga\u00e7\u00e3o Criminal (DIC), onde foram formalizados os procedimentos legais.&nbsp;<span style=\"font-family: var( --e-global-typography-primary-font-family ), Sans-serif; font-size: var( --e-global-typography-primary-font-size ); font-weight: var( --e-global-typography-primary-font-weight ); letter-spacing: var( --e-global-typography-primary-letter-spacing );\">Ap\u00f3s os tr\u00e2mites legais, os presos foram encaminhados para o Pres\u00eddio Masculino de Lages, onde permanecer\u00e3o \u00e0 disposi\u00e7\u00e3o da justi\u00e7a.<\/span><\/p>\n<div>&nbsp;<\/div>\t\t\t\t\t\t\t\t<\/div>\n\t\t\t\t<\/div>\n\t\t\t\t\t<\/div>\n\t\t<\/div>\n\t\t\t\t\t<\/div>\n\t\t<\/section>\n\t\t\t\t<\/div>\n\t\t","protected":false},"excerpt":{"rendered":"<p>Pol\u00edcia Civil prende seis pessoas foragidas pela pr\u00e1tica de diversos crimes em Lages A Pol\u00edcia Civil, por meio da Divis\u00e3o de Investiga\u00e7\u00e3o Criminal (DIC) Lages, efetuou, na quarta-feira (08), a pris\u00e3o de seis pessoas procuradas pela Justi\u00e7a em raz\u00e3o da pr\u00e1tica de diversos crimes em Lages. As pris\u00f5es foram efetuadas ap\u00f3s dilig\u00eancias que identificaram a [&hellip;]<\/p>\n","protected":false},"author":5,"featured_media":14582,"comment_status":"closed","ping_status":"open","sticky":false,"template":"","format":"standard","meta":{"_monsterinsights_skip_tracking":false,"_monsterinsights_sitenote_active":false,"_monsterinsights_sitenote_note":"","_monsterinsights_sitenote_category":0,"footnotes":""},"categories":[1],"tags":[],"class_list":["post-15026","post","type-post","status-publish","format-standard","has-post-thumbnail","hentry","category-sem-categoria"],"_links":{"self":[{"href":"https:\/\/pc.sc.gov.br\/index.php?rest_route=\/wp\/v2\/posts\/15026","targetHints":{"allow":["GET"]}}],"collection":[{"href":"https:\/\/pc.sc.gov.br\/index.php?rest_route=\/wp\/v2\/posts"}],"about":[{"href":"https:\/\/pc.sc.gov.br\/index.php?rest_route=\/wp\/v2\/types\/post"}],"author":[{"embeddable":true,"href":"https:\/\/pc.sc.gov.br\/index.php?rest_route=\/wp\/v2\/users\/5"}],"replies":[{"embeddable":true,"href":"https:\/\/pc.sc.gov.br\/index.php?rest_route=%2Fwp%2Fv2%2Fcomments&post=15026"}],"version-history":[{"count":4,"href":"https:\/\/pc.sc.gov.br\/index.php?rest_route=\/wp\/v2\/posts\/15026\/revisions"}],"predecessor-version":[{"id":15031,"href":"https:\/\/pc.sc.gov.br\/index.php?rest_route=\/wp\/v2\/posts\/15026\/revisions\/15031"}],"wp:featuredmedia":[{"embeddable":true,"href":"https:\/\/pc.sc.gov.br\/index.php?rest_route=\/wp\/v2\/media\/14582"}],"wp:attachment":[{"href":"https:\/\/pc.sc.gov.br\/index.php?rest_route=%2Fwp%2Fv2%2Fmedia&parent=15026"}],"wp:term":[{"taxonomy":"category","embeddable":true,"href":"https:\/\/pc.sc.gov.br\/index.php?rest_route=%2Fwp%2Fv2%2Fcategories&post=15026"},{"taxonomy":"post_tag","embeddable":true,"href":"https:\/\/pc.sc.gov.br\/index.php?rest_route=%2Fwp%2Fv2%2Ftags&post=15026"}],"curies":[{"name":"wp","href":"https:\/\/api.w.org\/{rel}","templated":true}]}}