{"id":15032,"date":"2023-11-09T18:52:22","date_gmt":"2023-11-09T21:52:22","guid":{"rendered":"https:\/\/pc.sc.gov.br\/?p=15032"},"modified":"2023-11-09T18:53:32","modified_gmt":"2023-11-09T21:53:32","slug":"policia-civil-indicia-dupla-de-estelionatarios-por-golpe-do-motoboy-praticado-contra-idosos-em-florianopolis","status":"publish","type":"post","link":"https:\/\/pc.sc.gov.br\/?p=15032","title":{"rendered":"Pol\u00edcia Civil indicia dupla de estelionat\u00e1rios por \u201cGolpe do Motoboy\u201d praticado contra idosos em Florian\u00f3polis"},"content":{"rendered":"\t\t<div data-elementor-type=\"wp-post\" data-elementor-id=\"15032\" class=\"elementor elementor-15032\" data-elementor-post-type=\"post\">\n\t\t\t\t\t\t<section class=\"elementor-section elementor-top-section elementor-element elementor-element-38f75ab elementor-section-boxed elementor-section-height-default elementor-section-height-default\" data-id=\"38f75ab\" data-element_type=\"section\">\n\t\t\t\t\t\t<div class=\"elementor-container elementor-column-gap-default\">\n\t\t\t\t\t<div class=\"elementor-column elementor-col-100 elementor-top-column elementor-element elementor-element-3298653\" data-id=\"3298653\" data-element_type=\"column\">\n\t\t\t<div class=\"elementor-widget-wrap elementor-element-populated\">\n\t\t\t\t\t\t<div class=\"elementor-element elementor-element-a075b56 elementor-widget elementor-widget-heading\" data-id=\"a075b56\" data-element_type=\"widget\" data-widget_type=\"heading.default\">\n\t\t\t\t<div class=\"elementor-widget-container\">\n\t\t\t\t\t<h2 class=\"elementor-heading-title elementor-size-default\">Pol\u00edcia Civil indicia dupla de estelionat\u00e1rios por \u201cGolpe do Motoboy\u201d praticado contra idosos em Florian\u00f3polis\n<\/h2>\t\t\t\t<\/div>\n\t\t\t\t<\/div>\n\t\t\t\t\t<\/div>\n\t\t<\/div>\n\t\t\t\t\t<\/div>\n\t\t<\/section>\n\t\t\t\t<section class=\"elementor-section elementor-top-section elementor-element elementor-element-b2d88de elementor-section-boxed elementor-section-height-default elementor-section-height-default\" data-id=\"b2d88de\" data-element_type=\"section\">\n\t\t\t\t\t\t<div class=\"elementor-container elementor-column-gap-default\">\n\t\t\t\t\t<div class=\"elementor-column elementor-col-100 elementor-top-column elementor-element elementor-element-222e86e\" data-id=\"222e86e\" data-element_type=\"column\">\n\t\t\t<div class=\"elementor-widget-wrap elementor-element-populated\">\n\t\t\t\t\t\t<div class=\"elementor-element elementor-element-df33dc7 elementor-widget elementor-widget-image\" data-id=\"df33dc7\" data-element_type=\"widget\" data-widget_type=\"image.default\">\n\t\t\t\t<div class=\"elementor-widget-container\">\n\t\t\t\t\t\t\t\t\t\t\t\t\t\t\t<img fetchpriority=\"high\" decoding=\"async\" width=\"696\" height=\"438\" src=\"https:\/\/pc.sc.gov.br\/\/wp-content\/uploads\/2023\/10\/WhatsApp-Image-2023-07-20-at-16.06.12-fotor-20231005141141.jpg\" class=\"attachment-large size-large wp-image-14144\" alt=\"\" srcset=\"https:\/\/pc.sc.gov.br\/\/wp-content\/uploads\/2023\/10\/WhatsApp-Image-2023-07-20-at-16.06.12-fotor-20231005141141.jpg 825w, https:\/\/pc.sc.gov.br\/\/wp-content\/uploads\/2023\/10\/WhatsApp-Image-2023-07-20-at-16.06.12-fotor-20231005141141-300x189.jpg 300w, https:\/\/pc.sc.gov.br\/\/wp-content\/uploads\/2023\/10\/WhatsApp-Image-2023-07-20-at-16.06.12-fotor-20231005141141-768x483.jpg 768w\" sizes=\"(max-width: 696px) 100vw, 696px\" \/>\t\t\t\t\t\t\t\t\t\t\t\t\t\t\t<\/div>\n\t\t\t\t<\/div>\n\t\t\t\t\t<\/div>\n\t\t<\/div>\n\t\t\t\t\t<\/div>\n\t\t<\/section>\n\t\t\t\t<section class=\"elementor-section elementor-top-section elementor-element elementor-element-97cdf15 elementor-section-boxed elementor-section-height-default elementor-section-height-default\" data-id=\"97cdf15\" data-element_type=\"section\">\n\t\t\t\t\t\t<div class=\"elementor-container elementor-column-gap-default\">\n\t\t\t\t\t<div class=\"elementor-column elementor-col-100 elementor-top-column elementor-element elementor-element-7bea7e2\" data-id=\"7bea7e2\" data-element_type=\"column\">\n\t\t\t<div class=\"elementor-widget-wrap elementor-element-populated\">\n\t\t\t\t\t\t<div class=\"elementor-element elementor-element-0892ad9 elementor-widget elementor-widget-text-editor\" data-id=\"0892ad9\" data-element_type=\"widget\" data-widget_type=\"text-editor.default\">\n\t\t\t\t<div class=\"elementor-widget-container\">\n\t\t\t\t\t\t\t\t\t<p>A Pol\u00edcia Civil de Santa Catarina, por meio da 5\u00aa Delegacia de Pol\u00edcia da Capital, identificou e indiciou dois homens, oriundos do estado do Rio de Janeiro, pelo crime de estelionato perpetrado em face de idoso ou vulner\u00e1vel em Florian\u00f3polis.<br><br>A dupla de criminosos chegou a Florian\u00f3polis no dia 11 de junho deste ano. Ap\u00f3s locarem um ve\u00edculo, os criminosos perpetraram o \u201cgolpe do motoboy\u201d, ao entrarem em contato com a v\u00edtima passando-se por representantes de institui\u00e7\u00f5es banc\u00e1rias e, ap\u00f3s informarem que os cart\u00f5es delas foram \u201cclonados\u201d, acabaram convencendo-as a entregar os cart\u00f5es para eles.<br><br>A 5\u00aa Delegacia de Pol\u00edcia da Capital identificou duas v\u00edtimas. Todavia, a Pol\u00edcia Civil acredita que os criminosos tenham cometido mais delitos na Grande Florian\u00f3polis, pois eles locaram um segundo ve\u00edculo e s\u00f3 retornaram para o Rio de Janeiro no dia 04 de julho.<br><br>Diante dos fatos graves, a Pol\u00edcia Civil representou pela pris\u00e3o preventiva dos envolvidos. O Minist\u00e9rio P\u00fablico foi favor\u00e1vel ao pleito. Todavia, o Poder Judici\u00e1rio, indeferiu o pedido de pris\u00e3o.<\/p>\t\t\t\t\t\t\t\t<\/div>\n\t\t\t\t<\/div>\n\t\t\t\t\t<\/div>\n\t\t<\/div>\n\t\t\t\t\t<\/div>\n\t\t<\/section>\n\t\t\t\t<\/div>\n\t\t","protected":false},"excerpt":{"rendered":"<p>Pol\u00edcia Civil indicia dupla de estelionat\u00e1rios por \u201cGolpe do Motoboy\u201d praticado contra idosos em Florian\u00f3polis A Pol\u00edcia Civil de Santa Catarina, por meio da 5\u00aa Delegacia de Pol\u00edcia da Capital, identificou e indiciou dois homens, oriundos do estado do Rio de Janeiro, pelo crime de estelionato perpetrado em face de idoso ou vulner\u00e1vel em Florian\u00f3polis. [&hellip;]<\/p>\n","protected":false},"author":5,"featured_media":14144,"comment_status":"closed","ping_status":"open","sticky":false,"template":"","format":"standard","meta":{"_monsterinsights_skip_tracking":false,"_monsterinsights_sitenote_active":false,"_monsterinsights_sitenote_note":"","_monsterinsights_sitenote_category":0,"footnotes":""},"categories":[1],"tags":[],"class_list":["post-15032","post","type-post","status-publish","format-standard","has-post-thumbnail","hentry","category-sem-categoria"],"_links":{"self":[{"href":"https:\/\/pc.sc.gov.br\/index.php?rest_route=\/wp\/v2\/posts\/15032","targetHints":{"allow":["GET"]}}],"collection":[{"href":"https:\/\/pc.sc.gov.br\/index.php?rest_route=\/wp\/v2\/posts"}],"about":[{"href":"https:\/\/pc.sc.gov.br\/index.php?rest_route=\/wp\/v2\/types\/post"}],"author":[{"embeddable":true,"href":"https:\/\/pc.sc.gov.br\/index.php?rest_route=\/wp\/v2\/users\/5"}],"replies":[{"embeddable":true,"href":"https:\/\/pc.sc.gov.br\/index.php?rest_route=%2Fwp%2Fv2%2Fcomments&post=15032"}],"version-history":[{"count":4,"href":"https:\/\/pc.sc.gov.br\/index.php?rest_route=\/wp\/v2\/posts\/15032\/revisions"}],"predecessor-version":[{"id":15036,"href":"https:\/\/pc.sc.gov.br\/index.php?rest_route=\/wp\/v2\/posts\/15032\/revisions\/15036"}],"wp:featuredmedia":[{"embeddable":true,"href":"https:\/\/pc.sc.gov.br\/index.php?rest_route=\/wp\/v2\/media\/14144"}],"wp:attachment":[{"href":"https:\/\/pc.sc.gov.br\/index.php?rest_route=%2Fwp%2Fv2%2Fmedia&parent=15032"}],"wp:term":[{"taxonomy":"category","embeddable":true,"href":"https:\/\/pc.sc.gov.br\/index.php?rest_route=%2Fwp%2Fv2%2Fcategories&post=15032"},{"taxonomy":"post_tag","embeddable":true,"href":"https:\/\/pc.sc.gov.br\/index.php?rest_route=%2Fwp%2Fv2%2Ftags&post=15032"}],"curies":[{"name":"wp","href":"https:\/\/api.w.org\/{rel}","templated":true}]}}