{"id":15037,"date":"2023-11-10T13:33:43","date_gmt":"2023-11-10T16:33:43","guid":{"rendered":"https:\/\/pc.sc.gov.br\/?p=15037"},"modified":"2023-11-10T13:35:36","modified_gmt":"2023-11-10T16:35:36","slug":"em-sao-jose-delegacia-de-capturas-da-deic-prende-homem-condenado-por-roubo-pela-justica-gaucha","status":"publish","type":"post","link":"https:\/\/pc.sc.gov.br\/?p=15037","title":{"rendered":"Em S\u00e3o Jos\u00e9, Delegacia de Capturas da DEIC prende homem condenado por roubo pela Justi\u00e7a ga\u00facha"},"content":{"rendered":"\t\t<div data-elementor-type=\"wp-post\" data-elementor-id=\"15037\" class=\"elementor elementor-15037\" data-elementor-post-type=\"post\">\n\t\t\t\t\t\t<section class=\"elementor-section elementor-top-section elementor-element elementor-element-9bbe255 elementor-section-boxed elementor-section-height-default elementor-section-height-default\" data-id=\"9bbe255\" data-element_type=\"section\">\n\t\t\t\t\t\t<div class=\"elementor-container elementor-column-gap-default\">\n\t\t\t\t\t<div class=\"elementor-column elementor-col-100 elementor-top-column elementor-element elementor-element-121ff47\" data-id=\"121ff47\" data-element_type=\"column\">\n\t\t\t<div class=\"elementor-widget-wrap elementor-element-populated\">\n\t\t\t\t\t\t<div class=\"elementor-element elementor-element-2475462 elementor-widget elementor-widget-heading\" data-id=\"2475462\" data-element_type=\"widget\" data-widget_type=\"heading.default\">\n\t\t\t\t<div class=\"elementor-widget-container\">\n\t\t\t\t\t<h2 class=\"elementor-heading-title elementor-size-default\">Em S\u00e3o Jos\u00e9, Delegacia de Capturas da DEIC prende homem condenado por roubo pela Justi\u00e7a ga\u00facha<\/h2>\t\t\t\t<\/div>\n\t\t\t\t<\/div>\n\t\t\t\t\t<\/div>\n\t\t<\/div>\n\t\t\t\t\t<\/div>\n\t\t<\/section>\n\t\t\t\t<section class=\"elementor-section elementor-top-section elementor-element elementor-element-6ca42dc elementor-section-boxed elementor-section-height-default elementor-section-height-default\" data-id=\"6ca42dc\" data-element_type=\"section\">\n\t\t\t\t\t\t<div class=\"elementor-container elementor-column-gap-default\">\n\t\t\t\t\t<div class=\"elementor-column elementor-col-100 elementor-top-column elementor-element elementor-element-aaf70ad\" data-id=\"aaf70ad\" data-element_type=\"column\">\n\t\t\t<div class=\"elementor-widget-wrap elementor-element-populated\">\n\t\t\t\t\t\t<div class=\"elementor-element elementor-element-fa5f2ac elementor-widget elementor-widget-image\" data-id=\"fa5f2ac\" data-element_type=\"widget\" data-widget_type=\"image.default\">\n\t\t\t\t<div class=\"elementor-widget-container\">\n\t\t\t\t\t\t\t\t\t\t\t\t\t\t\t<img fetchpriority=\"high\" decoding=\"async\" width=\"696\" height=\"488\" src=\"https:\/\/pc.sc.gov.br\/\/wp-content\/uploads\/2023\/11\/WhatsApp-Image-2023-11-07-at-18.32.08-e1699392886369-1024x718.jpeg\" class=\"attachment-large size-large wp-image-14916\" alt=\"\" srcset=\"https:\/\/pc.sc.gov.br\/\/wp-content\/uploads\/2023\/11\/WhatsApp-Image-2023-11-07-at-18.32.08-e1699392886369-1024x718.jpeg 1024w, https:\/\/pc.sc.gov.br\/\/wp-content\/uploads\/2023\/11\/WhatsApp-Image-2023-11-07-at-18.32.08-e1699392886369-300x210.jpeg 300w, https:\/\/pc.sc.gov.br\/\/wp-content\/uploads\/2023\/11\/WhatsApp-Image-2023-11-07-at-18.32.08-e1699392886369-768x539.jpeg 768w, https:\/\/pc.sc.gov.br\/\/wp-content\/uploads\/2023\/11\/WhatsApp-Image-2023-11-07-at-18.32.08-e1699392886369.jpeg 1277w\" sizes=\"(max-width: 696px) 100vw, 696px\" \/>\t\t\t\t\t\t\t\t\t\t\t\t\t\t\t<\/div>\n\t\t\t\t<\/div>\n\t\t\t\t<div class=\"elementor-element elementor-element-5c1f520 elementor-widget elementor-widget-text-editor\" data-id=\"5c1f520\" data-element_type=\"widget\" data-widget_type=\"text-editor.default\">\n\t\t\t\t<div class=\"elementor-widget-container\">\n\t\t\t\t\t\t\t\t\t<p>Na quinta-feira (9), a Pol\u00edcia Civil de Santa Catarina, por meio da Delegacia de Capturas da Diretoria Estadual de Investiga\u00e7\u00f5es Criminais, cumpriu mandado de pris\u00e3o expedido por senten\u00e7a definitiva pelo crime de roubo, previsto no Art. 157, \u00a72, I e \u00a72 I do C\u00f3digo Penal, oriundo da Vara Criminal da Comarca de Santana do Livramento no estado do Rio Grande do Sul.<br \/>Ciente do mandado de pris\u00e3o em seu desfavor, expedido em 2019, o homem saiu da comarca que residia no estado vizinho e seu paradeiro desde ent\u00e3o era desconhecido. A delegacia especializada da Pol\u00edcia Civil de Santa Catarina foi demandada por policiais ga\u00fachos para localiza\u00e7\u00e3o e pris\u00e3o desse indiv\u00edduo.<br \/>Assim, ap\u00f3s troca de informa\u00e7\u00e3o com pol\u00edcias do Rio Grande do Sul e diversas dilig\u00eancias investigativas, foi poss\u00edvel descobrir o paradeiro do homem, sendo ele acompanhado pelas equipes da Delegacia de Capturas e abordado ao entrar em uma resid\u00eancia localizada em comunidade situada em S\u00e3o Jos\u00e9.<br \/>Den\u00fancias e informa\u00e7\u00f5es relacionadas a foragidos da Justi\u00e7a podem ser encaminhadas para o e-mail deic-capturas@pc.sc.gov.br. O anonimato \u00e9 garantido. <\/p>\t\t\t\t\t\t\t\t<\/div>\n\t\t\t\t<\/div>\n\t\t\t\t\t<\/div>\n\t\t<\/div>\n\t\t\t\t\t<\/div>\n\t\t<\/section>\n\t\t\t\t<\/div>\n\t\t","protected":false},"excerpt":{"rendered":"<p>Em S\u00e3o Jos\u00e9, Delegacia de Capturas da DEIC prende homem condenado por roubo pela Justi\u00e7a ga\u00facha Na quinta-feira (9), a Pol\u00edcia Civil de Santa Catarina, por meio da Delegacia de Capturas da Diretoria Estadual de Investiga\u00e7\u00f5es Criminais, cumpriu mandado de pris\u00e3o expedido por senten\u00e7a definitiva pelo crime de roubo, previsto no Art. 157, \u00a72, I [&hellip;]<\/p>\n","protected":false},"author":5,"featured_media":14916,"comment_status":"closed","ping_status":"open","sticky":false,"template":"","format":"standard","meta":{"_monsterinsights_skip_tracking":false,"_monsterinsights_sitenote_active":false,"_monsterinsights_sitenote_note":"","_monsterinsights_sitenote_category":0,"footnotes":""},"categories":[1],"tags":[],"class_list":["post-15037","post","type-post","status-publish","format-standard","has-post-thumbnail","hentry","category-sem-categoria"],"_links":{"self":[{"href":"https:\/\/pc.sc.gov.br\/index.php?rest_route=\/wp\/v2\/posts\/15037","targetHints":{"allow":["GET"]}}],"collection":[{"href":"https:\/\/pc.sc.gov.br\/index.php?rest_route=\/wp\/v2\/posts"}],"about":[{"href":"https:\/\/pc.sc.gov.br\/index.php?rest_route=\/wp\/v2\/types\/post"}],"author":[{"embeddable":true,"href":"https:\/\/pc.sc.gov.br\/index.php?rest_route=\/wp\/v2\/users\/5"}],"replies":[{"embeddable":true,"href":"https:\/\/pc.sc.gov.br\/index.php?rest_route=%2Fwp%2Fv2%2Fcomments&post=15037"}],"version-history":[{"count":4,"href":"https:\/\/pc.sc.gov.br\/index.php?rest_route=\/wp\/v2\/posts\/15037\/revisions"}],"predecessor-version":[{"id":15041,"href":"https:\/\/pc.sc.gov.br\/index.php?rest_route=\/wp\/v2\/posts\/15037\/revisions\/15041"}],"wp:featuredmedia":[{"embeddable":true,"href":"https:\/\/pc.sc.gov.br\/index.php?rest_route=\/wp\/v2\/media\/14916"}],"wp:attachment":[{"href":"https:\/\/pc.sc.gov.br\/index.php?rest_route=%2Fwp%2Fv2%2Fmedia&parent=15037"}],"wp:term":[{"taxonomy":"category","embeddable":true,"href":"https:\/\/pc.sc.gov.br\/index.php?rest_route=%2Fwp%2Fv2%2Fcategories&post=15037"},{"taxonomy":"post_tag","embeddable":true,"href":"https:\/\/pc.sc.gov.br\/index.php?rest_route=%2Fwp%2Fv2%2Ftags&post=15037"}],"curies":[{"name":"wp","href":"https:\/\/api.w.org\/{rel}","templated":true}]}}