{"id":15042,"date":"2023-11-10T14:40:56","date_gmt":"2023-11-10T17:40:56","guid":{"rendered":"https:\/\/pc.sc.gov.br\/?p=15042"},"modified":"2023-11-10T14:57:10","modified_gmt":"2023-11-10T17:57:10","slug":"policia-civil-prende-homem-suspeito-de-ameacar-morador-e-incendiar-a-casa-de-familiar-em-turvo","status":"publish","type":"post","link":"https:\/\/pc.sc.gov.br\/?p=15042","title":{"rendered":"Pol\u00edcia Civil prende homem suspeito de amea\u00e7ar morador e incendiar a casa de familiar em Turvo"},"content":{"rendered":"\t\t<div data-elementor-type=\"wp-post\" data-elementor-id=\"15042\" class=\"elementor elementor-15042\" data-elementor-post-type=\"post\">\n\t\t\t\t\t\t<section class=\"elementor-section elementor-top-section elementor-element elementor-element-aaad10f elementor-section-boxed elementor-section-height-default elementor-section-height-default\" data-id=\"aaad10f\" data-element_type=\"section\">\n\t\t\t\t\t\t<div class=\"elementor-container elementor-column-gap-default\">\n\t\t\t\t\t<div class=\"elementor-column elementor-col-100 elementor-top-column elementor-element elementor-element-0f69aa3\" data-id=\"0f69aa3\" data-element_type=\"column\">\n\t\t\t<div class=\"elementor-widget-wrap elementor-element-populated\">\n\t\t\t\t\t\t<div class=\"elementor-element elementor-element-ad15856 elementor-widget elementor-widget-heading\" data-id=\"ad15856\" data-element_type=\"widget\" data-widget_type=\"heading.default\">\n\t\t\t\t<div class=\"elementor-widget-container\">\n\t\t\t\t\t<h2 class=\"elementor-heading-title elementor-size-default\">Pol\u00edcia Civil prende homem suspeito de incendiar a casa de familiar em Turvo<\/h2>\t\t\t\t<\/div>\n\t\t\t\t<\/div>\n\t\t\t\t\t<\/div>\n\t\t<\/div>\n\t\t\t\t\t<\/div>\n\t\t<\/section>\n\t\t\t\t<section class=\"elementor-section elementor-top-section elementor-element elementor-element-84ffded elementor-section-boxed elementor-section-height-default elementor-section-height-default\" data-id=\"84ffded\" data-element_type=\"section\">\n\t\t\t\t\t\t<div class=\"elementor-container elementor-column-gap-default\">\n\t\t\t\t\t<div class=\"elementor-column elementor-col-100 elementor-top-column elementor-element elementor-element-f4a424c\" data-id=\"f4a424c\" data-element_type=\"column\">\n\t\t\t<div class=\"elementor-widget-wrap elementor-element-populated\">\n\t\t\t\t\t\t<div class=\"elementor-element elementor-element-5697821 elementor-widget elementor-widget-image\" data-id=\"5697821\" data-element_type=\"widget\" data-widget_type=\"image.default\">\n\t\t\t\t<div class=\"elementor-widget-container\">\n\t\t\t\t\t\t\t\t\t\t\t\t\t\t\t<img fetchpriority=\"high\" decoding=\"async\" width=\"696\" height=\"522\" src=\"https:\/\/pc.sc.gov.br\/\/wp-content\/uploads\/2023\/11\/WhatsApp-Image-2023-11-10-at-13.57.11-1-1024x768.jpeg\" class=\"attachment-large size-large wp-image-15045\" alt=\"\" srcset=\"https:\/\/pc.sc.gov.br\/\/wp-content\/uploads\/2023\/11\/WhatsApp-Image-2023-11-10-at-13.57.11-1-1024x768.jpeg 1024w, https:\/\/pc.sc.gov.br\/\/wp-content\/uploads\/2023\/11\/WhatsApp-Image-2023-11-10-at-13.57.11-1-300x225.jpeg 300w, https:\/\/pc.sc.gov.br\/\/wp-content\/uploads\/2023\/11\/WhatsApp-Image-2023-11-10-at-13.57.11-1-768x576.jpeg 768w, https:\/\/pc.sc.gov.br\/\/wp-content\/uploads\/2023\/11\/WhatsApp-Image-2023-11-10-at-13.57.11-1-1536x1152.jpeg 1536w, https:\/\/pc.sc.gov.br\/\/wp-content\/uploads\/2023\/11\/WhatsApp-Image-2023-11-10-at-13.57.11-1.jpeg 1600w\" sizes=\"(max-width: 696px) 100vw, 696px\" \/>\t\t\t\t\t\t\t\t\t\t\t\t\t\t\t<\/div>\n\t\t\t\t<\/div>\n\t\t\t\t\t<\/div>\n\t\t<\/div>\n\t\t\t\t\t<\/div>\n\t\t<\/section>\n\t\t\t\t<section class=\"elementor-section elementor-top-section elementor-element elementor-element-3a62225 elementor-section-boxed elementor-section-height-default elementor-section-height-default\" data-id=\"3a62225\" data-element_type=\"section\">\n\t\t\t\t\t\t<div class=\"elementor-container elementor-column-gap-default\">\n\t\t\t\t\t<div class=\"elementor-column elementor-col-100 elementor-top-column elementor-element elementor-element-b5639f1\" data-id=\"b5639f1\" data-element_type=\"column\">\n\t\t\t<div class=\"elementor-widget-wrap elementor-element-populated\">\n\t\t\t\t\t\t<div class=\"elementor-element elementor-element-8d472cb elementor-widget elementor-widget-text-editor\" data-id=\"8d472cb\" data-element_type=\"widget\" data-widget_type=\"text-editor.default\">\n\t\t\t\t<div class=\"elementor-widget-container\">\n\t\t\t\t\t\t\t\t\t<p>A Pol\u00edcia Civil de Santa Catarina, por meio da Delegacia de Turvo, efetuou nesta quinta-feira (9) a pris\u00e3o de um homem suspeito de amea\u00e7a e inc\u00eandio criminoso de uma resid\u00eancia na comunidade do Morro Chato.&nbsp;<span style=\"font-family: var( --e-global-typography-primary-font-family ), Sans-serif; font-size: var( --e-global-typography-primary-font-size ); font-weight: var( --e-global-typography-primary-font-weight ); letter-spacing: var( --e-global-typography-primary-letter-spacing );\">Segundo as investiga\u00e7\u00f5es na madrugada do dia 26 de outubro, o suspeito, devido desaven\u00e7as com o genro, ateou fogo na casa da m\u00e3e do rapaz e fugiu para a mata de posse de uma faca, prometendo que voltaria para atear fogo na casa do genro tamb\u00e9m.&nbsp;<\/span><\/p>\n<p>Ao tomar ci\u00eancia dos fatos, os policiais civis se deslocaram at\u00e9 o local e iniciaram as investiga\u00e7\u00f5es, que culminaram pelo pedido de medida protetiva de urg\u00eancia e tamb\u00e9m pela pris\u00e3o preventiva do suspeito, sendo ambas deferidas pelo Poder Judici\u00e1rio.<\/p>\n<p>Ap\u00f3s diversas dilig\u00eancias para encontrar o suspeito, os policiais tomaram conhecimento de que ele teria se internado em uma cl\u00ednica de recupera\u00e7\u00e3o para dependentes qu\u00edmicos no munic\u00edpio de Praia Grande. De pronto os policiais deslocaram at\u00e9 a cl\u00ednica, onde localizaram o suspeito e realizaram a pris\u00e3o. O homem foi conduzido ao Pres\u00eddio Regional de Ararangu\u00e1, onde permanecer\u00e1 \u00e0 disposi\u00e7\u00e3o da Justi\u00e7a.<\/p>\n<div>&nbsp;<\/div>\t\t\t\t\t\t\t\t<\/div>\n\t\t\t\t<\/div>\n\t\t\t\t\t<\/div>\n\t\t<\/div>\n\t\t\t\t\t<\/div>\n\t\t<\/section>\n\t\t\t\t<\/div>\n\t\t","protected":false},"excerpt":{"rendered":"<p>Pol\u00edcia Civil prende homem suspeito de incendiar a casa de familiar em Turvo A Pol\u00edcia Civil de Santa Catarina, por meio da Delegacia de Turvo, efetuou nesta quinta-feira (9) a pris\u00e3o de um homem suspeito de amea\u00e7a e inc\u00eandio criminoso de uma resid\u00eancia na comunidade do Morro Chato.&nbsp;Segundo as investiga\u00e7\u00f5es na madrugada do dia 26 [&hellip;]<\/p>\n","protected":false},"author":5,"featured_media":15043,"comment_status":"closed","ping_status":"open","sticky":false,"template":"","format":"standard","meta":{"_monsterinsights_skip_tracking":false,"_monsterinsights_sitenote_active":false,"_monsterinsights_sitenote_note":"","_monsterinsights_sitenote_category":0,"footnotes":""},"categories":[1],"tags":[],"class_list":["post-15042","post","type-post","status-publish","format-standard","has-post-thumbnail","hentry","category-sem-categoria"],"_links":{"self":[{"href":"https:\/\/pc.sc.gov.br\/index.php?rest_route=\/wp\/v2\/posts\/15042","targetHints":{"allow":["GET"]}}],"collection":[{"href":"https:\/\/pc.sc.gov.br\/index.php?rest_route=\/wp\/v2\/posts"}],"about":[{"href":"https:\/\/pc.sc.gov.br\/index.php?rest_route=\/wp\/v2\/types\/post"}],"author":[{"embeddable":true,"href":"https:\/\/pc.sc.gov.br\/index.php?rest_route=\/wp\/v2\/users\/5"}],"replies":[{"embeddable":true,"href":"https:\/\/pc.sc.gov.br\/index.php?rest_route=%2Fwp%2Fv2%2Fcomments&post=15042"}],"version-history":[{"count":4,"href":"https:\/\/pc.sc.gov.br\/index.php?rest_route=\/wp\/v2\/posts\/15042\/revisions"}],"predecessor-version":[{"id":15048,"href":"https:\/\/pc.sc.gov.br\/index.php?rest_route=\/wp\/v2\/posts\/15042\/revisions\/15048"}],"wp:featuredmedia":[{"embeddable":true,"href":"https:\/\/pc.sc.gov.br\/index.php?rest_route=\/wp\/v2\/media\/15043"}],"wp:attachment":[{"href":"https:\/\/pc.sc.gov.br\/index.php?rest_route=%2Fwp%2Fv2%2Fmedia&parent=15042"}],"wp:term":[{"taxonomy":"category","embeddable":true,"href":"https:\/\/pc.sc.gov.br\/index.php?rest_route=%2Fwp%2Fv2%2Fcategories&post=15042"},{"taxonomy":"post_tag","embeddable":true,"href":"https:\/\/pc.sc.gov.br\/index.php?rest_route=%2Fwp%2Fv2%2Ftags&post=15042"}],"curies":[{"name":"wp","href":"https:\/\/api.w.org\/{rel}","templated":true}]}}