{"id":15049,"date":"2023-11-10T15:48:28","date_gmt":"2023-11-10T18:48:28","guid":{"rendered":"https:\/\/pc.sc.gov.br\/?p=15049"},"modified":"2023-11-10T15:52:26","modified_gmt":"2023-11-10T18:52:26","slug":"em-lages-policia-civil-deflagra-operacao-contra-trafico-de-drogas-e-desarticula-associacao-que-atuava-na-distribuicao-de-entorpecentes","status":"publish","type":"post","link":"https:\/\/pc.sc.gov.br\/?p=15049","title":{"rendered":"Em Lages, Pol\u00edcia Civil deflagra opera\u00e7\u00e3o contra tr\u00e1fico de drogas e desarticula associa\u00e7\u00e3o que atuava na distribui\u00e7\u00e3o de entorpecentes"},"content":{"rendered":"\t\t<div data-elementor-type=\"wp-post\" data-elementor-id=\"15049\" class=\"elementor elementor-15049\" data-elementor-post-type=\"post\">\n\t\t\t\t\t\t<section class=\"elementor-section elementor-top-section elementor-element elementor-element-328f029 elementor-section-boxed elementor-section-height-default elementor-section-height-default\" data-id=\"328f029\" data-element_type=\"section\">\n\t\t\t\t\t\t<div class=\"elementor-container elementor-column-gap-default\">\n\t\t\t\t\t<div class=\"elementor-column elementor-col-100 elementor-top-column elementor-element elementor-element-2e1b3eb\" data-id=\"2e1b3eb\" data-element_type=\"column\">\n\t\t\t<div class=\"elementor-widget-wrap elementor-element-populated\">\n\t\t\t\t\t\t<div class=\"elementor-element elementor-element-c759af0 elementor-widget elementor-widget-heading\" data-id=\"c759af0\" data-element_type=\"widget\" data-widget_type=\"heading.default\">\n\t\t\t\t<div class=\"elementor-widget-container\">\n\t\t\t\t\t<h2 class=\"elementor-heading-title elementor-size-default\">Em Lages, Pol\u00edcia Civil deflagra opera\u00e7\u00e3o contra tr\u00e1fico de drogas e desarticula associa\u00e7\u00e3o que atuava na distribui\u00e7\u00e3o de entorpecentes<\/h2>\t\t\t\t<\/div>\n\t\t\t\t<\/div>\n\t\t\t\t\t<\/div>\n\t\t<\/div>\n\t\t\t\t\t<\/div>\n\t\t<\/section>\n\t\t\t\t<section class=\"elementor-section elementor-top-section elementor-element elementor-element-5feade2 elementor-section-boxed elementor-section-height-default elementor-section-height-default\" data-id=\"5feade2\" data-element_type=\"section\">\n\t\t\t\t\t\t<div class=\"elementor-container elementor-column-gap-default\">\n\t\t\t\t\t<div class=\"elementor-column elementor-col-100 elementor-top-column elementor-element elementor-element-9e8f0a9\" data-id=\"9e8f0a9\" data-element_type=\"column\">\n\t\t\t<div class=\"elementor-widget-wrap elementor-element-populated\">\n\t\t\t\t\t\t<div class=\"elementor-element elementor-element-4a90d71 elementor-widget elementor-widget-image\" data-id=\"4a90d71\" data-element_type=\"widget\" data-widget_type=\"image.default\">\n\t\t\t\t<div class=\"elementor-widget-container\">\n\t\t\t\t\t\t\t\t\t\t\t\t\t\t\t<img fetchpriority=\"high\" decoding=\"async\" width=\"696\" height=\"392\" src=\"https:\/\/pc.sc.gov.br\/\/wp-content\/uploads\/2023\/11\/WhatsApp-Image-2023-11-10-at-15.32.20-1024x576.jpeg\" class=\"attachment-large size-large wp-image-15052\" alt=\"\" srcset=\"https:\/\/pc.sc.gov.br\/\/wp-content\/uploads\/2023\/11\/WhatsApp-Image-2023-11-10-at-15.32.20-1024x576.jpeg 1024w, https:\/\/pc.sc.gov.br\/\/wp-content\/uploads\/2023\/11\/WhatsApp-Image-2023-11-10-at-15.32.20-300x169.jpeg 300w, https:\/\/pc.sc.gov.br\/\/wp-content\/uploads\/2023\/11\/WhatsApp-Image-2023-11-10-at-15.32.20-768x432.jpeg 768w, https:\/\/pc.sc.gov.br\/\/wp-content\/uploads\/2023\/11\/WhatsApp-Image-2023-11-10-at-15.32.20-1536x864.jpeg 1536w, https:\/\/pc.sc.gov.br\/\/wp-content\/uploads\/2023\/11\/WhatsApp-Image-2023-11-10-at-15.32.20.jpeg 1599w\" sizes=\"(max-width: 696px) 100vw, 696px\" \/>\t\t\t\t\t\t\t\t\t\t\t\t\t\t\t<\/div>\n\t\t\t\t<\/div>\n\t\t\t\t\t<\/div>\n\t\t<\/div>\n\t\t\t\t\t<\/div>\n\t\t<\/section>\n\t\t\t\t<section class=\"elementor-section elementor-top-section elementor-element elementor-element-922a10d elementor-section-boxed elementor-section-height-default elementor-section-height-default\" data-id=\"922a10d\" data-element_type=\"section\">\n\t\t\t\t\t\t<div class=\"elementor-container elementor-column-gap-default\">\n\t\t\t\t\t<div class=\"elementor-column elementor-col-100 elementor-top-column elementor-element elementor-element-ecc53fa\" data-id=\"ecc53fa\" data-element_type=\"column\">\n\t\t\t<div class=\"elementor-widget-wrap elementor-element-populated\">\n\t\t\t\t\t\t<div class=\"elementor-element elementor-element-5ffe935 elementor-widget elementor-widget-text-editor\" data-id=\"5ffe935\" data-element_type=\"widget\" data-widget_type=\"text-editor.default\">\n\t\t\t\t<div class=\"elementor-widget-container\">\n\t\t\t\t\t\t\t\t\t<p>A Pol\u00edcia Civil, por meio da Divis\u00e3o de Investiga\u00e7\u00e3o Criminal (DIC) Lages, deflagrou nesta sexta-feira (10), opera\u00e7\u00e3o para desarticular uma associa\u00e7\u00e3o criminosa que atuava na distribui\u00e7\u00e3o de diversas drogas em Lages. A opera\u00e7\u00e3o contou com 23 policiais e resultou na pris\u00e3o de nove pessoas e apreens\u00e3o de 27 frascos de lan\u00e7a-perfume, 4.35kg de maconha, 200g de coca\u00edna e 780 comprimidos de ecstasy. A apreens\u00e3o da droga representa um preju\u00edzo de aproximadamente R$ 50 mil para os criminosos.<\/p>\n<p>A opera\u00e7\u00e3o contou com o apoio do N\u00facleo de Opera\u00e7\u00f5es com C\u00e3es (NOC), Delegacia de Prote\u00e7\u00e3o \u00e0 Crian\u00e7a, ao Adolescente, \u00e0 Mulher e ao Idoso (DPCAMI), 1\u00aa, 2\u00aa e 3\u00aa Delegacias de Pol\u00edcia, Delegacia de Pol\u00edcia de Otac\u00edlio Costa e Delegacia de Pol\u00edcia de Correia Pinto.<\/p>\n<p>Os policiais da DIC receberam den\u00fancias de tr\u00e1fico de drogas e come\u00e7aram a investigar os fatos. Ap\u00f3s de tr\u00eas meses de trabalho, a equipe da DIC identificou um fornecedor e outros indiv\u00edduos que estavam associados na distribui\u00e7\u00e3o de diversos tipos de drogas.<\/p>\n<p>Depois das dilig\u00eancias policiais e identifica\u00e7\u00e3o dos envolvidos e das \u00e1reas onde poderiam ser localizados os investigados e o material entorpecente, foi representada pela expedi\u00e7\u00e3o de mandados de busca e apreens\u00e3o, sendo deferidos os pedidos.&nbsp;<span style=\"font-family: var( --e-global-typography-text-font-family ), Sans-serif; font-size: var( --e-global-typography-text-font-size );\">Tamb\u00e9m foram apreendidas diversas balan\u00e7as de precis\u00e3o, material para preparar e embalar as drogas, m\u00e1quinas de d\u00e9bito e uma arma de fogo.<\/span><\/p>\n<p>Os policiais encontraram drogas em todos os alvos da opera\u00e7\u00e3o, sendo que 6 pessoas foram autuadas pelo crime de tr\u00e1fico de drogas e associa\u00e7\u00e3o para o tr\u00e1fico e posse ilegal de arma de fogo e muni\u00e7\u00e3o. Tamb\u00e9m foi dado cumprimento a outros 3 mandados de pris\u00e3o contra indiv\u00edduos que estavam foragidos, procurados pelos crimes de tr\u00e1fico de drogas e tentativa de homic\u00eddio. Formalizados os procedimentos legais, os presos foram encaminhados para o Pres\u00eddio Masculino de Lages, onde permanecer\u00e3o \u00e0 disposi\u00e7\u00e3o da Justi\u00e7a.<span style=\"color: var( --e-global-color-text ); font-family: var( --e-global-typography-primary-font-family ), Sans-serif; font-size: var( --e-global-typography-primary-font-size ); font-weight: var( --e-global-typography-primary-font-weight ); letter-spacing: var( --e-global-typography-primary-letter-spacing );\">&nbsp;<\/span><\/p>\t\t\t\t\t\t\t\t<\/div>\n\t\t\t\t<\/div>\n\t\t\t\t\t<\/div>\n\t\t<\/div>\n\t\t\t\t\t<\/div>\n\t\t<\/section>\n\t\t\t\t<\/div>\n\t\t","protected":false},"excerpt":{"rendered":"<p>Em Lages, Pol\u00edcia Civil deflagra opera\u00e7\u00e3o contra tr\u00e1fico de drogas e desarticula associa\u00e7\u00e3o que atuava na distribui\u00e7\u00e3o de entorpecentes A Pol\u00edcia Civil, por meio da Divis\u00e3o de Investiga\u00e7\u00e3o Criminal (DIC) Lages, deflagrou nesta sexta-feira (10), opera\u00e7\u00e3o para desarticular uma associa\u00e7\u00e3o criminosa que atuava na distribui\u00e7\u00e3o de diversas drogas em Lages. A opera\u00e7\u00e3o contou com 23 [&hellip;]<\/p>\n","protected":false},"author":5,"featured_media":15050,"comment_status":"closed","ping_status":"open","sticky":false,"template":"","format":"standard","meta":{"_monsterinsights_skip_tracking":false,"_monsterinsights_sitenote_active":false,"_monsterinsights_sitenote_note":"","_monsterinsights_sitenote_category":0,"footnotes":""},"categories":[1],"tags":[],"class_list":["post-15049","post","type-post","status-publish","format-standard","has-post-thumbnail","hentry","category-sem-categoria"],"_links":{"self":[{"href":"https:\/\/pc.sc.gov.br\/index.php?rest_route=\/wp\/v2\/posts\/15049","targetHints":{"allow":["GET"]}}],"collection":[{"href":"https:\/\/pc.sc.gov.br\/index.php?rest_route=\/wp\/v2\/posts"}],"about":[{"href":"https:\/\/pc.sc.gov.br\/index.php?rest_route=\/wp\/v2\/types\/post"}],"author":[{"embeddable":true,"href":"https:\/\/pc.sc.gov.br\/index.php?rest_route=\/wp\/v2\/users\/5"}],"replies":[{"embeddable":true,"href":"https:\/\/pc.sc.gov.br\/index.php?rest_route=%2Fwp%2Fv2%2Fcomments&post=15049"}],"version-history":[{"count":7,"href":"https:\/\/pc.sc.gov.br\/index.php?rest_route=\/wp\/v2\/posts\/15049\/revisions"}],"predecessor-version":[{"id":15058,"href":"https:\/\/pc.sc.gov.br\/index.php?rest_route=\/wp\/v2\/posts\/15049\/revisions\/15058"}],"wp:featuredmedia":[{"embeddable":true,"href":"https:\/\/pc.sc.gov.br\/index.php?rest_route=\/wp\/v2\/media\/15050"}],"wp:attachment":[{"href":"https:\/\/pc.sc.gov.br\/index.php?rest_route=%2Fwp%2Fv2%2Fmedia&parent=15049"}],"wp:term":[{"taxonomy":"category","embeddable":true,"href":"https:\/\/pc.sc.gov.br\/index.php?rest_route=%2Fwp%2Fv2%2Fcategories&post=15049"},{"taxonomy":"post_tag","embeddable":true,"href":"https:\/\/pc.sc.gov.br\/index.php?rest_route=%2Fwp%2Fv2%2Ftags&post=15049"}],"curies":[{"name":"wp","href":"https:\/\/api.w.org\/{rel}","templated":true}]}}