{"id":15059,"date":"2023-11-10T17:28:53","date_gmt":"2023-11-10T20:28:53","guid":{"rendered":"https:\/\/pc.sc.gov.br\/?p=15059"},"modified":"2023-11-10T17:29:53","modified_gmt":"2023-11-10T20:29:53","slug":"na-capital-delegacia-de-furtos-e-roubos-de-veiculos-da-deic-recupera-veiculo-furtado","status":"publish","type":"post","link":"https:\/\/pc.sc.gov.br\/?p=15059","title":{"rendered":"Na Capital, Delegacia de Furtos e Roubos de Ve\u00edculos da DEIC recupera ve\u00edculo furtado"},"content":{"rendered":"\t\t<div data-elementor-type=\"wp-post\" data-elementor-id=\"15059\" class=\"elementor elementor-15059\" data-elementor-post-type=\"post\">\n\t\t\t\t\t\t<section class=\"elementor-section elementor-top-section elementor-element elementor-element-5229068 elementor-section-boxed elementor-section-height-default elementor-section-height-default\" data-id=\"5229068\" data-element_type=\"section\">\n\t\t\t\t\t\t<div class=\"elementor-container elementor-column-gap-default\">\n\t\t\t\t\t<div class=\"elementor-column elementor-col-100 elementor-top-column elementor-element elementor-element-449c6e8\" data-id=\"449c6e8\" data-element_type=\"column\">\n\t\t\t<div class=\"elementor-widget-wrap elementor-element-populated\">\n\t\t\t\t\t\t<div class=\"elementor-element elementor-element-6af584b elementor-widget elementor-widget-heading\" data-id=\"6af584b\" data-element_type=\"widget\" data-widget_type=\"heading.default\">\n\t\t\t\t<div class=\"elementor-widget-container\">\n\t\t\t\t\t<h2 class=\"elementor-heading-title elementor-size-default\">Na Capital, Delegacia de Furtos e Roubos de Ve\u00edculos da DEIC recupera ve\u00edculo furtado<\/h2>\t\t\t\t<\/div>\n\t\t\t\t<\/div>\n\t\t\t\t\t<\/div>\n\t\t<\/div>\n\t\t\t\t\t<\/div>\n\t\t<\/section>\n\t\t\t\t<section class=\"elementor-section elementor-top-section elementor-element elementor-element-27e8dcd elementor-section-boxed elementor-section-height-default elementor-section-height-default\" data-id=\"27e8dcd\" data-element_type=\"section\">\n\t\t\t\t\t\t<div class=\"elementor-container elementor-column-gap-default\">\n\t\t\t\t\t<div class=\"elementor-column elementor-col-100 elementor-top-column elementor-element elementor-element-acb39d5\" data-id=\"acb39d5\" data-element_type=\"column\">\n\t\t\t<div class=\"elementor-widget-wrap elementor-element-populated\">\n\t\t\t\t\t\t<div class=\"elementor-element elementor-element-aa47815 elementor-widget elementor-widget-image\" data-id=\"aa47815\" data-element_type=\"widget\" data-widget_type=\"image.default\">\n\t\t\t\t<div class=\"elementor-widget-container\">\n\t\t\t\t\t\t\t\t\t\t\t\t\t\t\t<img fetchpriority=\"high\" decoding=\"async\" width=\"576\" height=\"1024\" src=\"https:\/\/pc.sc.gov.br\/\/wp-content\/uploads\/2023\/11\/WhatsApp-Image-2023-11-10-at-16.29.37-576x1024.jpeg\" class=\"attachment-large size-large wp-image-15060\" alt=\"\" srcset=\"https:\/\/pc.sc.gov.br\/\/wp-content\/uploads\/2023\/11\/WhatsApp-Image-2023-11-10-at-16.29.37-576x1024.jpeg 576w, https:\/\/pc.sc.gov.br\/\/wp-content\/uploads\/2023\/11\/WhatsApp-Image-2023-11-10-at-16.29.37-169x300.jpeg 169w, https:\/\/pc.sc.gov.br\/\/wp-content\/uploads\/2023\/11\/WhatsApp-Image-2023-11-10-at-16.29.37.jpeg 720w\" sizes=\"(max-width: 576px) 100vw, 576px\" \/>\t\t\t\t\t\t\t\t\t\t\t\t\t\t\t<\/div>\n\t\t\t\t<\/div>\n\t\t\t\t\t<\/div>\n\t\t<\/div>\n\t\t\t\t\t<\/div>\n\t\t<\/section>\n\t\t\t\t<section class=\"elementor-section elementor-top-section elementor-element elementor-element-23cce69 elementor-section-boxed elementor-section-height-default elementor-section-height-default\" data-id=\"23cce69\" data-element_type=\"section\">\n\t\t\t\t\t\t<div class=\"elementor-container elementor-column-gap-default\">\n\t\t\t\t\t<div class=\"elementor-column elementor-col-100 elementor-top-column elementor-element elementor-element-36eba2c\" data-id=\"36eba2c\" data-element_type=\"column\">\n\t\t\t<div class=\"elementor-widget-wrap elementor-element-populated\">\n\t\t\t\t\t\t<div class=\"elementor-element elementor-element-b5b6d6d elementor-widget elementor-widget-text-editor\" data-id=\"b5b6d6d\" data-element_type=\"widget\" data-widget_type=\"text-editor.default\">\n\t\t\t\t<div class=\"elementor-widget-container\">\n\t\t\t\t\t\t\t\t\t<p>Na quinta-feira (9), a Pol\u00edcia Civil de Santa Catarina, por meio da Delegacia de Furtos e Roubos de Ve\u00edculos da Diretoria Estadual de Investiga\u00e7\u00f5es Criminais, ap\u00f3s investiga\u00e7\u00e3o realizada em conjunto com a Pol\u00edcia Civil do Estado do Paran\u00e1, recuperou um ve\u00edculo modelo Range Rover Sport SRV, avaliado em cerca de R$ 550 mil, no bairro Ingleses, em Florian\u00f3polis. <br \/>O ve\u00edculo, furtado mediante fraude em Curitiba, no estado do Paran\u00e1, havia sido encaminhado para a Grande Florian\u00f3polis, onde estava em circula\u00e7\u00e3o em virtude da aus\u00eancia de restri\u00e7\u00e3o formal nos sistemas.<br \/>No decorrer das investiga\u00e7\u00f5es, apurou-se que o autor, j\u00e1 identificado, cometeu crimes semelhantes no Paran\u00e1 e lesava terceiros de boa-f\u00e9 revendendo ve\u00edculos adquiridos de forma fraudulenta.<br \/>A Pol\u00edcia Civil segue realizando dilig\u00eancias para recuperar outros bens relacionados \u00e0 ocorr\u00eancia e visando a finaliza\u00e7\u00e3o do procedimento. <\/p>\t\t\t\t\t\t\t\t<\/div>\n\t\t\t\t<\/div>\n\t\t\t\t\t<\/div>\n\t\t<\/div>\n\t\t\t\t\t<\/div>\n\t\t<\/section>\n\t\t\t\t<\/div>\n\t\t","protected":false},"excerpt":{"rendered":"<p>Na Capital, Delegacia de Furtos e Roubos de Ve\u00edculos da DEIC recupera ve\u00edculo furtado Na quinta-feira (9), a Pol\u00edcia Civil de Santa Catarina, por meio da Delegacia de Furtos e Roubos de Ve\u00edculos da Diretoria Estadual de Investiga\u00e7\u00f5es Criminais, ap\u00f3s investiga\u00e7\u00e3o realizada em conjunto com a Pol\u00edcia Civil do Estado do Paran\u00e1, recuperou um ve\u00edculo [&hellip;]<\/p>\n","protected":false},"author":5,"featured_media":15060,"comment_status":"closed","ping_status":"open","sticky":false,"template":"","format":"standard","meta":{"_monsterinsights_skip_tracking":false,"_monsterinsights_sitenote_active":false,"_monsterinsights_sitenote_note":"","_monsterinsights_sitenote_category":0,"footnotes":""},"categories":[1],"tags":[],"class_list":["post-15059","post","type-post","status-publish","format-standard","has-post-thumbnail","hentry","category-sem-categoria"],"_links":{"self":[{"href":"https:\/\/pc.sc.gov.br\/index.php?rest_route=\/wp\/v2\/posts\/15059","targetHints":{"allow":["GET"]}}],"collection":[{"href":"https:\/\/pc.sc.gov.br\/index.php?rest_route=\/wp\/v2\/posts"}],"about":[{"href":"https:\/\/pc.sc.gov.br\/index.php?rest_route=\/wp\/v2\/types\/post"}],"author":[{"embeddable":true,"href":"https:\/\/pc.sc.gov.br\/index.php?rest_route=\/wp\/v2\/users\/5"}],"replies":[{"embeddable":true,"href":"https:\/\/pc.sc.gov.br\/index.php?rest_route=%2Fwp%2Fv2%2Fcomments&post=15059"}],"version-history":[{"count":4,"href":"https:\/\/pc.sc.gov.br\/index.php?rest_route=\/wp\/v2\/posts\/15059\/revisions"}],"predecessor-version":[{"id":15064,"href":"https:\/\/pc.sc.gov.br\/index.php?rest_route=\/wp\/v2\/posts\/15059\/revisions\/15064"}],"wp:featuredmedia":[{"embeddable":true,"href":"https:\/\/pc.sc.gov.br\/index.php?rest_route=\/wp\/v2\/media\/15060"}],"wp:attachment":[{"href":"https:\/\/pc.sc.gov.br\/index.php?rest_route=%2Fwp%2Fv2%2Fmedia&parent=15059"}],"wp:term":[{"taxonomy":"category","embeddable":true,"href":"https:\/\/pc.sc.gov.br\/index.php?rest_route=%2Fwp%2Fv2%2Fcategories&post=15059"},{"taxonomy":"post_tag","embeddable":true,"href":"https:\/\/pc.sc.gov.br\/index.php?rest_route=%2Fwp%2Fv2%2Ftags&post=15059"}],"curies":[{"name":"wp","href":"https:\/\/api.w.org\/{rel}","templated":true}]}}