{"id":15066,"date":"2023-11-13T14:06:14","date_gmt":"2023-11-13T17:06:14","guid":{"rendered":"https:\/\/pc.sc.gov.br\/?p=15066"},"modified":"2023-11-13T15:45:49","modified_gmt":"2023-11-13T18:45:49","slug":"policia-civil-prende-em-flagrante-casal-por-matar-e-ocultar-corpo-de-filho-recem-nascido-em-cacador","status":"publish","type":"post","link":"https:\/\/pc.sc.gov.br\/?p=15066","title":{"rendered":"Pol\u00edcia Civil prende em flagrante casal por matar e ocultar corpo de filha rec\u00e9m-nascida em Ca\u00e7ador"},"content":{"rendered":"\t\t<div data-elementor-type=\"wp-post\" data-elementor-id=\"15066\" class=\"elementor elementor-15066\" data-elementor-post-type=\"post\">\n\t\t\t\t\t\t<section class=\"elementor-section elementor-top-section elementor-element elementor-element-5a59e10 elementor-section-boxed elementor-section-height-default elementor-section-height-default\" data-id=\"5a59e10\" data-element_type=\"section\">\n\t\t\t\t\t\t<div class=\"elementor-container elementor-column-gap-default\">\n\t\t\t\t\t<div class=\"elementor-column elementor-col-100 elementor-top-column elementor-element elementor-element-ab03455\" data-id=\"ab03455\" data-element_type=\"column\">\n\t\t\t<div class=\"elementor-widget-wrap elementor-element-populated\">\n\t\t\t\t\t\t<div class=\"elementor-element elementor-element-6a45445 elementor-widget elementor-widget-heading\" data-id=\"6a45445\" data-element_type=\"widget\" data-widget_type=\"heading.default\">\n\t\t\t\t<div class=\"elementor-widget-container\">\n\t\t\t\t\t<h2 class=\"elementor-heading-title elementor-size-default\">Pol\u00edcia Civil prende em flagrante casal por matar e ocultar corpo de filha rec\u00e9m-nascida em Ca\u00e7ador<\/h2>\t\t\t\t<\/div>\n\t\t\t\t<\/div>\n\t\t\t\t\t<\/div>\n\t\t<\/div>\n\t\t\t\t\t<\/div>\n\t\t<\/section>\n\t\t\t\t<section class=\"elementor-section elementor-top-section elementor-element elementor-element-e5d9d89 elementor-section-boxed elementor-section-height-default elementor-section-height-default\" data-id=\"e5d9d89\" data-element_type=\"section\">\n\t\t\t\t\t\t<div class=\"elementor-container elementor-column-gap-default\">\n\t\t\t\t\t<div class=\"elementor-column elementor-col-100 elementor-top-column elementor-element elementor-element-27524c0\" data-id=\"27524c0\" data-element_type=\"column\">\n\t\t\t<div class=\"elementor-widget-wrap elementor-element-populated\">\n\t\t\t\t\t\t<div class=\"elementor-element elementor-element-4f9c011 elementor-widget elementor-widget-image\" data-id=\"4f9c011\" data-element_type=\"widget\" data-widget_type=\"image.default\">\n\t\t\t\t<div class=\"elementor-widget-container\">\n\t\t\t\t\t\t\t\t\t\t\t\t\t\t\t<img fetchpriority=\"high\" decoding=\"async\" width=\"696\" height=\"522\" src=\"https:\/\/pc.sc.gov.br\/\/wp-content\/uploads\/2023\/10\/CARRO-VIATUIRA-SIRENE-NOITE-POLICIA-CIVIL-PCSC-1-1024x768.jpg\" class=\"attachment-large size-large wp-image-14468\" alt=\"\" srcset=\"https:\/\/pc.sc.gov.br\/\/wp-content\/uploads\/2023\/10\/CARRO-VIATUIRA-SIRENE-NOITE-POLICIA-CIVIL-PCSC-1-1024x768.jpg 1024w, https:\/\/pc.sc.gov.br\/\/wp-content\/uploads\/2023\/10\/CARRO-VIATUIRA-SIRENE-NOITE-POLICIA-CIVIL-PCSC-1-300x225.jpg 300w, https:\/\/pc.sc.gov.br\/\/wp-content\/uploads\/2023\/10\/CARRO-VIATUIRA-SIRENE-NOITE-POLICIA-CIVIL-PCSC-1-768x576.jpg 768w, https:\/\/pc.sc.gov.br\/\/wp-content\/uploads\/2023\/10\/CARRO-VIATUIRA-SIRENE-NOITE-POLICIA-CIVIL-PCSC-1.jpg 1280w\" sizes=\"(max-width: 696px) 100vw, 696px\" \/>\t\t\t\t\t\t\t\t\t\t\t\t\t\t\t<\/div>\n\t\t\t\t<\/div>\n\t\t\t\t\t<\/div>\n\t\t<\/div>\n\t\t\t\t\t<\/div>\n\t\t<\/section>\n\t\t\t\t<section class=\"elementor-section elementor-top-section elementor-element elementor-element-6c305bc elementor-section-boxed elementor-section-height-default elementor-section-height-default\" data-id=\"6c305bc\" data-element_type=\"section\">\n\t\t\t\t\t\t<div class=\"elementor-container elementor-column-gap-default\">\n\t\t\t\t\t<div class=\"elementor-column elementor-col-100 elementor-top-column elementor-element elementor-element-a37a39e\" data-id=\"a37a39e\" data-element_type=\"column\">\n\t\t\t<div class=\"elementor-widget-wrap elementor-element-populated\">\n\t\t\t\t\t\t<div class=\"elementor-element elementor-element-547201e elementor-widget elementor-widget-text-editor\" data-id=\"547201e\" data-element_type=\"widget\" data-widget_type=\"text-editor.default\">\n\t\t\t\t<div class=\"elementor-widget-container\">\n\t\t\t\t\t\t\t\t\t<p>Neste domingo (12), a Pol\u00edcia Civil de Santa Catarina, por meio da Delegacia de prote\u00e7\u00e3o \u00e0 Crian\u00e7a, ao Adolescente, \u00e0 Mulher e ao Idoso de Ca\u00e7ador, prendeu em flagrante um casal por eles terem matado e ocultado o corpo da filha rec\u00e9m-nascida.<\/p>\n<p>A investiga\u00e7\u00e3o iniciou ap\u00f3s a comunica\u00e7\u00e3o do desaparecimento de uma jovem na sexta-feira (10). Ap\u00f3s dilig\u00eancias, a Pol\u00edcia Civil constatou que ela e o companheiro teriam se mantido afastados da fam\u00edlia, pois teriam matado a filha rec\u00e9m-nascida e ocultado o corpo do beb\u00ea sob o assoalho do pr\u00f3prio im\u00f3vel em que residiam.<\/p>\n<p>Dessa forma, em menos de 72 h depois da comunica\u00e7\u00e3o, a Pol\u00edcia Civil elucidou o crime, com a confiss\u00e3o do casal da pr\u00e1tica dos crimes e indica\u00e7\u00e3o de onde o corpo da crian\u00e7a estava enterrado.<\/p>\n<p>Na unidade policial foi lavrado o Auto de Pris\u00e3o em Flagrante contra o casal, que foi encaminhado ao pres\u00eddio local. A autoridade policial ainda representou pela pris\u00e3o preventiva de ambos, em decorr\u00eancia do crime de homic\u00eddio qualificado. Os autos foram enviados ao Poder Judici\u00e1rio.<\/p>\t\t\t\t\t\t\t\t<\/div>\n\t\t\t\t<\/div>\n\t\t\t\t\t<\/div>\n\t\t<\/div>\n\t\t\t\t\t<\/div>\n\t\t<\/section>\n\t\t\t\t<\/div>\n\t\t","protected":false},"excerpt":{"rendered":"<p>Pol\u00edcia Civil prende em flagrante casal por matar e ocultar corpo de filha rec\u00e9m-nascida em Ca\u00e7ador Neste domingo (12), a Pol\u00edcia Civil de Santa Catarina, por meio da Delegacia de prote\u00e7\u00e3o \u00e0 Crian\u00e7a, ao Adolescente, \u00e0 Mulher e ao Idoso de Ca\u00e7ador, prendeu em flagrante um casal por eles terem matado e ocultado o corpo [&hellip;]<\/p>\n","protected":false},"author":5,"featured_media":14468,"comment_status":"closed","ping_status":"open","sticky":false,"template":"","format":"standard","meta":{"_monsterinsights_skip_tracking":false,"_monsterinsights_sitenote_active":false,"_monsterinsights_sitenote_note":"","_monsterinsights_sitenote_category":0,"footnotes":""},"categories":[1],"tags":[],"class_list":["post-15066","post","type-post","status-publish","format-standard","has-post-thumbnail","hentry","category-sem-categoria"],"_links":{"self":[{"href":"https:\/\/pc.sc.gov.br\/index.php?rest_route=\/wp\/v2\/posts\/15066","targetHints":{"allow":["GET"]}}],"collection":[{"href":"https:\/\/pc.sc.gov.br\/index.php?rest_route=\/wp\/v2\/posts"}],"about":[{"href":"https:\/\/pc.sc.gov.br\/index.php?rest_route=\/wp\/v2\/types\/post"}],"author":[{"embeddable":true,"href":"https:\/\/pc.sc.gov.br\/index.php?rest_route=\/wp\/v2\/users\/5"}],"replies":[{"embeddable":true,"href":"https:\/\/pc.sc.gov.br\/index.php?rest_route=%2Fwp%2Fv2%2Fcomments&post=15066"}],"version-history":[{"count":11,"href":"https:\/\/pc.sc.gov.br\/index.php?rest_route=\/wp\/v2\/posts\/15066\/revisions"}],"predecessor-version":[{"id":15088,"href":"https:\/\/pc.sc.gov.br\/index.php?rest_route=\/wp\/v2\/posts\/15066\/revisions\/15088"}],"wp:featuredmedia":[{"embeddable":true,"href":"https:\/\/pc.sc.gov.br\/index.php?rest_route=\/wp\/v2\/media\/14468"}],"wp:attachment":[{"href":"https:\/\/pc.sc.gov.br\/index.php?rest_route=%2Fwp%2Fv2%2Fmedia&parent=15066"}],"wp:term":[{"taxonomy":"category","embeddable":true,"href":"https:\/\/pc.sc.gov.br\/index.php?rest_route=%2Fwp%2Fv2%2Fcategories&post=15066"},{"taxonomy":"post_tag","embeddable":true,"href":"https:\/\/pc.sc.gov.br\/index.php?rest_route=%2Fwp%2Fv2%2Ftags&post=15066"}],"curies":[{"name":"wp","href":"https:\/\/api.w.org\/{rel}","templated":true}]}}