{"id":15071,"date":"2023-11-13T14:43:13","date_gmt":"2023-11-13T17:43:13","guid":{"rendered":"https:\/\/pc.sc.gov.br\/?p=15071"},"modified":"2023-11-13T15:11:00","modified_gmt":"2023-11-13T18:11:00","slug":"policia-civil-deflagra-operacao-em-investigacao-por-furto-de-carga-de-furtos-do-mar-em-itajai","status":"publish","type":"post","link":"https:\/\/pc.sc.gov.br\/?p=15071","title":{"rendered":"Pol\u00edcia Civil deflagra opera\u00e7\u00e3o em investiga\u00e7\u00e3o por furto de carga de frutos do mar em Itaja\u00ed"},"content":{"rendered":"\t\t<div data-elementor-type=\"wp-post\" data-elementor-id=\"15071\" class=\"elementor elementor-15071\" data-elementor-post-type=\"post\">\n\t\t\t\t\t\t<section class=\"elementor-section elementor-top-section elementor-element elementor-element-7c5cbc8 elementor-section-boxed elementor-section-height-default elementor-section-height-default\" data-id=\"7c5cbc8\" data-element_type=\"section\">\n\t\t\t\t\t\t<div class=\"elementor-container elementor-column-gap-default\">\n\t\t\t\t\t<div class=\"elementor-column elementor-col-100 elementor-top-column elementor-element elementor-element-9aaf1ad\" data-id=\"9aaf1ad\" data-element_type=\"column\">\n\t\t\t<div class=\"elementor-widget-wrap elementor-element-populated\">\n\t\t\t\t\t\t<div class=\"elementor-element elementor-element-30c056d elementor-widget elementor-widget-heading\" data-id=\"30c056d\" data-element_type=\"widget\" data-widget_type=\"heading.default\">\n\t\t\t\t<div class=\"elementor-widget-container\">\n\t\t\t\t\t<h2 class=\"elementor-heading-title elementor-size-default\">Pol\u00edcia Civil deflagra opera\u00e7\u00e3o em investiga\u00e7\u00e3o por furto de carga de frutos do mar em Itaja\u00ed <\/h2>\t\t\t\t<\/div>\n\t\t\t\t<\/div>\n\t\t\t\t\t<\/div>\n\t\t<\/div>\n\t\t\t\t\t<\/div>\n\t\t<\/section>\n\t\t\t\t<section class=\"elementor-section elementor-top-section elementor-element elementor-element-9285fe2 elementor-section-boxed elementor-section-height-default elementor-section-height-default\" data-id=\"9285fe2\" data-element_type=\"section\">\n\t\t\t\t\t\t<div class=\"elementor-container elementor-column-gap-default\">\n\t\t\t\t\t<div class=\"elementor-column elementor-col-100 elementor-top-column elementor-element elementor-element-861d5f4\" data-id=\"861d5f4\" data-element_type=\"column\">\n\t\t\t<div class=\"elementor-widget-wrap elementor-element-populated\">\n\t\t\t\t\t\t<div class=\"elementor-element elementor-element-18a1c15 elementor-widget elementor-widget-image\" data-id=\"18a1c15\" data-element_type=\"widget\" data-widget_type=\"image.default\">\n\t\t\t\t<div class=\"elementor-widget-container\">\n\t\t\t\t\t\t\t\t\t\t\t\t\t\t\t<img fetchpriority=\"high\" decoding=\"async\" width=\"637\" height=\"331\" src=\"https:\/\/pc.sc.gov.br\/\/wp-content\/uploads\/2023\/11\/WhatsApp-Image-2023-11-13-at-09.55.51.jpeg\" class=\"attachment-large size-large wp-image-15072\" alt=\"\" srcset=\"https:\/\/pc.sc.gov.br\/\/wp-content\/uploads\/2023\/11\/WhatsApp-Image-2023-11-13-at-09.55.51.jpeg 637w, https:\/\/pc.sc.gov.br\/\/wp-content\/uploads\/2023\/11\/WhatsApp-Image-2023-11-13-at-09.55.51-300x156.jpeg 300w\" sizes=\"(max-width: 637px) 100vw, 637px\" \/>\t\t\t\t\t\t\t\t\t\t\t\t\t\t\t<\/div>\n\t\t\t\t<\/div>\n\t\t\t\t\t<\/div>\n\t\t<\/div>\n\t\t\t\t\t<\/div>\n\t\t<\/section>\n\t\t\t\t<section class=\"elementor-section elementor-top-section elementor-element elementor-element-3d5b3ab elementor-section-boxed elementor-section-height-default elementor-section-height-default\" data-id=\"3d5b3ab\" data-element_type=\"section\">\n\t\t\t\t\t\t<div class=\"elementor-container elementor-column-gap-default\">\n\t\t\t\t\t<div class=\"elementor-column elementor-col-100 elementor-top-column elementor-element elementor-element-614ebfc\" data-id=\"614ebfc\" data-element_type=\"column\">\n\t\t\t<div class=\"elementor-widget-wrap elementor-element-populated\">\n\t\t\t\t\t\t<div class=\"elementor-element elementor-element-898a1ba elementor-widget elementor-widget-text-editor\" data-id=\"898a1ba\" data-element_type=\"widget\" data-widget_type=\"text-editor.default\">\n\t\t\t\t<div class=\"elementor-widget-container\">\n\t\t\t\t\t\t\t\t\t<p>Nesta segunda-feira (13), a Pol\u00edcia Civil de Santa Catarina, por meio da Divis\u00e3o de Investiga\u00e7\u00e3o Criminal (DIC) de Itaja\u00ed, deflagrou opera\u00e7\u00e3o pra cumprimento de quatro ordens judiciais, sendo tr\u00eas mandados de busca e apreens\u00e3o domiciliar e um mandado de pris\u00e3o preventiva.<\/p><p>Trata-se de Inqu\u00e9rito Policial que apura furto de uma carga de peixes e frutos do mar ocorrida em maio deste ano. A carga, avaliada em aproximadamente 200 mil reais, tinha como origem a cidade de Penha e como destino o interior de S\u00e3o Paulo. Durante o trajeto, foi desviada para Itaja\u00ed e rapidamente pulverizada em ve\u00edculos menores.<\/p><p>Os mandados de busca e apreens\u00e3o foram cumpridos no bairro Dom Bosco, em Itaja\u00ed, bem como nos munic\u00edpios de Penha e Bigua\u00e7u. Durante as dilig\u00eancias foram apreendidos celulares para o aprofundamento das investiga\u00e7\u00f5es.<\/p><p>O mandado de pris\u00e3o foi expedido em desfavor do autor intelectual e l\u00edder do grupo criminoso, o qual ostenta longo hist\u00f3rico criminal e j\u00e1 se encontrava recolhido ao Sistema Penitenci\u00e1rio por outros delitos de natureza similar.<\/p><p>At\u00e9 o momento foram identificados quatro suspeitos, os quais respondem pelos crimes de furto qualificado e associa\u00e7\u00e3o criminosa. O Inqu\u00e9rito Policial ser\u00e1 finalizado nas pr\u00f3ximas semanas.<\/p>\t\t\t\t\t\t\t\t<\/div>\n\t\t\t\t<\/div>\n\t\t\t\t\t<\/div>\n\t\t<\/div>\n\t\t\t\t\t<\/div>\n\t\t<\/section>\n\t\t\t\t<\/div>\n\t\t","protected":false},"excerpt":{"rendered":"<p>Pol\u00edcia Civil deflagra opera\u00e7\u00e3o em investiga\u00e7\u00e3o por furto de carga de frutos do mar em Itaja\u00ed Nesta segunda-feira (13), a Pol\u00edcia Civil de Santa Catarina, por meio da Divis\u00e3o de Investiga\u00e7\u00e3o Criminal (DIC) de Itaja\u00ed, deflagrou opera\u00e7\u00e3o pra cumprimento de quatro ordens judiciais, sendo tr\u00eas mandados de busca e apreens\u00e3o domiciliar e um mandado de [&hellip;]<\/p>\n","protected":false},"author":5,"featured_media":15072,"comment_status":"closed","ping_status":"open","sticky":false,"template":"","format":"standard","meta":{"_monsterinsights_skip_tracking":false,"_monsterinsights_sitenote_active":false,"_monsterinsights_sitenote_note":"","_monsterinsights_sitenote_category":0,"footnotes":""},"categories":[1],"tags":[],"class_list":["post-15071","post","type-post","status-publish","format-standard","has-post-thumbnail","hentry","category-sem-categoria"],"_links":{"self":[{"href":"https:\/\/pc.sc.gov.br\/index.php?rest_route=\/wp\/v2\/posts\/15071","targetHints":{"allow":["GET"]}}],"collection":[{"href":"https:\/\/pc.sc.gov.br\/index.php?rest_route=\/wp\/v2\/posts"}],"about":[{"href":"https:\/\/pc.sc.gov.br\/index.php?rest_route=\/wp\/v2\/types\/post"}],"author":[{"embeddable":true,"href":"https:\/\/pc.sc.gov.br\/index.php?rest_route=\/wp\/v2\/users\/5"}],"replies":[{"embeddable":true,"href":"https:\/\/pc.sc.gov.br\/index.php?rest_route=%2Fwp%2Fv2%2Fcomments&post=15071"}],"version-history":[{"count":9,"href":"https:\/\/pc.sc.gov.br\/index.php?rest_route=\/wp\/v2\/posts\/15071\/revisions"}],"predecessor-version":[{"id":15081,"href":"https:\/\/pc.sc.gov.br\/index.php?rest_route=\/wp\/v2\/posts\/15071\/revisions\/15081"}],"wp:featuredmedia":[{"embeddable":true,"href":"https:\/\/pc.sc.gov.br\/index.php?rest_route=\/wp\/v2\/media\/15072"}],"wp:attachment":[{"href":"https:\/\/pc.sc.gov.br\/index.php?rest_route=%2Fwp%2Fv2%2Fmedia&parent=15071"}],"wp:term":[{"taxonomy":"category","embeddable":true,"href":"https:\/\/pc.sc.gov.br\/index.php?rest_route=%2Fwp%2Fv2%2Fcategories&post=15071"},{"taxonomy":"post_tag","embeddable":true,"href":"https:\/\/pc.sc.gov.br\/index.php?rest_route=%2Fwp%2Fv2%2Ftags&post=15071"}],"curies":[{"name":"wp","href":"https:\/\/api.w.org\/{rel}","templated":true}]}}