{"id":15089,"date":"2023-11-13T16:08:23","date_gmt":"2023-11-13T19:08:23","guid":{"rendered":"https:\/\/pc.sc.gov.br\/?p=15089"},"modified":"2023-11-13T18:47:14","modified_gmt":"2023-11-13T21:47:14","slug":"decap-localiza-e-captura-foragido-do-parana-em-florianopolis","status":"publish","type":"post","link":"https:\/\/pc.sc.gov.br\/?p=15089","title":{"rendered":"DECAP localiza e captura foragido do Paran\u00e1, em Florian\u00f3polis"},"content":{"rendered":"\t\t<div data-elementor-type=\"wp-post\" data-elementor-id=\"15089\" class=\"elementor elementor-15089\" data-elementor-post-type=\"post\">\n\t\t\t\t\t\t<section class=\"elementor-section elementor-top-section elementor-element elementor-element-2876eba elementor-section-boxed elementor-section-height-default elementor-section-height-default\" data-id=\"2876eba\" data-element_type=\"section\">\n\t\t\t\t\t\t<div class=\"elementor-container elementor-column-gap-default\">\n\t\t\t\t\t<div class=\"elementor-column elementor-col-100 elementor-top-column elementor-element elementor-element-56262b9\" data-id=\"56262b9\" data-element_type=\"column\">\n\t\t\t<div class=\"elementor-widget-wrap elementor-element-populated\">\n\t\t\t\t\t\t<div class=\"elementor-element elementor-element-58144d5 elementor-widget elementor-widget-heading\" data-id=\"58144d5\" data-element_type=\"widget\" data-widget_type=\"heading.default\">\n\t\t\t\t<div class=\"elementor-widget-container\">\n\t\t\t\t\t<h2 class=\"elementor-heading-title elementor-size-default\">DECAP localiza e captura foragido do Paran\u00e1, em Florian\u00f3polis<\/h2>\t\t\t\t<\/div>\n\t\t\t\t<\/div>\n\t\t\t\t\t<\/div>\n\t\t<\/div>\n\t\t\t\t\t<\/div>\n\t\t<\/section>\n\t\t\t\t<section class=\"elementor-section elementor-top-section elementor-element elementor-element-66313de elementor-section-boxed elementor-section-height-default elementor-section-height-default\" data-id=\"66313de\" data-element_type=\"section\">\n\t\t\t\t\t\t<div class=\"elementor-container elementor-column-gap-default\">\n\t\t\t\t\t<div class=\"elementor-column elementor-col-100 elementor-top-column elementor-element elementor-element-fe883ca\" data-id=\"fe883ca\" data-element_type=\"column\">\n\t\t\t<div class=\"elementor-widget-wrap elementor-element-populated\">\n\t\t\t\t\t\t<div class=\"elementor-element elementor-element-603041f elementor-widget elementor-widget-image\" data-id=\"603041f\" data-element_type=\"widget\" data-widget_type=\"image.default\">\n\t\t\t\t<div class=\"elementor-widget-container\">\n\t\t\t\t\t\t\t\t\t\t\t\t\t\t\t<img fetchpriority=\"high\" decoding=\"async\" width=\"696\" height=\"583\" src=\"https:\/\/pc.sc.gov.br\/\/wp-content\/uploads\/2023\/11\/52798047036_d7bc95aaed_k-fotor-20231101135311-1.jpg\" class=\"attachment-large size-large wp-image-15090\" alt=\"\" srcset=\"https:\/\/pc.sc.gov.br\/\/wp-content\/uploads\/2023\/11\/52798047036_d7bc95aaed_k-fotor-20231101135311-1.jpg 961w, https:\/\/pc.sc.gov.br\/\/wp-content\/uploads\/2023\/11\/52798047036_d7bc95aaed_k-fotor-20231101135311-1-300x251.jpg 300w, https:\/\/pc.sc.gov.br\/\/wp-content\/uploads\/2023\/11\/52798047036_d7bc95aaed_k-fotor-20231101135311-1-768x643.jpg 768w\" sizes=\"(max-width: 696px) 100vw, 696px\" \/>\t\t\t\t\t\t\t\t\t\t\t\t\t\t\t<\/div>\n\t\t\t\t<\/div>\n\t\t\t\t\t<\/div>\n\t\t<\/div>\n\t\t\t\t\t<\/div>\n\t\t<\/section>\n\t\t\t\t<section class=\"elementor-section elementor-top-section elementor-element elementor-element-ff18d2a elementor-section-boxed elementor-section-height-default elementor-section-height-default\" data-id=\"ff18d2a\" data-element_type=\"section\">\n\t\t\t\t\t\t<div class=\"elementor-container elementor-column-gap-default\">\n\t\t\t\t\t<div class=\"elementor-column elementor-col-100 elementor-top-column elementor-element elementor-element-6f4c119\" data-id=\"6f4c119\" data-element_type=\"column\">\n\t\t\t<div class=\"elementor-widget-wrap elementor-element-populated\">\n\t\t\t\t\t\t<div class=\"elementor-element elementor-element-e36ad7c elementor-widget elementor-widget-text-editor\" data-id=\"e36ad7c\" data-element_type=\"widget\" data-widget_type=\"text-editor.default\">\n\t\t\t\t<div class=\"elementor-widget-container\">\n\t\t\t\t\t\t\t\t\t<p>A Pol\u00edcia Civil de Santa Catarina, por meio da Delegacia de Capturas (DECAP\/DEIC) prendeu nesta segunda-feira (13), um homem que estava foragido do Poder Judici\u00e1rio do Paran\u00e1. O preso foi condenado a cumprir sete anos de pris\u00e3o pelos crimes previstos nos artigos 244 da lei 8069; e 157 da lei 2848.<\/p><p>Ap\u00f3s dilig\u00eancias, a equipe da DECAP localizou o foragido e o capturou nesta segunda-feira, em Florian\u00f3polis.\u00a0<span style=\"font-family: var( --e-global-typography-text-font-family ), Sans-serif; font-size: var( --e-global-typography-text-font-size ); font-weight: var( --e-global-typography-text-font-weight );\">Den\u00fancias e informa\u00e7\u00f5es relacionadas a foragidos da Justi\u00e7a podem ser encaminhadas para o e-mail deic-capturas@pc.sc.gov.br, sendo garantido o anonimato.<\/span><\/p><p>A DECAP\/DEIC refor\u00e7a seu compromisso em prol da seguran\u00e7a da sociedade catarinense.<\/p><div>\u00a0<\/div>\t\t\t\t\t\t\t\t<\/div>\n\t\t\t\t<\/div>\n\t\t\t\t\t<\/div>\n\t\t<\/div>\n\t\t\t\t\t<\/div>\n\t\t<\/section>\n\t\t\t\t<\/div>\n\t\t","protected":false},"excerpt":{"rendered":"<p>DECAP localiza e captura foragido do Paran\u00e1, em Florian\u00f3polis A Pol\u00edcia Civil de Santa Catarina, por meio da Delegacia de Capturas (DECAP\/DEIC) prendeu nesta segunda-feira (13), um homem que estava foragido do Poder Judici\u00e1rio do Paran\u00e1. O preso foi condenado a cumprir sete anos de pris\u00e3o pelos crimes previstos nos artigos 244 da lei 8069; [&hellip;]<\/p>\n","protected":false},"author":5,"featured_media":15090,"comment_status":"closed","ping_status":"open","sticky":false,"template":"","format":"standard","meta":{"_monsterinsights_skip_tracking":false,"_monsterinsights_sitenote_active":false,"_monsterinsights_sitenote_note":"","_monsterinsights_sitenote_category":0,"footnotes":""},"categories":[1],"tags":[],"class_list":["post-15089","post","type-post","status-publish","format-standard","has-post-thumbnail","hentry","category-sem-categoria"],"_links":{"self":[{"href":"https:\/\/pc.sc.gov.br\/index.php?rest_route=\/wp\/v2\/posts\/15089","targetHints":{"allow":["GET"]}}],"collection":[{"href":"https:\/\/pc.sc.gov.br\/index.php?rest_route=\/wp\/v2\/posts"}],"about":[{"href":"https:\/\/pc.sc.gov.br\/index.php?rest_route=\/wp\/v2\/types\/post"}],"author":[{"embeddable":true,"href":"https:\/\/pc.sc.gov.br\/index.php?rest_route=\/wp\/v2\/users\/5"}],"replies":[{"embeddable":true,"href":"https:\/\/pc.sc.gov.br\/index.php?rest_route=%2Fwp%2Fv2%2Fcomments&post=15089"}],"version-history":[{"count":7,"href":"https:\/\/pc.sc.gov.br\/index.php?rest_route=\/wp\/v2\/posts\/15089\/revisions"}],"predecessor-version":[{"id":15140,"href":"https:\/\/pc.sc.gov.br\/index.php?rest_route=\/wp\/v2\/posts\/15089\/revisions\/15140"}],"wp:featuredmedia":[{"embeddable":true,"href":"https:\/\/pc.sc.gov.br\/index.php?rest_route=\/wp\/v2\/media\/15090"}],"wp:attachment":[{"href":"https:\/\/pc.sc.gov.br\/index.php?rest_route=%2Fwp%2Fv2%2Fmedia&parent=15089"}],"wp:term":[{"taxonomy":"category","embeddable":true,"href":"https:\/\/pc.sc.gov.br\/index.php?rest_route=%2Fwp%2Fv2%2Fcategories&post=15089"},{"taxonomy":"post_tag","embeddable":true,"href":"https:\/\/pc.sc.gov.br\/index.php?rest_route=%2Fwp%2Fv2%2Ftags&post=15089"}],"curies":[{"name":"wp","href":"https:\/\/api.w.org\/{rel}","templated":true}]}}