{"id":15118,"date":"2023-11-13T18:30:06","date_gmt":"2023-11-13T21:30:06","guid":{"rendered":"https:\/\/pc.sc.gov.br\/?p=15118"},"modified":"2023-11-13T18:31:40","modified_gmt":"2023-11-13T21:31:40","slug":"policia-civil-prende-homem-condenado-judicialmente-por-abusar-sexualmente-de-menina-de-12-anos-em-maravilha","status":"publish","type":"post","link":"https:\/\/pc.sc.gov.br\/?p=15118","title":{"rendered":"Pol\u00edcia Civil prende homem condenado judicialmente por abusar sexualmente de menina de 12 anos em Maravilha"},"content":{"rendered":"\t\t<div data-elementor-type=\"wp-post\" data-elementor-id=\"15118\" class=\"elementor elementor-15118\" data-elementor-post-type=\"post\">\n\t\t\t\t\t\t<section class=\"elementor-section elementor-top-section elementor-element elementor-element-41e08fb elementor-section-boxed elementor-section-height-default elementor-section-height-default\" data-id=\"41e08fb\" data-element_type=\"section\">\n\t\t\t\t\t\t<div class=\"elementor-container elementor-column-gap-default\">\n\t\t\t\t\t<div class=\"elementor-column elementor-col-100 elementor-top-column elementor-element elementor-element-eadaea6\" data-id=\"eadaea6\" data-element_type=\"column\">\n\t\t\t<div class=\"elementor-widget-wrap elementor-element-populated\">\n\t\t\t\t\t\t<div class=\"elementor-element elementor-element-f56c28e elementor-widget elementor-widget-heading\" data-id=\"f56c28e\" data-element_type=\"widget\" data-widget_type=\"heading.default\">\n\t\t\t\t<div class=\"elementor-widget-container\">\n\t\t\t\t\t<h2 class=\"elementor-heading-title elementor-size-default\">Pol\u00edcia Civil prende homem condenado judicialmente por abusar sexualmente de menina de 12 anos em Maravilha<\/h2>\t\t\t\t<\/div>\n\t\t\t\t<\/div>\n\t\t\t\t\t<\/div>\n\t\t<\/div>\n\t\t\t\t\t<\/div>\n\t\t<\/section>\n\t\t\t\t<section class=\"elementor-section elementor-top-section elementor-element elementor-element-06e8bf8 elementor-section-boxed elementor-section-height-default elementor-section-height-default\" data-id=\"06e8bf8\" data-element_type=\"section\">\n\t\t\t\t\t\t<div class=\"elementor-container elementor-column-gap-default\">\n\t\t\t\t\t<div class=\"elementor-column elementor-col-100 elementor-top-column elementor-element elementor-element-fa9cb99\" data-id=\"fa9cb99\" data-element_type=\"column\">\n\t\t\t<div class=\"elementor-widget-wrap elementor-element-populated\">\n\t\t\t\t\t\t<div class=\"elementor-element elementor-element-8a59105 elementor-widget elementor-widget-image\" data-id=\"8a59105\" data-element_type=\"widget\" data-widget_type=\"image.default\">\n\t\t\t\t<div class=\"elementor-widget-container\">\n\t\t\t\t\t\t\t\t\t\t\t\t\t\t\t<img fetchpriority=\"high\" decoding=\"async\" width=\"696\" height=\"696\" src=\"https:\/\/pc.sc.gov.br\/\/wp-content\/uploads\/2023\/11\/WhatsApp-Image-2023-11-13-at-13.36.12.jpeg\" class=\"attachment-large size-large wp-image-15119\" alt=\"\" srcset=\"https:\/\/pc.sc.gov.br\/\/wp-content\/uploads\/2023\/11\/WhatsApp-Image-2023-11-13-at-13.36.12.jpeg 735w, https:\/\/pc.sc.gov.br\/\/wp-content\/uploads\/2023\/11\/WhatsApp-Image-2023-11-13-at-13.36.12-300x300.jpeg 300w, https:\/\/pc.sc.gov.br\/\/wp-content\/uploads\/2023\/11\/WhatsApp-Image-2023-11-13-at-13.36.12-150x150.jpeg 150w\" sizes=\"(max-width: 696px) 100vw, 696px\" \/>\t\t\t\t\t\t\t\t\t\t\t\t\t\t\t<\/div>\n\t\t\t\t<\/div>\n\t\t\t\t\t<\/div>\n\t\t<\/div>\n\t\t\t\t\t<\/div>\n\t\t<\/section>\n\t\t\t\t<section class=\"elementor-section elementor-top-section elementor-element elementor-element-4bcdde0 elementor-section-boxed elementor-section-height-default elementor-section-height-default\" data-id=\"4bcdde0\" data-element_type=\"section\">\n\t\t\t\t\t\t<div class=\"elementor-container elementor-column-gap-default\">\n\t\t\t\t\t<div class=\"elementor-column elementor-col-100 elementor-top-column elementor-element elementor-element-2a93313\" data-id=\"2a93313\" data-element_type=\"column\">\n\t\t\t<div class=\"elementor-widget-wrap elementor-element-populated\">\n\t\t\t\t\t\t<div class=\"elementor-element elementor-element-4b99cd8 elementor-widget elementor-widget-text-editor\" data-id=\"4b99cd8\" data-element_type=\"widget\" data-widget_type=\"text-editor.default\">\n\t\t\t\t<div class=\"elementor-widget-container\">\n\t\t\t\t\t\t\t\t\t<p>Na manh\u00e3 desta segunda-feira (13\/11), a Pol\u00edcia Civil, por meio da Delegacia de Prote\u00e7\u00e3o \u00e0 Mulher, \u00e0 Crian\u00e7a, ao Adolescente e ao Idoso (DPCAMI) de Maravilha prendeu um homem, de 35 anos, condenado, em processo judicial, pela pr\u00e1tica do crime de estupro de vulner\u00e1vel, contra uma adolescente de 12 anos de idade.<\/p>\n<p>O delito ocorreu no ano de 2019, no munic\u00edpio de Maravilha. Durante a investiga\u00e7\u00e3o, realizada pela Pol\u00edcia Civil, o indiv\u00edduo destruiu o pr\u00f3prio celular, a fim de ocultar provas do crime. Mesmo assim, ap\u00f3s a an\u00e1lise da equipe de investiga\u00e7\u00e3o, foram recuperadas imagens do abuso do sexual que estavam no celular, resultando na condena\u00e7\u00e3o do abusador.&nbsp;<span style=\"font-family: var( --e-global-typography-primary-font-family ), Sans-serif; font-size: var( --e-global-typography-primary-font-size ); font-weight: var( --e-global-typography-primary-font-weight ); letter-spacing: var( --e-global-typography-primary-letter-spacing );\">Ap\u00f3s o processo judicial, o criminoso foi condenado a dez anos de reclus\u00e3o.&nbsp;<\/span><\/p><p><span style=\"font-family: var( --e-global-typography-text-font-family ), Sans-serif; font-size: var( --e-global-typography-text-font-size ); letter-spacing: var( --e-global-typography-primary-letter-spacing );\">Na manh\u00e3 desta segunda-feira, a equipe da DPCAMI localizou e prendeu o condenado em Maravilha. Ap\u00f3s a captura, foi encaminhado \u00e0 Unidade Prisional de Maravilha.<\/span><span style=\"color: var( --e-global-color-text ); font-family: var( --e-global-typography-primary-font-family ), Sans-serif; font-size: var( --e-global-typography-primary-font-size ); font-weight: var( --e-global-typography-primary-font-weight ); letter-spacing: var( --e-global-typography-primary-letter-spacing );\">&nbsp;<\/span><\/p>\t\t\t\t\t\t\t\t<\/div>\n\t\t\t\t<\/div>\n\t\t\t\t\t<\/div>\n\t\t<\/div>\n\t\t\t\t\t<\/div>\n\t\t<\/section>\n\t\t\t\t<\/div>\n\t\t","protected":false},"excerpt":{"rendered":"<p>Pol\u00edcia Civil prende homem condenado judicialmente por abusar sexualmente de menina de 12 anos em Maravilha Na manh\u00e3 desta segunda-feira (13\/11), a Pol\u00edcia Civil, por meio da Delegacia de Prote\u00e7\u00e3o \u00e0 Mulher, \u00e0 Crian\u00e7a, ao Adolescente e ao Idoso (DPCAMI) de Maravilha prendeu um homem, de 35 anos, condenado, em processo judicial, pela pr\u00e1tica do [&hellip;]<\/p>\n","protected":false},"author":5,"featured_media":15119,"comment_status":"closed","ping_status":"open","sticky":false,"template":"","format":"standard","meta":{"_monsterinsights_skip_tracking":false,"_monsterinsights_sitenote_active":false,"_monsterinsights_sitenote_note":"","_monsterinsights_sitenote_category":0,"footnotes":""},"categories":[1],"tags":[],"class_list":["post-15118","post","type-post","status-publish","format-standard","has-post-thumbnail","hentry","category-sem-categoria"],"_links":{"self":[{"href":"https:\/\/pc.sc.gov.br\/index.php?rest_route=\/wp\/v2\/posts\/15118","targetHints":{"allow":["GET"]}}],"collection":[{"href":"https:\/\/pc.sc.gov.br\/index.php?rest_route=\/wp\/v2\/posts"}],"about":[{"href":"https:\/\/pc.sc.gov.br\/index.php?rest_route=\/wp\/v2\/types\/post"}],"author":[{"embeddable":true,"href":"https:\/\/pc.sc.gov.br\/index.php?rest_route=\/wp\/v2\/users\/5"}],"replies":[{"embeddable":true,"href":"https:\/\/pc.sc.gov.br\/index.php?rest_route=%2Fwp%2Fv2%2Fcomments&post=15118"}],"version-history":[{"count":7,"href":"https:\/\/pc.sc.gov.br\/index.php?rest_route=\/wp\/v2\/posts\/15118\/revisions"}],"predecessor-version":[{"id":15126,"href":"https:\/\/pc.sc.gov.br\/index.php?rest_route=\/wp\/v2\/posts\/15118\/revisions\/15126"}],"wp:featuredmedia":[{"embeddable":true,"href":"https:\/\/pc.sc.gov.br\/index.php?rest_route=\/wp\/v2\/media\/15119"}],"wp:attachment":[{"href":"https:\/\/pc.sc.gov.br\/index.php?rest_route=%2Fwp%2Fv2%2Fmedia&parent=15118"}],"wp:term":[{"taxonomy":"category","embeddable":true,"href":"https:\/\/pc.sc.gov.br\/index.php?rest_route=%2Fwp%2Fv2%2Fcategories&post=15118"},{"taxonomy":"post_tag","embeddable":true,"href":"https:\/\/pc.sc.gov.br\/index.php?rest_route=%2Fwp%2Fv2%2Ftags&post=15118"}],"curies":[{"name":"wp","href":"https:\/\/api.w.org\/{rel}","templated":true}]}}