{"id":15188,"date":"2023-11-14T14:17:25","date_gmt":"2023-11-14T17:17:25","guid":{"rendered":"https:\/\/pc.sc.gov.br\/?p=15188"},"modified":"2023-11-14T14:18:32","modified_gmt":"2023-11-14T17:18:32","slug":"em-cocal-de-sul-policia-civil-realiza-prisao-em-flagrante-por-trafico-de-drogas-e-posse-irregular-de-municoes","status":"publish","type":"post","link":"https:\/\/pc.sc.gov.br\/?p=15188","title":{"rendered":"Em Cocal de Sul, Pol\u00edcia Civil realiza pris\u00e3o em flagrante por tr\u00e1fico de drogas e posse irregular de muni\u00e7\u00f5es"},"content":{"rendered":"\t\t<div data-elementor-type=\"wp-post\" data-elementor-id=\"15188\" class=\"elementor elementor-15188\" data-elementor-post-type=\"post\">\n\t\t\t\t\t\t<section class=\"elementor-section elementor-top-section elementor-element elementor-element-29d2b40 elementor-section-boxed elementor-section-height-default elementor-section-height-default\" data-id=\"29d2b40\" data-element_type=\"section\">\n\t\t\t\t\t\t<div class=\"elementor-container elementor-column-gap-default\">\n\t\t\t\t\t<div class=\"elementor-column elementor-col-100 elementor-top-column elementor-element elementor-element-524fabc\" data-id=\"524fabc\" data-element_type=\"column\">\n\t\t\t<div class=\"elementor-widget-wrap elementor-element-populated\">\n\t\t\t\t\t\t<div class=\"elementor-element elementor-element-e8986ba elementor-widget elementor-widget-heading\" data-id=\"e8986ba\" data-element_type=\"widget\" data-widget_type=\"heading.default\">\n\t\t\t\t<div class=\"elementor-widget-container\">\n\t\t\t\t\t<h2 class=\"elementor-heading-title elementor-size-default\">Em Cocal de Sul, Pol\u00edcia Civil realiza pris\u00e3o em flagrante por tr\u00e1fico de drogas e posse irregular de muni\u00e7\u00f5es<\/h2>\t\t\t\t<\/div>\n\t\t\t\t<\/div>\n\t\t\t\t\t<\/div>\n\t\t<\/div>\n\t\t\t\t\t<\/div>\n\t\t<\/section>\n\t\t\t\t<section class=\"elementor-section elementor-top-section elementor-element elementor-element-fddae7a elementor-section-boxed elementor-section-height-default elementor-section-height-default\" data-id=\"fddae7a\" data-element_type=\"section\">\n\t\t\t\t\t\t<div class=\"elementor-container elementor-column-gap-default\">\n\t\t\t\t\t<div class=\"elementor-column elementor-col-100 elementor-top-column elementor-element elementor-element-2398f23\" data-id=\"2398f23\" data-element_type=\"column\">\n\t\t\t<div class=\"elementor-widget-wrap elementor-element-populated\">\n\t\t\t\t\t\t<div class=\"elementor-element elementor-element-fdf5043 elementor-widget elementor-widget-image\" data-id=\"fdf5043\" data-element_type=\"widget\" data-widget_type=\"image.default\">\n\t\t\t\t<div class=\"elementor-widget-container\">\n\t\t\t\t\t\t\t\t\t\t\t\t\t\t\t<img fetchpriority=\"high\" decoding=\"async\" width=\"696\" height=\"658\" src=\"https:\/\/pc.sc.gov.br\/\/wp-content\/uploads\/2023\/11\/0bbbb69a-4c73-4fb9-85f0-8368fb12afd4-fotor-20231114141618.jpg\" class=\"attachment-large size-large wp-image-15189\" alt=\"\" srcset=\"https:\/\/pc.sc.gov.br\/\/wp-content\/uploads\/2023\/11\/0bbbb69a-4c73-4fb9-85f0-8368fb12afd4-fotor-20231114141618.jpg 768w, https:\/\/pc.sc.gov.br\/\/wp-content\/uploads\/2023\/11\/0bbbb69a-4c73-4fb9-85f0-8368fb12afd4-fotor-20231114141618-300x284.jpg 300w\" sizes=\"(max-width: 696px) 100vw, 696px\" \/>\t\t\t\t\t\t\t\t\t\t\t\t\t\t\t<\/div>\n\t\t\t\t<\/div>\n\t\t\t\t\t<\/div>\n\t\t<\/div>\n\t\t\t\t\t<\/div>\n\t\t<\/section>\n\t\t\t\t<section class=\"elementor-section elementor-top-section elementor-element elementor-element-c4c6b4e elementor-section-boxed elementor-section-height-default elementor-section-height-default\" data-id=\"c4c6b4e\" data-element_type=\"section\">\n\t\t\t\t\t\t<div class=\"elementor-container elementor-column-gap-default\">\n\t\t\t\t\t<div class=\"elementor-column elementor-col-100 elementor-top-column elementor-element elementor-element-aa5026b\" data-id=\"aa5026b\" data-element_type=\"column\">\n\t\t\t<div class=\"elementor-widget-wrap elementor-element-populated\">\n\t\t\t\t\t\t<div class=\"elementor-element elementor-element-a522185 elementor-widget elementor-widget-text-editor\" data-id=\"a522185\" data-element_type=\"widget\" data-widget_type=\"text-editor.default\">\n\t\t\t\t<div class=\"elementor-widget-container\">\n\t\t\t\t\t\t\t\t\t<p>A Pol\u00edcia Civil de Santa Catarina, por meio da Delegacia de Pol\u00edcia de Cocal do Sul desencadeou opera\u00e7\u00e3o policial nesta ter\u00e7a-feira (14) com o objetivo de dar cumprimento a mandados de busca e apreens\u00e3o, em combate ao crime de tr\u00e1fico de drogas e posse irregular de muni\u00e7\u00f5es.<\/p><p>Em uma das dilig\u00eancias um dos investigados restou preso em flagrante por tr\u00e1fico de drogas, mais especificamente subst\u00e2ncia semelhante \u00e0 coca\u00edna e posse irregular de muni\u00e7\u00f5es.<\/p><p>Durante a opera\u00e7\u00e3o restaram apreendidas: droga fracionada pronta para venda, droga (coca\u00edna) ainda n\u00e3o fracionada, balan\u00e7a de precis\u00e3o, quatro muni\u00e7\u00f5es calibre .38, eletr\u00f4nicos e materiais comumente utilizados no tr\u00e1fico de drogas.\u00a0<\/p><p>Ap\u00f3s os procedimentos cartor\u00e1rios, o preso foi encaminhado para o sistema prisional e permanecer\u00e1 \u00e0 disposi\u00e7\u00e3o da Justi\u00e7a. As investiga\u00e7\u00f5es continuam com objetivo de identificar poss\u00edveis outros envolvidos.<\/p><div>\u00a0<\/div>\t\t\t\t\t\t\t\t<\/div>\n\t\t\t\t<\/div>\n\t\t\t\t\t<\/div>\n\t\t<\/div>\n\t\t\t\t\t<\/div>\n\t\t<\/section>\n\t\t\t\t<\/div>\n\t\t","protected":false},"excerpt":{"rendered":"<p>Em Cocal de Sul, Pol\u00edcia Civil realiza pris\u00e3o em flagrante por tr\u00e1fico de drogas e posse irregular de muni\u00e7\u00f5es A Pol\u00edcia Civil de Santa Catarina, por meio da Delegacia de Pol\u00edcia de Cocal do Sul desencadeou opera\u00e7\u00e3o policial nesta ter\u00e7a-feira (14) com o objetivo de dar cumprimento a mandados de busca e apreens\u00e3o, em combate [&hellip;]<\/p>\n","protected":false},"author":5,"featured_media":15189,"comment_status":"closed","ping_status":"open","sticky":false,"template":"","format":"standard","meta":{"_monsterinsights_skip_tracking":false,"_monsterinsights_sitenote_active":false,"_monsterinsights_sitenote_note":"","_monsterinsights_sitenote_category":0,"footnotes":""},"categories":[1],"tags":[],"class_list":["post-15188","post","type-post","status-publish","format-standard","has-post-thumbnail","hentry","category-sem-categoria"],"_links":{"self":[{"href":"https:\/\/pc.sc.gov.br\/index.php?rest_route=\/wp\/v2\/posts\/15188","targetHints":{"allow":["GET"]}}],"collection":[{"href":"https:\/\/pc.sc.gov.br\/index.php?rest_route=\/wp\/v2\/posts"}],"about":[{"href":"https:\/\/pc.sc.gov.br\/index.php?rest_route=\/wp\/v2\/types\/post"}],"author":[{"embeddable":true,"href":"https:\/\/pc.sc.gov.br\/index.php?rest_route=\/wp\/v2\/users\/5"}],"replies":[{"embeddable":true,"href":"https:\/\/pc.sc.gov.br\/index.php?rest_route=%2Fwp%2Fv2%2Fcomments&post=15188"}],"version-history":[{"count":4,"href":"https:\/\/pc.sc.gov.br\/index.php?rest_route=\/wp\/v2\/posts\/15188\/revisions"}],"predecessor-version":[{"id":15193,"href":"https:\/\/pc.sc.gov.br\/index.php?rest_route=\/wp\/v2\/posts\/15188\/revisions\/15193"}],"wp:featuredmedia":[{"embeddable":true,"href":"https:\/\/pc.sc.gov.br\/index.php?rest_route=\/wp\/v2\/media\/15189"}],"wp:attachment":[{"href":"https:\/\/pc.sc.gov.br\/index.php?rest_route=%2Fwp%2Fv2%2Fmedia&parent=15188"}],"wp:term":[{"taxonomy":"category","embeddable":true,"href":"https:\/\/pc.sc.gov.br\/index.php?rest_route=%2Fwp%2Fv2%2Fcategories&post=15188"},{"taxonomy":"post_tag","embeddable":true,"href":"https:\/\/pc.sc.gov.br\/index.php?rest_route=%2Fwp%2Fv2%2Ftags&post=15188"}],"curies":[{"name":"wp","href":"https:\/\/api.w.org\/{rel}","templated":true}]}}