{"id":15194,"date":"2023-11-14T16:32:21","date_gmt":"2023-11-14T19:32:21","guid":{"rendered":"https:\/\/pc.sc.gov.br\/?p=15194"},"modified":"2023-11-14T16:33:30","modified_gmt":"2023-11-14T19:33:30","slug":"policia-civil-prende-homem-suspeito-de-praticar-crimes-de-estelionato-em-xanxere-e-chapeco","status":"publish","type":"post","link":"https:\/\/pc.sc.gov.br\/?p=15194","title":{"rendered":"Pol\u00edcia Civil prende homem suspeito de praticar crimes de estelionato em Xanxer\u00ea e Chapec\u00f3"},"content":{"rendered":"\t\t<div data-elementor-type=\"wp-post\" data-elementor-id=\"15194\" class=\"elementor elementor-15194\" data-elementor-post-type=\"post\">\n\t\t\t\t\t\t<section class=\"elementor-section elementor-top-section elementor-element elementor-element-83ec4fc elementor-section-boxed elementor-section-height-default elementor-section-height-default\" data-id=\"83ec4fc\" data-element_type=\"section\">\n\t\t\t\t\t\t<div class=\"elementor-container elementor-column-gap-default\">\n\t\t\t\t\t<div class=\"elementor-column elementor-col-100 elementor-top-column elementor-element elementor-element-3549efc\" data-id=\"3549efc\" data-element_type=\"column\">\n\t\t\t<div class=\"elementor-widget-wrap elementor-element-populated\">\n\t\t\t\t\t\t<div class=\"elementor-element elementor-element-a6cd2bb elementor-widget elementor-widget-heading\" data-id=\"a6cd2bb\" data-element_type=\"widget\" data-widget_type=\"heading.default\">\n\t\t\t\t<div class=\"elementor-widget-container\">\n\t\t\t\t\t<h2 class=\"elementor-heading-title elementor-size-default\">Pol\u00edcia Civil prende homem suspeito de praticar crimes de estelionato em Xanxer\u00ea e Chapec\u00f3<\/h2>\t\t\t\t<\/div>\n\t\t\t\t<\/div>\n\t\t\t\t\t<\/div>\n\t\t<\/div>\n\t\t\t\t\t<\/div>\n\t\t<\/section>\n\t\t\t\t<section class=\"elementor-section elementor-top-section elementor-element elementor-element-fa8315c elementor-section-boxed elementor-section-height-default elementor-section-height-default\" data-id=\"fa8315c\" data-element_type=\"section\">\n\t\t\t\t\t\t<div class=\"elementor-container elementor-column-gap-default\">\n\t\t\t\t\t<div class=\"elementor-column elementor-col-100 elementor-top-column elementor-element elementor-element-241e10c\" data-id=\"241e10c\" data-element_type=\"column\">\n\t\t\t<div class=\"elementor-widget-wrap elementor-element-populated\">\n\t\t\t\t\t\t<div class=\"elementor-element elementor-element-445baae elementor-widget elementor-widget-image\" data-id=\"445baae\" data-element_type=\"widget\" data-widget_type=\"image.default\">\n\t\t\t\t<div class=\"elementor-widget-container\">\n\t\t\t\t\t\t\t\t\t\t\t\t\t\t\t<img fetchpriority=\"high\" decoding=\"async\" width=\"475\" height=\"441\" src=\"https:\/\/pc.sc.gov.br\/\/wp-content\/uploads\/2023\/11\/18178a42-6902-4162-96be-960c81587faf-fotor-20231114163142.jpg\" class=\"attachment-large size-large wp-image-15195\" alt=\"\" srcset=\"https:\/\/pc.sc.gov.br\/\/wp-content\/uploads\/2023\/11\/18178a42-6902-4162-96be-960c81587faf-fotor-20231114163142.jpg 475w, https:\/\/pc.sc.gov.br\/\/wp-content\/uploads\/2023\/11\/18178a42-6902-4162-96be-960c81587faf-fotor-20231114163142-300x279.jpg 300w\" sizes=\"(max-width: 475px) 100vw, 475px\" \/>\t\t\t\t\t\t\t\t\t\t\t\t\t\t\t<\/div>\n\t\t\t\t<\/div>\n\t\t\t\t\t<\/div>\n\t\t<\/div>\n\t\t\t\t\t<\/div>\n\t\t<\/section>\n\t\t\t\t<section class=\"elementor-section elementor-top-section elementor-element elementor-element-196a033 elementor-section-boxed elementor-section-height-default elementor-section-height-default\" data-id=\"196a033\" data-element_type=\"section\">\n\t\t\t\t\t\t<div class=\"elementor-container elementor-column-gap-default\">\n\t\t\t\t\t<div class=\"elementor-column elementor-col-100 elementor-top-column elementor-element elementor-element-4fb82ee\" data-id=\"4fb82ee\" data-element_type=\"column\">\n\t\t\t<div class=\"elementor-widget-wrap elementor-element-populated\">\n\t\t\t\t\t\t<div class=\"elementor-element elementor-element-90dd590 elementor-widget elementor-widget-text-editor\" data-id=\"90dd590\" data-element_type=\"widget\" data-widget_type=\"text-editor.default\">\n\t\t\t\t<div class=\"elementor-widget-container\">\n\t\t\t\t\t\t\t\t\t<p>A Pol\u00edcia Civil de Santa Catarina, por meio da Delegacia de Pol\u00edcia da Comarca de Xanxer\u00ea, coordenada pelo Delegado de Pol\u00edcia Elder Arruda Chaves, com apoio da Delegacia de Repress\u00e3o a Roubos e Furtos de Chapec\u00f3, prendeu, preventivamente, na manh\u00e3 desta ter\u00e7a-feira (14 ), em Guatambu, um homem suspeito de praticar crimes de estelionato nas cidades de Xanxer\u00ea e Chapec\u00f3.&nbsp;<\/p>\n<p>De acordo com as investiga\u00e7\u00f5es o suspeito comparecia a imobili\u00e1rias da regi\u00e3o, ocasi\u00e3o em que mostrava interesse por determinado im\u00f3vel, recebendo as chaves para visita. Imediatamente, o suspeito comparecia \u00e0 resid\u00eancia, fotografada o local e realizava a c\u00f3pia das chaves do im\u00f3vel. Posteriormente ele se apresentava como corretor de im\u00f3veis nas redes sociais, anunciando o im\u00f3vel.<\/p>\n<p>As v\u00edtimas, ent\u00e3o, interessadas em alugar os apartamentos\/casas, entravam em contato com o investigado, no qual solicitava o pagamento do primeiro aluguel, entregando, assim, as chaves do im\u00f3vel de terceiros.&nbsp;<\/p>\n<p><b>Os crimes<\/b><\/p>\n<p>Nos dias 05 de outubro, 03 e 07 de novembro, tr\u00eas v\u00edtimas compareceram a Delegacia de Pol\u00edcia Civil da Comarca de Xanxer\u00ea, oportunidade em que registram boletins de ocorr\u00eancias, relatando preju\u00edzos individuais acima de R$1 mil. O suspeito, tamb\u00e9m, praticou o mesmo crime na cidade de Chapec\u00f3, no dia 05 de outubro deste ano.&nbsp;<\/p>\n<p><b>A investiga\u00e7\u00e3o<\/b><\/p>\n<p>Ciente dos crimes, os Policiais Civis da Cidade de Xanxer\u00ea lograram \u00eaxito na identifica\u00e7\u00e3o e qualifica\u00e7\u00e3o do investigado, elaborando relat\u00f3rio de investiga\u00e7\u00e3o. O titular da Delegacia de Pol\u00edcia da Comarca de Xanxer\u00ea, delegado Elder Arruda Chaves, ent\u00e3o, representou pela pris\u00e3o preventiva do investigado, medida cautelar que foi prontamente deferida pelo Poder Judici\u00e1rio, ap\u00f3s manifesta\u00e7\u00e3o do Minist\u00e9rio P\u00fablico.&nbsp;<\/p>\n<p>Na manh\u00e3 de hoje (14), a Autoridade Policial, na companhia de um policial civil da Delegacia de Repress\u00e3o a Roubos de Chapec\u00f3, localizou o investigado, na resid\u00eancia de sua m\u00e3e, na cidade Guatambu e efetuou a pris\u00e3o do investigado.&nbsp;<\/p>\n<p>O suspeito foi interrogado e, ap\u00f3s os procedimentos legais, encaminhado para o sistema prisional, onde permanecer\u00e1 \u00e0 disposi\u00e7\u00e3o da justi\u00e7a. O inqu\u00e9rito Policial ser\u00e1 finalizado no prazo de at\u00e9 10 (dez dias).<\/p>\n<p>Pol\u00edcia Civil, investiga\u00e7\u00e3o que gera resultado.<\/p>\n<div>&nbsp;<\/div>\t\t\t\t\t\t\t\t<\/div>\n\t\t\t\t<\/div>\n\t\t\t\t\t<\/div>\n\t\t<\/div>\n\t\t\t\t\t<\/div>\n\t\t<\/section>\n\t\t\t\t<\/div>\n\t\t","protected":false},"excerpt":{"rendered":"<p>Pol\u00edcia Civil prende homem suspeito de praticar crimes de estelionato em Xanxer\u00ea e Chapec\u00f3 A Pol\u00edcia Civil de Santa Catarina, por meio da Delegacia de Pol\u00edcia da Comarca de Xanxer\u00ea, coordenada pelo Delegado de Pol\u00edcia Elder Arruda Chaves, com apoio da Delegacia de Repress\u00e3o a Roubos e Furtos de Chapec\u00f3, prendeu, preventivamente, na manh\u00e3 desta [&hellip;]<\/p>\n","protected":false},"author":5,"featured_media":15195,"comment_status":"closed","ping_status":"open","sticky":false,"template":"","format":"standard","meta":{"_monsterinsights_skip_tracking":false,"_monsterinsights_sitenote_active":false,"_monsterinsights_sitenote_note":"","_monsterinsights_sitenote_category":0,"footnotes":""},"categories":[1],"tags":[],"class_list":["post-15194","post","type-post","status-publish","format-standard","has-post-thumbnail","hentry","category-sem-categoria"],"_links":{"self":[{"href":"https:\/\/pc.sc.gov.br\/index.php?rest_route=\/wp\/v2\/posts\/15194","targetHints":{"allow":["GET"]}}],"collection":[{"href":"https:\/\/pc.sc.gov.br\/index.php?rest_route=\/wp\/v2\/posts"}],"about":[{"href":"https:\/\/pc.sc.gov.br\/index.php?rest_route=\/wp\/v2\/types\/post"}],"author":[{"embeddable":true,"href":"https:\/\/pc.sc.gov.br\/index.php?rest_route=\/wp\/v2\/users\/5"}],"replies":[{"embeddable":true,"href":"https:\/\/pc.sc.gov.br\/index.php?rest_route=%2Fwp%2Fv2%2Fcomments&post=15194"}],"version-history":[{"count":4,"href":"https:\/\/pc.sc.gov.br\/index.php?rest_route=\/wp\/v2\/posts\/15194\/revisions"}],"predecessor-version":[{"id":15199,"href":"https:\/\/pc.sc.gov.br\/index.php?rest_route=\/wp\/v2\/posts\/15194\/revisions\/15199"}],"wp:featuredmedia":[{"embeddable":true,"href":"https:\/\/pc.sc.gov.br\/index.php?rest_route=\/wp\/v2\/media\/15195"}],"wp:attachment":[{"href":"https:\/\/pc.sc.gov.br\/index.php?rest_route=%2Fwp%2Fv2%2Fmedia&parent=15194"}],"wp:term":[{"taxonomy":"category","embeddable":true,"href":"https:\/\/pc.sc.gov.br\/index.php?rest_route=%2Fwp%2Fv2%2Fcategories&post=15194"},{"taxonomy":"post_tag","embeddable":true,"href":"https:\/\/pc.sc.gov.br\/index.php?rest_route=%2Fwp%2Fv2%2Ftags&post=15194"}],"curies":[{"name":"wp","href":"https:\/\/api.w.org\/{rel}","templated":true}]}}