{"id":15200,"date":"2023-11-14T16:56:58","date_gmt":"2023-11-14T19:56:58","guid":{"rendered":"https:\/\/pc.sc.gov.br\/?p=15200"},"modified":"2023-11-14T16:57:59","modified_gmt":"2023-11-14T19:57:59","slug":"policia-civil-deflagra-a-operacao-salvacao-do-rebanho-em-porto-belo-e-tijucas-em-investigacao-por-maus-tratos-a-animais","status":"publish","type":"post","link":"https:\/\/pc.sc.gov.br\/?p=15200","title":{"rendered":"Pol\u00edcia Civil deflagra a opera\u00e7\u00e3o \u201cSalva\u00e7\u00e3o do Rebanho\u201d em Porto Belo e Tijucas em investiga\u00e7\u00e3o por maus-tratos a animais"},"content":{"rendered":"\t\t<div data-elementor-type=\"wp-post\" data-elementor-id=\"15200\" class=\"elementor elementor-15200\" data-elementor-post-type=\"post\">\n\t\t\t\t\t\t<section class=\"elementor-section elementor-top-section elementor-element elementor-element-8a1eaca elementor-section-boxed elementor-section-height-default elementor-section-height-default\" data-id=\"8a1eaca\" data-element_type=\"section\">\n\t\t\t\t\t\t<div class=\"elementor-container elementor-column-gap-default\">\n\t\t\t\t\t<div class=\"elementor-column elementor-col-100 elementor-top-column elementor-element elementor-element-2321cbd\" data-id=\"2321cbd\" data-element_type=\"column\">\n\t\t\t<div class=\"elementor-widget-wrap elementor-element-populated\">\n\t\t\t\t\t\t<div class=\"elementor-element elementor-element-c3030f1 elementor-widget elementor-widget-heading\" data-id=\"c3030f1\" data-element_type=\"widget\" data-widget_type=\"heading.default\">\n\t\t\t\t<div class=\"elementor-widget-container\">\n\t\t\t\t\t<h2 class=\"elementor-heading-title elementor-size-default\">Pol\u00edcia Civil deflagra a opera\u00e7\u00e3o \u201cSalva\u00e7\u00e3o do Rebanho\u201d em Porto Belo e Tijucas em investiga\u00e7\u00e3o por maus-tratos a animais<\/h2>\t\t\t\t<\/div>\n\t\t\t\t<\/div>\n\t\t\t\t\t<\/div>\n\t\t<\/div>\n\t\t\t\t\t<\/div>\n\t\t<\/section>\n\t\t\t\t<section class=\"elementor-section elementor-top-section elementor-element elementor-element-6da208b elementor-section-boxed elementor-section-height-default elementor-section-height-default\" data-id=\"6da208b\" data-element_type=\"section\">\n\t\t\t\t\t\t<div class=\"elementor-container elementor-column-gap-default\">\n\t\t\t\t\t<div class=\"elementor-column elementor-col-100 elementor-top-column elementor-element elementor-element-0eb9d12\" data-id=\"0eb9d12\" data-element_type=\"column\">\n\t\t\t<div class=\"elementor-widget-wrap elementor-element-populated\">\n\t\t\t\t\t\t<div class=\"elementor-element elementor-element-7815241 elementor-widget elementor-widget-image\" data-id=\"7815241\" data-element_type=\"widget\" data-widget_type=\"image.default\">\n\t\t\t\t<div class=\"elementor-widget-container\">\n\t\t\t\t\t\t\t\t\t\t\t\t\t\t\t<img fetchpriority=\"high\" decoding=\"async\" width=\"696\" height=\"454\" src=\"https:\/\/pc.sc.gov.br\/\/wp-content\/uploads\/2023\/11\/3b68eba9-0596-4096-b11e-43b081edb759-fotor-20231114165610-1024x668.jpg\" class=\"attachment-large size-large wp-image-15201\" alt=\"\" srcset=\"https:\/\/pc.sc.gov.br\/\/wp-content\/uploads\/2023\/11\/3b68eba9-0596-4096-b11e-43b081edb759-fotor-20231114165610-1024x668.jpg 1024w, https:\/\/pc.sc.gov.br\/\/wp-content\/uploads\/2023\/11\/3b68eba9-0596-4096-b11e-43b081edb759-fotor-20231114165610-300x196.jpg 300w, https:\/\/pc.sc.gov.br\/\/wp-content\/uploads\/2023\/11\/3b68eba9-0596-4096-b11e-43b081edb759-fotor-20231114165610-768x501.jpg 768w, https:\/\/pc.sc.gov.br\/\/wp-content\/uploads\/2023\/11\/3b68eba9-0596-4096-b11e-43b081edb759-fotor-20231114165610.jpg 1387w\" sizes=\"(max-width: 696px) 100vw, 696px\" \/>\t\t\t\t\t\t\t\t\t\t\t\t\t\t\t<\/div>\n\t\t\t\t<\/div>\n\t\t\t\t\t<\/div>\n\t\t<\/div>\n\t\t\t\t\t<\/div>\n\t\t<\/section>\n\t\t\t\t<section class=\"elementor-section elementor-top-section elementor-element elementor-element-0186b7a elementor-section-boxed elementor-section-height-default elementor-section-height-default\" data-id=\"0186b7a\" data-element_type=\"section\">\n\t\t\t\t\t\t<div class=\"elementor-container elementor-column-gap-default\">\n\t\t\t\t\t<div class=\"elementor-column elementor-col-100 elementor-top-column elementor-element elementor-element-39534b9\" data-id=\"39534b9\" data-element_type=\"column\">\n\t\t\t<div class=\"elementor-widget-wrap elementor-element-populated\">\n\t\t\t\t\t\t<div class=\"elementor-element elementor-element-64f1a82 elementor-widget elementor-widget-text-editor\" data-id=\"64f1a82\" data-element_type=\"widget\" data-widget_type=\"text-editor.default\">\n\t\t\t\t<div class=\"elementor-widget-container\">\n\t\t\t\t\t\t\t\t\t<p>A Pol\u00edcia Civil, por meio da Delegacia de Pol\u00edcia de Porto Belo, nesta ter\u00e7a-feira (14) deflagrou a opera\u00e7\u00e3o Salva\u00e7\u00e3o do Rebanho em conjunto com a Funda\u00e7\u00e3o Municipal do Meio Ambiente de Porto Belo (FAMAP), Companhia Integrada de Desenvolvimento Agr\u00edcola (CIDASC) e Grupo de Opera\u00e7\u00f5es e Resgate (GOR). Participaram tamb\u00e9m da opera\u00e7\u00e3o servidores da Secretaria de Planejamento e Secretaria de Obras e representantes do projeto Cadeia para Maus-Tratos de SC, totalizando 35 pessoas envolvidas.<\/p><p>Durante a opera\u00e7\u00e3o foram cumpridos tr\u00eas mandados de busca e apreens\u00e3o, sendo um na resid\u00eancia do investigado localizado na cidade de Tijucas e, outros dois, em suas propriedades rurais no munic\u00edpio de Porto Belo. Restaram apreendidas duas armas de fogo e todos os animais que se encontram nos dois pastos est\u00e3o sendo avaliados pelo m\u00e9dico veterin\u00e1rio para a constata\u00e7\u00e3o da situa\u00e7\u00e3o de maus tratos.\u00a0<\/p><p>Tamb\u00e9m foram localizadas aproximadamente 13 ossadas de animais mortos que foram abandonados no pasto. Ainda, administrativamente a FAMAP lavrou auto de infra\u00e7\u00e3o e termo de embargo \u00e0 atividade de bovinocultura nas propriedades do investigado localizadas no munic\u00edpio de Porto Belo.<\/p><p>A opera\u00e7\u00e3o \u00e9 fruto de investiga\u00e7\u00e3o iniciada ap\u00f3s o recebimento de den\u00fancia por parte da FAMAP e do GOR de bovinos que estavam em situa\u00e7\u00e3o de desnutri\u00e7\u00e3o, com ferimentos repletos de mi\u00edases (infesta\u00e7\u00e3o de larvas e moscas) e carrapatos.\u00a0<\/p><p>Diante das provas angariadas foi instaurado inqu\u00e9rito policial para apurar os fatos bem como a informa\u00e7\u00e3o de que h\u00e1 anos vem ocorrendo essa situa\u00e7\u00e3o. A autoridade policial representou pela expedi\u00e7\u00e3o de mandados de busca e apreens\u00e3o, pela apreens\u00e3o dos bovinos em situa\u00e7\u00e3o de maus-tratos e, dada \u00e0 peculiaridade do caso, para que parte da propriedade do investigado, situada no munic\u00edpio de Porto Belo, fosse demarcada por top\u00f3grafo do munic\u00edpio, cercada e permanecesse sob a responsabilidade dos \u00f3rg\u00e3os ambientais para o tratamento dos esp\u00e9cimes naquele local, assim como que as despesas com o tratamento, alimenta\u00e7\u00e3o e suplementa\u00e7\u00e3o ficassem a cargo do propriet\u00e1rio.\u00a0<\/p><p>A representa\u00e7\u00e3o contou com parecer favor\u00e1vel e o apoio da 1\u00aa Promotoria de Justi\u00e7a de Porto Belo e foi prontamente deferida pela Ju\u00edza da 2\u00ba Vara da Comarca. Os crimes apurados no inqu\u00e9rito policial s\u00e3o maus tratos a animais com resultado morte e causar polui\u00e7\u00e3o, previstos nos artigos 32, \u00a72\u00ba e 54 da Lei 9.605\/98.\u00a0<\/p><p>Pol\u00edcia Civil de Santa Catarina \u2013 investiga\u00e7\u00e3o que gera resultado.<\/p><div>\u00a0<\/div>\t\t\t\t\t\t\t\t<\/div>\n\t\t\t\t<\/div>\n\t\t\t\t\t<\/div>\n\t\t<\/div>\n\t\t\t\t\t<\/div>\n\t\t<\/section>\n\t\t\t\t<\/div>\n\t\t","protected":false},"excerpt":{"rendered":"<p>Pol\u00edcia Civil deflagra a opera\u00e7\u00e3o \u201cSalva\u00e7\u00e3o do Rebanho\u201d em Porto Belo e Tijucas em investiga\u00e7\u00e3o por maus-tratos a animais A Pol\u00edcia Civil, por meio da Delegacia de Pol\u00edcia de Porto Belo, nesta ter\u00e7a-feira (14) deflagrou a opera\u00e7\u00e3o Salva\u00e7\u00e3o do Rebanho em conjunto com a Funda\u00e7\u00e3o Municipal do Meio Ambiente de Porto Belo (FAMAP), Companhia Integrada [&hellip;]<\/p>\n","protected":false},"author":5,"featured_media":15201,"comment_status":"closed","ping_status":"open","sticky":false,"template":"","format":"standard","meta":{"_monsterinsights_skip_tracking":false,"_monsterinsights_sitenote_active":false,"_monsterinsights_sitenote_note":"","_monsterinsights_sitenote_category":0,"footnotes":""},"categories":[1],"tags":[],"class_list":["post-15200","post","type-post","status-publish","format-standard","has-post-thumbnail","hentry","category-sem-categoria"],"_links":{"self":[{"href":"https:\/\/pc.sc.gov.br\/index.php?rest_route=\/wp\/v2\/posts\/15200","targetHints":{"allow":["GET"]}}],"collection":[{"href":"https:\/\/pc.sc.gov.br\/index.php?rest_route=\/wp\/v2\/posts"}],"about":[{"href":"https:\/\/pc.sc.gov.br\/index.php?rest_route=\/wp\/v2\/types\/post"}],"author":[{"embeddable":true,"href":"https:\/\/pc.sc.gov.br\/index.php?rest_route=\/wp\/v2\/users\/5"}],"replies":[{"embeddable":true,"href":"https:\/\/pc.sc.gov.br\/index.php?rest_route=%2Fwp%2Fv2%2Fcomments&post=15200"}],"version-history":[{"count":4,"href":"https:\/\/pc.sc.gov.br\/index.php?rest_route=\/wp\/v2\/posts\/15200\/revisions"}],"predecessor-version":[{"id":15205,"href":"https:\/\/pc.sc.gov.br\/index.php?rest_route=\/wp\/v2\/posts\/15200\/revisions\/15205"}],"wp:featuredmedia":[{"embeddable":true,"href":"https:\/\/pc.sc.gov.br\/index.php?rest_route=\/wp\/v2\/media\/15201"}],"wp:attachment":[{"href":"https:\/\/pc.sc.gov.br\/index.php?rest_route=%2Fwp%2Fv2%2Fmedia&parent=15200"}],"wp:term":[{"taxonomy":"category","embeddable":true,"href":"https:\/\/pc.sc.gov.br\/index.php?rest_route=%2Fwp%2Fv2%2Fcategories&post=15200"},{"taxonomy":"post_tag","embeddable":true,"href":"https:\/\/pc.sc.gov.br\/index.php?rest_route=%2Fwp%2Fv2%2Ftags&post=15200"}],"curies":[{"name":"wp","href":"https:\/\/api.w.org\/{rel}","templated":true}]}}