{"id":15206,"date":"2023-11-14T17:24:05","date_gmt":"2023-11-14T20:24:05","guid":{"rendered":"https:\/\/pc.sc.gov.br\/?p=15206"},"modified":"2023-11-14T17:25:42","modified_gmt":"2023-11-14T20:25:42","slug":"dic-de-balneario-camboriu-prende-suspeitos-de-crime-de-extorsao-mediante-sequestro","status":"publish","type":"post","link":"https:\/\/pc.sc.gov.br\/?p=15206","title":{"rendered":"DIC de Balne\u00e1rio Cambori\u00fa prende suspeitos de crime de extors\u00e3o mediante sequestro"},"content":{"rendered":"\t\t<div data-elementor-type=\"wp-post\" data-elementor-id=\"15206\" class=\"elementor elementor-15206\" data-elementor-post-type=\"post\">\n\t\t\t\t\t\t<section class=\"elementor-section elementor-top-section elementor-element elementor-element-812a972 elementor-section-boxed elementor-section-height-default elementor-section-height-default\" data-id=\"812a972\" data-element_type=\"section\">\n\t\t\t\t\t\t<div class=\"elementor-container elementor-column-gap-default\">\n\t\t\t\t\t<div class=\"elementor-column elementor-col-100 elementor-top-column elementor-element elementor-element-3d320fd\" data-id=\"3d320fd\" data-element_type=\"column\">\n\t\t\t<div class=\"elementor-widget-wrap elementor-element-populated\">\n\t\t\t\t\t\t<div class=\"elementor-element elementor-element-2ac7e7a elementor-widget elementor-widget-heading\" data-id=\"2ac7e7a\" data-element_type=\"widget\" data-widget_type=\"heading.default\">\n\t\t\t\t<div class=\"elementor-widget-container\">\n\t\t\t\t\t<h2 class=\"elementor-heading-title elementor-size-default\">DIC de Balne\u00e1rio Cambori\u00fa prende suspeitos de crime de extors\u00e3o mediante sequestro<\/h2>\t\t\t\t<\/div>\n\t\t\t\t<\/div>\n\t\t\t\t\t<\/div>\n\t\t<\/div>\n\t\t\t\t\t<\/div>\n\t\t<\/section>\n\t\t\t\t<section class=\"elementor-section elementor-top-section elementor-element elementor-element-0025b71 elementor-section-boxed elementor-section-height-default elementor-section-height-default\" data-id=\"0025b71\" data-element_type=\"section\">\n\t\t\t\t\t\t<div class=\"elementor-container elementor-column-gap-default\">\n\t\t\t\t\t<div class=\"elementor-column elementor-col-100 elementor-top-column elementor-element elementor-element-9941fa7\" data-id=\"9941fa7\" data-element_type=\"column\">\n\t\t\t<div class=\"elementor-widget-wrap elementor-element-populated\">\n\t\t\t\t\t\t<div class=\"elementor-element elementor-element-2e9cdeb elementor-widget elementor-widget-image\" data-id=\"2e9cdeb\" data-element_type=\"widget\" data-widget_type=\"image.default\">\n\t\t\t\t<div class=\"elementor-widget-container\">\n\t\t\t\t\t\t\t\t\t\t\t\t\t\t\t<img fetchpriority=\"high\" decoding=\"async\" width=\"696\" height=\"583\" src=\"https:\/\/pc.sc.gov.br\/\/wp-content\/uploads\/2023\/11\/52798047036_d7bc95aaed_k-fotor-20231101135311-2.jpg\" class=\"attachment-large size-large wp-image-15207\" alt=\"\" srcset=\"https:\/\/pc.sc.gov.br\/\/wp-content\/uploads\/2023\/11\/52798047036_d7bc95aaed_k-fotor-20231101135311-2.jpg 961w, https:\/\/pc.sc.gov.br\/\/wp-content\/uploads\/2023\/11\/52798047036_d7bc95aaed_k-fotor-20231101135311-2-300x251.jpg 300w, https:\/\/pc.sc.gov.br\/\/wp-content\/uploads\/2023\/11\/52798047036_d7bc95aaed_k-fotor-20231101135311-2-768x643.jpg 768w\" sizes=\"(max-width: 696px) 100vw, 696px\" \/>\t\t\t\t\t\t\t\t\t\t\t\t\t\t\t<\/div>\n\t\t\t\t<\/div>\n\t\t\t\t\t<\/div>\n\t\t<\/div>\n\t\t\t\t\t<\/div>\n\t\t<\/section>\n\t\t\t\t<section class=\"elementor-section elementor-top-section elementor-element elementor-element-bd4489f elementor-section-boxed elementor-section-height-default elementor-section-height-default\" data-id=\"bd4489f\" data-element_type=\"section\">\n\t\t\t\t\t\t<div class=\"elementor-container elementor-column-gap-default\">\n\t\t\t\t\t<div class=\"elementor-column elementor-col-100 elementor-top-column elementor-element elementor-element-59c88ed\" data-id=\"59c88ed\" data-element_type=\"column\">\n\t\t\t<div class=\"elementor-widget-wrap elementor-element-populated\">\n\t\t\t\t\t\t<div class=\"elementor-element elementor-element-807cbf1 elementor-widget elementor-widget-text-editor\" data-id=\"807cbf1\" data-element_type=\"widget\" data-widget_type=\"text-editor.default\">\n\t\t\t\t<div class=\"elementor-widget-container\">\n\t\t\t\t\t\t\t\t\t<p>A Pol\u00edcia Civil de Santa Catarina, por meio da Divis\u00e3o de Investiga\u00e7\u00e3o Criminal (DIC) de Balne\u00e1rio Cambori\u00fa, deflagrou&nbsp; na segunda-feira (13) uma opera\u00e7\u00e3o para o cumprimento de tr\u00eas mandados de pris\u00e3o preventiva e um mandado de busca e apreens\u00e3o em investiga\u00e7\u00e3o que apura crime de extors\u00e3o mediante sequestro, praticado no dia 11\/09\/2023.<\/p>\n<p>Na ocasi\u00e3o, dois indiv\u00edduos armados entraram no galp\u00e3o de uma empresa de material reciclado, localizada na regi\u00e3o do bra\u00e7o, em Cambori\u00fa, e, ap\u00f3s amarrarem os funcion\u00e1rios, levaram o dono do estabelecimento. Na fuga abandonaram o carro em que estavam e fugiram com o ve\u00edculo da pr\u00f3pria v\u00edtima.<\/p>\n<p>Os criminosos levaram a v\u00edtima para um cativeiro em local desconhecido e, de l\u00e1, teriam feito um pedido de resgate de R$200 mil para os familiares da mesma.&nbsp;<span style=\"font-family: var( --e-global-typography-primary-font-family ), Sans-serif; font-size: var( --e-global-typography-primary-font-size ); font-weight: var( --e-global-typography-primary-font-weight ); letter-spacing: var( --e-global-typography-primary-letter-spacing );\">Algumas horas depois, temendo que o carro estivesse sendo rastreado, acabaram liberando a v\u00edtima mesmo sem o pagamento resgate. A investiga\u00e7\u00e3o continua com a an\u00e1lise do material apreendido para identifica\u00e7\u00e3o de outras pessoas que possam estar envolvidas no crime.<\/span><\/p>\n<p><b>Colabore com a Pol\u00edcia Civil fazendo den\u00fancias pelo telefone 181 ou&nbsp; pelo WhatsApp (48) 9 8844-0011. O sigilo \u00e9 absoluto!<\/b><span style=\"color: var( --e-global-color-text ); font-family: var( --e-global-typography-primary-font-family ), Sans-serif; font-size: var( --e-global-typography-primary-font-size ); font-weight: var( --e-global-typography-primary-font-weight ); letter-spacing: var( --e-global-typography-primary-letter-spacing );\">&nbsp;<\/span><\/p>\t\t\t\t\t\t\t\t<\/div>\n\t\t\t\t<\/div>\n\t\t\t\t\t<\/div>\n\t\t<\/div>\n\t\t\t\t\t<\/div>\n\t\t<\/section>\n\t\t\t\t<\/div>\n\t\t","protected":false},"excerpt":{"rendered":"<p>DIC de Balne\u00e1rio Cambori\u00fa prende suspeitos de crime de extors\u00e3o mediante sequestro A Pol\u00edcia Civil de Santa Catarina, por meio da Divis\u00e3o de Investiga\u00e7\u00e3o Criminal (DIC) de Balne\u00e1rio Cambori\u00fa, deflagrou&nbsp; na segunda-feira (13) uma opera\u00e7\u00e3o para o cumprimento de tr\u00eas mandados de pris\u00e3o preventiva e um mandado de busca e apreens\u00e3o em investiga\u00e7\u00e3o que apura [&hellip;]<\/p>\n","protected":false},"author":5,"featured_media":15207,"comment_status":"closed","ping_status":"open","sticky":false,"template":"","format":"standard","meta":{"_monsterinsights_skip_tracking":false,"_monsterinsights_sitenote_active":false,"_monsterinsights_sitenote_note":"","_monsterinsights_sitenote_category":0,"footnotes":""},"categories":[1],"tags":[],"class_list":["post-15206","post","type-post","status-publish","format-standard","has-post-thumbnail","hentry","category-sem-categoria"],"_links":{"self":[{"href":"https:\/\/pc.sc.gov.br\/index.php?rest_route=\/wp\/v2\/posts\/15206","targetHints":{"allow":["GET"]}}],"collection":[{"href":"https:\/\/pc.sc.gov.br\/index.php?rest_route=\/wp\/v2\/posts"}],"about":[{"href":"https:\/\/pc.sc.gov.br\/index.php?rest_route=\/wp\/v2\/types\/post"}],"author":[{"embeddable":true,"href":"https:\/\/pc.sc.gov.br\/index.php?rest_route=\/wp\/v2\/users\/5"}],"replies":[{"embeddable":true,"href":"https:\/\/pc.sc.gov.br\/index.php?rest_route=%2Fwp%2Fv2%2Fcomments&post=15206"}],"version-history":[{"count":3,"href":"https:\/\/pc.sc.gov.br\/index.php?rest_route=\/wp\/v2\/posts\/15206\/revisions"}],"predecessor-version":[{"id":15210,"href":"https:\/\/pc.sc.gov.br\/index.php?rest_route=\/wp\/v2\/posts\/15206\/revisions\/15210"}],"wp:featuredmedia":[{"embeddable":true,"href":"https:\/\/pc.sc.gov.br\/index.php?rest_route=\/wp\/v2\/media\/15207"}],"wp:attachment":[{"href":"https:\/\/pc.sc.gov.br\/index.php?rest_route=%2Fwp%2Fv2%2Fmedia&parent=15206"}],"wp:term":[{"taxonomy":"category","embeddable":true,"href":"https:\/\/pc.sc.gov.br\/index.php?rest_route=%2Fwp%2Fv2%2Fcategories&post=15206"},{"taxonomy":"post_tag","embeddable":true,"href":"https:\/\/pc.sc.gov.br\/index.php?rest_route=%2Fwp%2Fv2%2Ftags&post=15206"}],"curies":[{"name":"wp","href":"https:\/\/api.w.org\/{rel}","templated":true}]}}