{"id":15213,"date":"2023-11-14T17:36:39","date_gmt":"2023-11-14T20:36:39","guid":{"rendered":"https:\/\/pc.sc.gov.br\/?p=15213"},"modified":"2023-11-14T17:38:08","modified_gmt":"2023-11-14T20:38:08","slug":"policia-civil-prende-homem-condenado-por-trafico-de-drogas-na-grande-florianopolis","status":"publish","type":"post","link":"https:\/\/pc.sc.gov.br\/?p=15213","title":{"rendered":"Pol\u00edcia Civil prende homem condenado por tr\u00e1fico de drogas na Grande Florian\u00f3polis"},"content":{"rendered":"\t\t<div data-elementor-type=\"wp-post\" data-elementor-id=\"15213\" class=\"elementor elementor-15213\" data-elementor-post-type=\"post\">\n\t\t\t\t\t\t<section class=\"elementor-section elementor-top-section elementor-element elementor-element-fa1663b elementor-section-boxed elementor-section-height-default elementor-section-height-default\" data-id=\"fa1663b\" data-element_type=\"section\">\n\t\t\t\t\t\t<div class=\"elementor-container elementor-column-gap-default\">\n\t\t\t\t\t<div class=\"elementor-column elementor-col-100 elementor-top-column elementor-element elementor-element-e79fd9c\" data-id=\"e79fd9c\" data-element_type=\"column\">\n\t\t\t<div class=\"elementor-widget-wrap elementor-element-populated\">\n\t\t\t\t\t\t<div class=\"elementor-element elementor-element-575512f elementor-widget elementor-widget-heading\" data-id=\"575512f\" data-element_type=\"widget\" data-widget_type=\"heading.default\">\n\t\t\t\t<div class=\"elementor-widget-container\">\n\t\t\t\t\t<h2 class=\"elementor-heading-title elementor-size-default\">Pol\u00edcia Civil prende homem condenado por tr\u00e1fico de drogas na Grande Florian\u00f3polis<\/h2>\t\t\t\t<\/div>\n\t\t\t\t<\/div>\n\t\t\t\t\t<\/div>\n\t\t<\/div>\n\t\t\t\t\t<\/div>\n\t\t<\/section>\n\t\t\t\t<section class=\"elementor-section elementor-top-section elementor-element elementor-element-c097eb3 elementor-section-boxed elementor-section-height-default elementor-section-height-default\" data-id=\"c097eb3\" data-element_type=\"section\">\n\t\t\t\t\t\t<div class=\"elementor-container elementor-column-gap-default\">\n\t\t\t\t\t<div class=\"elementor-column elementor-col-100 elementor-top-column elementor-element elementor-element-a8e62ec\" data-id=\"a8e62ec\" data-element_type=\"column\">\n\t\t\t<div class=\"elementor-widget-wrap elementor-element-populated\">\n\t\t\t\t\t\t<div class=\"elementor-element elementor-element-32baa35 elementor-widget elementor-widget-image\" data-id=\"32baa35\" data-element_type=\"widget\" data-widget_type=\"image.default\">\n\t\t\t\t<div class=\"elementor-widget-container\">\n\t\t\t\t\t\t\t\t\t\t\t\t\t\t\t<img fetchpriority=\"high\" decoding=\"async\" width=\"696\" height=\"511\" src=\"https:\/\/pc.sc.gov.br\/\/wp-content\/uploads\/2023\/11\/CARRO-VIATUIRA-SIRENE-NOITE-POLICIA-CIVIL-PCSC-e1755805030931-1024x752.jpg\" class=\"attachment-large size-large wp-image-15215\" alt=\"\" srcset=\"https:\/\/pc.sc.gov.br\/\/wp-content\/uploads\/2023\/11\/CARRO-VIATUIRA-SIRENE-NOITE-POLICIA-CIVIL-PCSC-e1755805030931-1024x752.jpg 1024w, https:\/\/pc.sc.gov.br\/\/wp-content\/uploads\/2023\/11\/CARRO-VIATUIRA-SIRENE-NOITE-POLICIA-CIVIL-PCSC-e1755805030931-300x220.jpg 300w, https:\/\/pc.sc.gov.br\/\/wp-content\/uploads\/2023\/11\/CARRO-VIATUIRA-SIRENE-NOITE-POLICIA-CIVIL-PCSC-e1755805030931-768x564.jpg 768w, https:\/\/pc.sc.gov.br\/\/wp-content\/uploads\/2023\/11\/CARRO-VIATUIRA-SIRENE-NOITE-POLICIA-CIVIL-PCSC-e1755805030931.jpg 1280w\" sizes=\"(max-width: 696px) 100vw, 696px\" \/>\t\t\t\t\t\t\t\t\t\t\t\t\t\t\t<\/div>\n\t\t\t\t<\/div>\n\t\t\t\t\t<\/div>\n\t\t<\/div>\n\t\t\t\t\t<\/div>\n\t\t<\/section>\n\t\t\t\t<section class=\"elementor-section elementor-top-section elementor-element elementor-element-f76e7ee elementor-section-boxed elementor-section-height-default elementor-section-height-default\" data-id=\"f76e7ee\" data-element_type=\"section\">\n\t\t\t\t\t\t<div class=\"elementor-container elementor-column-gap-default\">\n\t\t\t\t\t<div class=\"elementor-column elementor-col-100 elementor-top-column elementor-element elementor-element-e5279cc\" data-id=\"e5279cc\" data-element_type=\"column\">\n\t\t\t<div class=\"elementor-widget-wrap elementor-element-populated\">\n\t\t\t\t\t\t<div class=\"elementor-element elementor-element-3e4de81 elementor-widget elementor-widget-text-editor\" data-id=\"3e4de81\" data-element_type=\"widget\" data-widget_type=\"text-editor.default\">\n\t\t\t\t<div class=\"elementor-widget-container\">\n\t\t\t\t\t\t\t\t\t<p>A Pol\u00edcia Civil de Santa Catarina, por meio da Delegacia de Capturas (DECAP\/DEIC)\u00a0 deu cumprimento nesta ter\u00e7a-feira (14) ao mandado de pris\u00e3o expedido em desfavor de um homem condenado, em senten\u00e7a definitiva, pelo crime de tr\u00e1fico de drogas, pela Vara Regional de Execu\u00e7\u00f5es Penais da Comarca de S\u00e3o Jos\u00e9. Apenas em 2023, a DECAP capturou 68 foragidos.<\/p><p>Ap\u00f3s dilig\u00eancias investigativas foi poss\u00edvel obter o paradeiro do condenado no munic\u00edpio de S\u00e3o Jos\u00e9. Assim, policiais civis da DECAP\/DEIC, deslocaram-se at\u00e9 o local onde o foragido foi localizado e preso nesta tarde.<\/p><p>A DECAP\/DEIC refor\u00e7a seu compromisso\u00a0 em prol da seguran\u00e7a da\u00a0 sociedade catarinense.\u00a0<span style=\"font-family: var( --e-global-typography-text-font-family ), Sans-serif; font-size: var( --e-global-typography-text-font-size );\">Den\u00fancias e informa\u00e7\u00f5es relacionadas a foragidos da justi\u00e7a podem ser encaminhadas para o e-mail deic-capturas@pc.sc.gov.br, sendo garantido o anonimato.<\/span><\/p>\t\t\t\t\t\t\t\t<\/div>\n\t\t\t\t<\/div>\n\t\t\t\t\t<\/div>\n\t\t<\/div>\n\t\t\t\t\t<\/div>\n\t\t<\/section>\n\t\t\t\t<\/div>\n\t\t","protected":false},"excerpt":{"rendered":"<p>Pol\u00edcia Civil prende homem condenado por tr\u00e1fico de drogas na Grande Florian\u00f3polis A Pol\u00edcia Civil de Santa Catarina, por meio da Delegacia de Capturas (DECAP\/DEIC)\u00a0 deu cumprimento nesta ter\u00e7a-feira (14) ao mandado de pris\u00e3o expedido em desfavor de um homem condenado, em senten\u00e7a definitiva, pelo crime de tr\u00e1fico de drogas, pela Vara Regional de Execu\u00e7\u00f5es [&hellip;]<\/p>\n","protected":false},"author":5,"featured_media":14024,"comment_status":"closed","ping_status":"open","sticky":false,"template":"","format":"standard","meta":{"_monsterinsights_skip_tracking":false,"_monsterinsights_sitenote_active":false,"_monsterinsights_sitenote_note":"","_monsterinsights_sitenote_category":0,"footnotes":""},"categories":[1],"tags":[],"class_list":["post-15213","post","type-post","status-publish","format-standard","has-post-thumbnail","hentry","category-sem-categoria"],"_links":{"self":[{"href":"https:\/\/pc.sc.gov.br\/index.php?rest_route=\/wp\/v2\/posts\/15213","targetHints":{"allow":["GET"]}}],"collection":[{"href":"https:\/\/pc.sc.gov.br\/index.php?rest_route=\/wp\/v2\/posts"}],"about":[{"href":"https:\/\/pc.sc.gov.br\/index.php?rest_route=\/wp\/v2\/types\/post"}],"author":[{"embeddable":true,"href":"https:\/\/pc.sc.gov.br\/index.php?rest_route=\/wp\/v2\/users\/5"}],"replies":[{"embeddable":true,"href":"https:\/\/pc.sc.gov.br\/index.php?rest_route=%2Fwp%2Fv2%2Fcomments&post=15213"}],"version-history":[{"count":4,"href":"https:\/\/pc.sc.gov.br\/index.php?rest_route=\/wp\/v2\/posts\/15213\/revisions"}],"predecessor-version":[{"id":15218,"href":"https:\/\/pc.sc.gov.br\/index.php?rest_route=\/wp\/v2\/posts\/15213\/revisions\/15218"}],"wp:featuredmedia":[{"embeddable":true,"href":"https:\/\/pc.sc.gov.br\/index.php?rest_route=\/wp\/v2\/media\/14024"}],"wp:attachment":[{"href":"https:\/\/pc.sc.gov.br\/index.php?rest_route=%2Fwp%2Fv2%2Fmedia&parent=15213"}],"wp:term":[{"taxonomy":"category","embeddable":true,"href":"https:\/\/pc.sc.gov.br\/index.php?rest_route=%2Fwp%2Fv2%2Fcategories&post=15213"},{"taxonomy":"post_tag","embeddable":true,"href":"https:\/\/pc.sc.gov.br\/index.php?rest_route=%2Fwp%2Fv2%2Ftags&post=15213"}],"curies":[{"name":"wp","href":"https:\/\/api.w.org\/{rel}","templated":true}]}}