{"id":15219,"date":"2023-11-14T17:46:00","date_gmt":"2023-11-14T20:46:00","guid":{"rendered":"https:\/\/pc.sc.gov.br\/?p=15219"},"modified":"2023-11-14T17:49:40","modified_gmt":"2023-11-14T20:49:40","slug":"em-curitibanos-policia-civil-efetua-prisao-de-condenado-por-trafico-de-drogas-e-associacao-para-o-trafico","status":"publish","type":"post","link":"https:\/\/pc.sc.gov.br\/?p=15219","title":{"rendered":"Em Curitibanos, Pol\u00edcia Civil efetua pris\u00e3o de condenado por tr\u00e1fico de drogas e associa\u00e7\u00e3o para o tr\u00e1fico"},"content":{"rendered":"\t\t<div data-elementor-type=\"wp-post\" data-elementor-id=\"15219\" class=\"elementor elementor-15219\" data-elementor-post-type=\"post\">\n\t\t\t\t\t\t<section class=\"elementor-section elementor-top-section elementor-element elementor-element-0119478 elementor-section-boxed elementor-section-height-default elementor-section-height-default\" data-id=\"0119478\" data-element_type=\"section\">\n\t\t\t\t\t\t<div class=\"elementor-container elementor-column-gap-default\">\n\t\t\t\t\t<div class=\"elementor-column elementor-col-100 elementor-top-column elementor-element elementor-element-9902b2c\" data-id=\"9902b2c\" data-element_type=\"column\">\n\t\t\t<div class=\"elementor-widget-wrap elementor-element-populated\">\n\t\t\t\t\t\t<div class=\"elementor-element elementor-element-3b8f6be elementor-widget elementor-widget-heading\" data-id=\"3b8f6be\" data-element_type=\"widget\" data-widget_type=\"heading.default\">\n\t\t\t\t<div class=\"elementor-widget-container\">\n\t\t\t\t\t<h2 class=\"elementor-heading-title elementor-size-default\">Em Curitibanos, Pol\u00edcia Civil efetua pris\u00e3o de condenado por tr\u00e1fico de drogas e associa\u00e7\u00e3o para o tr\u00e1fico<\/h2>\t\t\t\t<\/div>\n\t\t\t\t<\/div>\n\t\t\t\t\t<\/div>\n\t\t<\/div>\n\t\t\t\t\t<\/div>\n\t\t<\/section>\n\t\t\t\t<section class=\"elementor-section elementor-top-section elementor-element elementor-element-5bf85a2 elementor-section-boxed elementor-section-height-default elementor-section-height-default\" data-id=\"5bf85a2\" data-element_type=\"section\">\n\t\t\t\t\t\t<div class=\"elementor-container elementor-column-gap-default\">\n\t\t\t\t\t<div class=\"elementor-column elementor-col-100 elementor-top-column elementor-element elementor-element-16b3927\" data-id=\"16b3927\" data-element_type=\"column\">\n\t\t\t<div class=\"elementor-widget-wrap elementor-element-populated\">\n\t\t\t\t\t\t<div class=\"elementor-element elementor-element-03f7552 elementor-widget elementor-widget-image\" data-id=\"03f7552\" data-element_type=\"widget\" data-widget_type=\"image.default\">\n\t\t\t\t<div class=\"elementor-widget-container\">\n\t\t\t\t\t\t\t\t\t\t\t\t\t\t\t<img fetchpriority=\"high\" decoding=\"async\" width=\"675\" height=\"454\" src=\"https:\/\/pc.sc.gov.br\/\/wp-content\/uploads\/2023\/11\/WhatsApp-Image-2023-02-02-at-18.58.35-1.jpeg\" class=\"attachment-large size-large wp-image-14954\" alt=\"\" srcset=\"https:\/\/pc.sc.gov.br\/\/wp-content\/uploads\/2023\/11\/WhatsApp-Image-2023-02-02-at-18.58.35-1.jpeg 675w, https:\/\/pc.sc.gov.br\/\/wp-content\/uploads\/2023\/11\/WhatsApp-Image-2023-02-02-at-18.58.35-1-300x202.jpeg 300w\" sizes=\"(max-width: 675px) 100vw, 675px\" \/>\t\t\t\t\t\t\t\t\t\t\t\t\t\t\t<\/div>\n\t\t\t\t<\/div>\n\t\t\t\t\t<\/div>\n\t\t<\/div>\n\t\t\t\t\t<\/div>\n\t\t<\/section>\n\t\t\t\t<section class=\"elementor-section elementor-top-section elementor-element elementor-element-271fa07 elementor-section-boxed elementor-section-height-default elementor-section-height-default\" data-id=\"271fa07\" data-element_type=\"section\">\n\t\t\t\t\t\t<div class=\"elementor-container elementor-column-gap-default\">\n\t\t\t\t\t<div class=\"elementor-column elementor-col-100 elementor-top-column elementor-element elementor-element-8d3c439\" data-id=\"8d3c439\" data-element_type=\"column\">\n\t\t\t<div class=\"elementor-widget-wrap elementor-element-populated\">\n\t\t\t\t\t\t<div class=\"elementor-element elementor-element-101b20c elementor-widget elementor-widget-text-editor\" data-id=\"101b20c\" data-element_type=\"widget\" data-widget_type=\"text-editor.default\">\n\t\t\t\t<div class=\"elementor-widget-container\">\n\t\t\t\t\t\t\t\t\t<p>A Pol\u00edcia Civil de Santa Catarina, por meio do Setor de Investiga\u00e7\u00e3o e Capturas (SIC) efetuou nesta segunda-feira (134), a pris\u00e3o de um homem condenado a pena de 14 anos e 6 meses de reclus\u00e3o. O home foi condenado pelos crimes de tr\u00e1fico de drogas e associa\u00e7\u00e3o para o tr\u00e1fico de drogas.\u00a0<\/p><p>Ap\u00f3s o levantamento acerca do seu paradeiro, os policiais civis que atuam no Setor de Investiga\u00e7\u00e3o e Capturas da unidade policial local encontraram o indiv\u00edduo em via p\u00fablica. Ao final dos procedimentos, o homem foi encaminhado ao sistema prisional, onde permanece \u00e0 disposi\u00e7\u00e3o da Justi\u00e7a.<\/p><div>\u00a0<\/div>\t\t\t\t\t\t\t\t<\/div>\n\t\t\t\t<\/div>\n\t\t\t\t\t<\/div>\n\t\t<\/div>\n\t\t\t\t\t<\/div>\n\t\t<\/section>\n\t\t\t\t<\/div>\n\t\t","protected":false},"excerpt":{"rendered":"<p>Em Curitibanos, Pol\u00edcia Civil efetua pris\u00e3o de condenado por tr\u00e1fico de drogas e associa\u00e7\u00e3o para o tr\u00e1fico A Pol\u00edcia Civil de Santa Catarina, por meio do Setor de Investiga\u00e7\u00e3o e Capturas (SIC) efetuou nesta segunda-feira (134), a pris\u00e3o de um homem condenado a pena de 14 anos e 6 meses de reclus\u00e3o. O home foi [&hellip;]<\/p>\n","protected":false},"author":5,"featured_media":15134,"comment_status":"closed","ping_status":"open","sticky":false,"template":"","format":"standard","meta":{"_monsterinsights_skip_tracking":false,"_monsterinsights_sitenote_active":false,"_monsterinsights_sitenote_note":"","_monsterinsights_sitenote_category":0,"footnotes":""},"categories":[1],"tags":[],"class_list":["post-15219","post","type-post","status-publish","format-standard","has-post-thumbnail","hentry","category-sem-categoria"],"_links":{"self":[{"href":"https:\/\/pc.sc.gov.br\/index.php?rest_route=\/wp\/v2\/posts\/15219","targetHints":{"allow":["GET"]}}],"collection":[{"href":"https:\/\/pc.sc.gov.br\/index.php?rest_route=\/wp\/v2\/posts"}],"about":[{"href":"https:\/\/pc.sc.gov.br\/index.php?rest_route=\/wp\/v2\/types\/post"}],"author":[{"embeddable":true,"href":"https:\/\/pc.sc.gov.br\/index.php?rest_route=\/wp\/v2\/users\/5"}],"replies":[{"embeddable":true,"href":"https:\/\/pc.sc.gov.br\/index.php?rest_route=%2Fwp%2Fv2%2Fcomments&post=15219"}],"version-history":[{"count":3,"href":"https:\/\/pc.sc.gov.br\/index.php?rest_route=\/wp\/v2\/posts\/15219\/revisions"}],"predecessor-version":[{"id":15223,"href":"https:\/\/pc.sc.gov.br\/index.php?rest_route=\/wp\/v2\/posts\/15219\/revisions\/15223"}],"wp:featuredmedia":[{"embeddable":true,"href":"https:\/\/pc.sc.gov.br\/index.php?rest_route=\/wp\/v2\/media\/15134"}],"wp:attachment":[{"href":"https:\/\/pc.sc.gov.br\/index.php?rest_route=%2Fwp%2Fv2%2Fmedia&parent=15219"}],"wp:term":[{"taxonomy":"category","embeddable":true,"href":"https:\/\/pc.sc.gov.br\/index.php?rest_route=%2Fwp%2Fv2%2Fcategories&post=15219"},{"taxonomy":"post_tag","embeddable":true,"href":"https:\/\/pc.sc.gov.br\/index.php?rest_route=%2Fwp%2Fv2%2Ftags&post=15219"}],"curies":[{"name":"wp","href":"https:\/\/api.w.org\/{rel}","templated":true}]}}