{"id":15229,"date":"2023-11-16T11:28:55","date_gmt":"2023-11-16T14:28:55","guid":{"rendered":"https:\/\/pc.sc.gov.br\/?p=15229"},"modified":"2023-11-16T11:29:59","modified_gmt":"2023-11-16T14:29:59","slug":"em-blumenau-policia-civil-prende-pastor-procurado-pela-justica-do-acre-por-estupro-de-vulneravel","status":"publish","type":"post","link":"https:\/\/pc.sc.gov.br\/?p=15229","title":{"rendered":"Em Blumenau, Pol\u00edcia Civil prende pastor procurado pela Justi\u00e7a do Acre por estupro de vulner\u00e1vel"},"content":{"rendered":"\t\t<div data-elementor-type=\"wp-post\" data-elementor-id=\"15229\" class=\"elementor elementor-15229\" data-elementor-post-type=\"post\">\n\t\t\t\t\t\t<section class=\"elementor-section elementor-top-section elementor-element elementor-element-8be4604 elementor-section-boxed elementor-section-height-default elementor-section-height-default\" data-id=\"8be4604\" data-element_type=\"section\">\n\t\t\t\t\t\t<div class=\"elementor-container elementor-column-gap-default\">\n\t\t\t\t\t<div class=\"elementor-column elementor-col-100 elementor-top-column elementor-element elementor-element-6c8fed3\" data-id=\"6c8fed3\" data-element_type=\"column\">\n\t\t\t<div class=\"elementor-widget-wrap elementor-element-populated\">\n\t\t\t\t\t\t<div class=\"elementor-element elementor-element-900523d elementor-widget elementor-widget-heading\" data-id=\"900523d\" data-element_type=\"widget\" data-widget_type=\"heading.default\">\n\t\t\t\t<div class=\"elementor-widget-container\">\n\t\t\t\t\t<h2 class=\"elementor-heading-title elementor-size-default\">Em Blumenau, Pol\u00edcia Civil prende pastor procurado pela Justi\u00e7a do Acre por estupro de vulner\u00e1vel <\/h2>\t\t\t\t<\/div>\n\t\t\t\t<\/div>\n\t\t\t\t\t<\/div>\n\t\t<\/div>\n\t\t\t\t\t<\/div>\n\t\t<\/section>\n\t\t\t\t<section class=\"elementor-section elementor-top-section elementor-element elementor-element-e7e47eb elementor-section-boxed elementor-section-height-default elementor-section-height-default\" data-id=\"e7e47eb\" data-element_type=\"section\">\n\t\t\t\t\t\t<div class=\"elementor-container elementor-column-gap-default\">\n\t\t\t\t\t<div class=\"elementor-column elementor-col-100 elementor-top-column elementor-element elementor-element-e9ed504\" data-id=\"e9ed504\" data-element_type=\"column\">\n\t\t\t<div class=\"elementor-widget-wrap elementor-element-populated\">\n\t\t\t\t\t\t<div class=\"elementor-element elementor-element-36dfaa7 elementor-widget elementor-widget-image\" data-id=\"36dfaa7\" data-element_type=\"widget\" data-widget_type=\"image.default\">\n\t\t\t\t<div class=\"elementor-widget-container\">\n\t\t\t\t\t\t\t\t\t\t\t\t\t\t\t<img fetchpriority=\"high\" decoding=\"async\" width=\"605\" height=\"507\" src=\"https:\/\/pc.sc.gov.br\/\/wp-content\/uploads\/2023\/08\/DIC-TUBA.jpeg\" class=\"attachment-large size-large wp-image-12286\" alt=\"\" srcset=\"https:\/\/pc.sc.gov.br\/\/wp-content\/uploads\/2023\/08\/DIC-TUBA.jpeg 605w, https:\/\/pc.sc.gov.br\/\/wp-content\/uploads\/2023\/08\/DIC-TUBA-300x251.jpeg 300w\" sizes=\"(max-width: 605px) 100vw, 605px\" \/>\t\t\t\t\t\t\t\t\t\t\t\t\t\t\t<\/div>\n\t\t\t\t<\/div>\n\t\t\t\t<div class=\"elementor-element elementor-element-56ed51b elementor-widget elementor-widget-text-editor\" data-id=\"56ed51b\" data-element_type=\"widget\" data-widget_type=\"text-editor.default\">\n\t\t\t\t<div class=\"elementor-widget-container\">\n\t\t\t\t\t\t\t\t\t<p>Na ter\u00e7a-feira (14), a Pol\u00edcia Civil de Santa Catarina, por meio da Divis\u00e3o de Investiga\u00e7\u00e3o Criminal (DIC) de Blumenau e do N\u00facleo de Intelig\u00eancia da 3\u00aa Delegacia Regional de Pol\u00edcia de Blumenau, localizaram um homem que estava foragido h\u00e1 mais de tr\u00eas anos da 2\u00aa Vara da Comarca da Inf\u00e2ncia e da Juventude de Rio Branco, no Acre, pelo cometimento dos crimes de estupro de vulner\u00e1vel contra crian\u00e7as de 03 a 09 anos.<br \/>Entenda o caso<br \/>No per\u00edodo entre 15 de abril de 2016 e 30 de junho de 2017, o autor cometeu diversas vezes o crime de estupro de vulner\u00e1vel, aproveitando-se de sua condi\u00e7\u00e3o de pastor de igreja para cometer tais atos. As v\u00edtimas tinham entre 5 a 9 anos de idade e foram levadas para a resid\u00eancia do acusado, onde tiveram suas partes \u00edntimas tocadas por ele.<br \/>Havia suspeita de que o homem tivesse fugido para o exterior, por isso foi inclu\u00eddo na lista vermelha da Interpol, ferramenta de coopera\u00e7\u00e3o policial internacional que visa localizar procurados da Justi\u00e7a para fins de extradi\u00e7\u00e3o.<br \/>O homem foi preso no bairro Velha Grande, na cidade de Blumenau, e, posteriormente, trazido para a sede da DIC para os procedimentos de praxe. Depois disso, ele foi encaminhado ao Pres\u00eddio Regional de Blumenau, e segue \u00e0 disposi\u00e7\u00e3o do Poder Judici\u00e1rio do Acre.<\/p>\t\t\t\t\t\t\t\t<\/div>\n\t\t\t\t<\/div>\n\t\t\t\t\t<\/div>\n\t\t<\/div>\n\t\t\t\t\t<\/div>\n\t\t<\/section>\n\t\t\t\t<\/div>\n\t\t","protected":false},"excerpt":{"rendered":"<p>Em Blumenau, Pol\u00edcia Civil prende pastor procurado pela Justi\u00e7a do Acre por estupro de vulner\u00e1vel Na ter\u00e7a-feira (14), a Pol\u00edcia Civil de Santa Catarina, por meio da Divis\u00e3o de Investiga\u00e7\u00e3o Criminal (DIC) de Blumenau e do N\u00facleo de Intelig\u00eancia da 3\u00aa Delegacia Regional de Pol\u00edcia de Blumenau, localizaram um homem que estava foragido h\u00e1 mais [&hellip;]<\/p>\n","protected":false},"author":5,"featured_media":12290,"comment_status":"closed","ping_status":"open","sticky":false,"template":"","format":"standard","meta":{"_monsterinsights_skip_tracking":false,"_monsterinsights_sitenote_active":false,"_monsterinsights_sitenote_note":"","_monsterinsights_sitenote_category":0,"footnotes":""},"categories":[1],"tags":[],"class_list":["post-15229","post","type-post","status-publish","format-standard","has-post-thumbnail","hentry","category-sem-categoria"],"_links":{"self":[{"href":"https:\/\/pc.sc.gov.br\/index.php?rest_route=\/wp\/v2\/posts\/15229","targetHints":{"allow":["GET"]}}],"collection":[{"href":"https:\/\/pc.sc.gov.br\/index.php?rest_route=\/wp\/v2\/posts"}],"about":[{"href":"https:\/\/pc.sc.gov.br\/index.php?rest_route=\/wp\/v2\/types\/post"}],"author":[{"embeddable":true,"href":"https:\/\/pc.sc.gov.br\/index.php?rest_route=\/wp\/v2\/users\/5"}],"replies":[{"embeddable":true,"href":"https:\/\/pc.sc.gov.br\/index.php?rest_route=%2Fwp%2Fv2%2Fcomments&post=15229"}],"version-history":[{"count":4,"href":"https:\/\/pc.sc.gov.br\/index.php?rest_route=\/wp\/v2\/posts\/15229\/revisions"}],"predecessor-version":[{"id":15233,"href":"https:\/\/pc.sc.gov.br\/index.php?rest_route=\/wp\/v2\/posts\/15229\/revisions\/15233"}],"wp:featuredmedia":[{"embeddable":true,"href":"https:\/\/pc.sc.gov.br\/index.php?rest_route=\/wp\/v2\/media\/12290"}],"wp:attachment":[{"href":"https:\/\/pc.sc.gov.br\/index.php?rest_route=%2Fwp%2Fv2%2Fmedia&parent=15229"}],"wp:term":[{"taxonomy":"category","embeddable":true,"href":"https:\/\/pc.sc.gov.br\/index.php?rest_route=%2Fwp%2Fv2%2Fcategories&post=15229"},{"taxonomy":"post_tag","embeddable":true,"href":"https:\/\/pc.sc.gov.br\/index.php?rest_route=%2Fwp%2Fv2%2Ftags&post=15229"}],"curies":[{"name":"wp","href":"https:\/\/api.w.org\/{rel}","templated":true}]}}