{"id":15234,"date":"2023-11-16T12:16:31","date_gmt":"2023-11-16T15:16:31","guid":{"rendered":"https:\/\/pc.sc.gov.br\/?p=15234"},"modified":"2023-11-16T12:18:09","modified_gmt":"2023-11-16T15:18:09","slug":"em-curitibanos-policia-civil-prende-homem-que-possuia-oito-mandados-de-prisao-em-aberto","status":"publish","type":"post","link":"https:\/\/pc.sc.gov.br\/?p=15234","title":{"rendered":"Em Curitibanos, Pol\u00edcia Civil prende homem que possu\u00eda oito mandados de pris\u00e3o em aberto"},"content":{"rendered":"\t\t<div data-elementor-type=\"wp-post\" data-elementor-id=\"15234\" class=\"elementor elementor-15234\" data-elementor-post-type=\"post\">\n\t\t\t\t\t\t<section class=\"elementor-section elementor-top-section elementor-element elementor-element-1ba7c13 elementor-section-boxed elementor-section-height-default elementor-section-height-default\" data-id=\"1ba7c13\" data-element_type=\"section\">\n\t\t\t\t\t\t<div class=\"elementor-container elementor-column-gap-default\">\n\t\t\t\t\t<div class=\"elementor-column elementor-col-100 elementor-top-column elementor-element elementor-element-a90e19c\" data-id=\"a90e19c\" data-element_type=\"column\">\n\t\t\t<div class=\"elementor-widget-wrap elementor-element-populated\">\n\t\t\t\t\t\t<div class=\"elementor-element elementor-element-89f736b elementor-widget elementor-widget-heading\" data-id=\"89f736b\" data-element_type=\"widget\" data-widget_type=\"heading.default\">\n\t\t\t\t<div class=\"elementor-widget-container\">\n\t\t\t\t\t<h2 class=\"elementor-heading-title elementor-size-default\">Em Curitibanos, Pol\u00edcia Civil prende homem que possu\u00eda oito mandados de pris\u00e3o em aberto<\/h2>\t\t\t\t<\/div>\n\t\t\t\t<\/div>\n\t\t\t\t\t<\/div>\n\t\t<\/div>\n\t\t\t\t\t<\/div>\n\t\t<\/section>\n\t\t\t\t<section class=\"elementor-section elementor-top-section elementor-element elementor-element-345559e elementor-section-boxed elementor-section-height-default elementor-section-height-default\" data-id=\"345559e\" data-element_type=\"section\">\n\t\t\t\t\t\t<div class=\"elementor-container elementor-column-gap-default\">\n\t\t\t\t\t<div class=\"elementor-column elementor-col-100 elementor-top-column elementor-element elementor-element-d2a9169\" data-id=\"d2a9169\" data-element_type=\"column\">\n\t\t\t<div class=\"elementor-widget-wrap elementor-element-populated\">\n\t\t\t\t\t\t<div class=\"elementor-element elementor-element-c10560b elementor-widget elementor-widget-text-editor\" data-id=\"c10560b\" data-element_type=\"widget\" data-widget_type=\"text-editor.default\">\n\t\t\t\t<div class=\"elementor-widget-container\">\n\t\t\t\t\t\t\t\t\t<p>Na ter\u00e7a-feira (14), a Pol\u00edcia Civil de Santa Catarina, por meio da Divis\u00e3o de Investiga\u00e7\u00e3o Criminal de Curitibanos, efetuou a pris\u00e3o de um homem que tinha oito mandados de pris\u00e3o em aberto, configurando o maior n\u00famero registrado para cumprimento no estado de Santa Catarina. Sete das ordens judiciais eram decorrentes do cometimento dos crimes de estelionato e uma delas por uso e falsifica\u00e7\u00e3o de documentos. <br \/>O indiv\u00edduo estava foragido do Sistema Prisional h\u00e1 tr\u00eas anos e foi alvo de oito mandados de pris\u00e3o pendentes. Os policiais civis da DIC de Curitibanos deram in\u00edcio \u00e0s dilig\u00eancias, monitorando a resid\u00eancia do suspeito. No momento em que a equipe adentrou a casa, localizou o homem escondido atr\u00e1s do roupeiro, sob os cobertores.<br \/>Ap\u00f3s a retirada do indiv\u00edduo do esconderijo, ele foi devidamente informado sobre os oito mandados de pris\u00e3o que pesavam contra ele. Conduzido \u00e0 Delegacia de Pol\u00edcia, o homem passou pelos tr\u00e2mites legais e, posteriormente, foi encaminhado \u00e0 Penitenci\u00e1ria de S\u00e3o Crist\u00f3v\u00e3o do Sul, permanecendo \u00e0 disposi\u00e7\u00e3o da Justi\u00e7a.<\/p>\t\t\t\t\t\t\t\t<\/div>\n\t\t\t\t<\/div>\n\t\t\t\t\t<\/div>\n\t\t<\/div>\n\t\t\t\t\t<\/div>\n\t\t<\/section>\n\t\t\t\t<\/div>\n\t\t","protected":false},"excerpt":{"rendered":"<p>Em Curitibanos, Pol\u00edcia Civil prende homem que possu\u00eda oito mandados de pris\u00e3o em aberto Na ter\u00e7a-feira (14), a Pol\u00edcia Civil de Santa Catarina, por meio da Divis\u00e3o de Investiga\u00e7\u00e3o Criminal de Curitibanos, efetuou a pris\u00e3o de um homem que tinha oito mandados de pris\u00e3o em aberto, configurando o maior n\u00famero registrado para cumprimento no estado [&hellip;]<\/p>\n","protected":false},"author":5,"featured_media":12318,"comment_status":"closed","ping_status":"open","sticky":false,"template":"","format":"standard","meta":{"_monsterinsights_skip_tracking":false,"_monsterinsights_sitenote_active":false,"_monsterinsights_sitenote_note":"","_monsterinsights_sitenote_category":0,"footnotes":""},"categories":[1],"tags":[],"class_list":["post-15234","post","type-post","status-publish","format-standard","has-post-thumbnail","hentry","category-sem-categoria"],"_links":{"self":[{"href":"https:\/\/pc.sc.gov.br\/index.php?rest_route=\/wp\/v2\/posts\/15234","targetHints":{"allow":["GET"]}}],"collection":[{"href":"https:\/\/pc.sc.gov.br\/index.php?rest_route=\/wp\/v2\/posts"}],"about":[{"href":"https:\/\/pc.sc.gov.br\/index.php?rest_route=\/wp\/v2\/types\/post"}],"author":[{"embeddable":true,"href":"https:\/\/pc.sc.gov.br\/index.php?rest_route=\/wp\/v2\/users\/5"}],"replies":[{"embeddable":true,"href":"https:\/\/pc.sc.gov.br\/index.php?rest_route=%2Fwp%2Fv2%2Fcomments&post=15234"}],"version-history":[{"count":4,"href":"https:\/\/pc.sc.gov.br\/index.php?rest_route=\/wp\/v2\/posts\/15234\/revisions"}],"predecessor-version":[{"id":15238,"href":"https:\/\/pc.sc.gov.br\/index.php?rest_route=\/wp\/v2\/posts\/15234\/revisions\/15238"}],"wp:featuredmedia":[{"embeddable":true,"href":"https:\/\/pc.sc.gov.br\/index.php?rest_route=\/wp\/v2\/media\/12318"}],"wp:attachment":[{"href":"https:\/\/pc.sc.gov.br\/index.php?rest_route=%2Fwp%2Fv2%2Fmedia&parent=15234"}],"wp:term":[{"taxonomy":"category","embeddable":true,"href":"https:\/\/pc.sc.gov.br\/index.php?rest_route=%2Fwp%2Fv2%2Fcategories&post=15234"},{"taxonomy":"post_tag","embeddable":true,"href":"https:\/\/pc.sc.gov.br\/index.php?rest_route=%2Fwp%2Fv2%2Ftags&post=15234"}],"curies":[{"name":"wp","href":"https:\/\/api.w.org\/{rel}","templated":true}]}}