{"id":15270,"date":"2023-11-16T17:29:42","date_gmt":"2023-11-16T20:29:42","guid":{"rendered":"https:\/\/pc.sc.gov.br\/?p=15270"},"modified":"2023-11-16T17:30:51","modified_gmt":"2023-11-16T20:30:51","slug":"em-governador-celso-ramos-policia-civil-prende-autor-de-homicidio-no-para","status":"publish","type":"post","link":"https:\/\/pc.sc.gov.br\/?p=15270","title":{"rendered":"Em Governador Celso Ramos, Pol\u00edcia Civil prende autor de homic\u00eddio no Par\u00e1"},"content":{"rendered":"\t\t<div data-elementor-type=\"wp-post\" data-elementor-id=\"15270\" class=\"elementor elementor-15270\" data-elementor-post-type=\"post\">\n\t\t\t\t\t\t<section class=\"elementor-section elementor-top-section elementor-element elementor-element-ead67e5 elementor-section-boxed elementor-section-height-default elementor-section-height-default\" data-id=\"ead67e5\" data-element_type=\"section\">\n\t\t\t\t\t\t<div class=\"elementor-container elementor-column-gap-default\">\n\t\t\t\t\t<div class=\"elementor-column elementor-col-100 elementor-top-column elementor-element elementor-element-4da6148\" data-id=\"4da6148\" data-element_type=\"column\">\n\t\t\t<div class=\"elementor-widget-wrap elementor-element-populated\">\n\t\t\t\t\t\t<div class=\"elementor-element elementor-element-34ea7e9 elementor-widget elementor-widget-heading\" data-id=\"34ea7e9\" data-element_type=\"widget\" data-widget_type=\"heading.default\">\n\t\t\t\t<div class=\"elementor-widget-container\">\n\t\t\t\t\t<h2 class=\"elementor-heading-title elementor-size-default\">Em Governador Celso Ramos, Pol\u00edcia Civil prende autor de homic\u00eddio no Par\u00e1<\/h2>\t\t\t\t<\/div>\n\t\t\t\t<\/div>\n\t\t\t\t\t<\/div>\n\t\t<\/div>\n\t\t\t\t\t<\/div>\n\t\t<\/section>\n\t\t\t\t<section class=\"elementor-section elementor-top-section elementor-element elementor-element-a506425 elementor-section-boxed elementor-section-height-default elementor-section-height-default\" data-id=\"a506425\" data-element_type=\"section\">\n\t\t\t\t\t\t<div class=\"elementor-container elementor-column-gap-default\">\n\t\t\t\t\t<div class=\"elementor-column elementor-col-100 elementor-top-column elementor-element elementor-element-d7bc339\" data-id=\"d7bc339\" data-element_type=\"column\">\n\t\t\t<div class=\"elementor-widget-wrap elementor-element-populated\">\n\t\t\t\t\t\t<div class=\"elementor-element elementor-element-b502bc9 elementor-widget elementor-widget-image\" data-id=\"b502bc9\" data-element_type=\"widget\" data-widget_type=\"image.default\">\n\t\t\t\t<div class=\"elementor-widget-container\">\n\t\t\t\t\t\t\t\t\t\t\t\t\t\t\t<img fetchpriority=\"high\" decoding=\"async\" width=\"696\" height=\"715\" src=\"https:\/\/pc.sc.gov.br\/\/wp-content\/uploads\/2023\/11\/ba89472e-e0ab-4f3f-8615-7de9b4231527-fotor-2023111617189-997x1024.jpg\" class=\"attachment-large size-large wp-image-15271\" alt=\"\" srcset=\"https:\/\/pc.sc.gov.br\/\/wp-content\/uploads\/2023\/11\/ba89472e-e0ab-4f3f-8615-7de9b4231527-fotor-2023111617189-997x1024.jpg 997w, https:\/\/pc.sc.gov.br\/\/wp-content\/uploads\/2023\/11\/ba89472e-e0ab-4f3f-8615-7de9b4231527-fotor-2023111617189-292x300.jpg 292w, https:\/\/pc.sc.gov.br\/\/wp-content\/uploads\/2023\/11\/ba89472e-e0ab-4f3f-8615-7de9b4231527-fotor-2023111617189-768x789.jpg 768w, https:\/\/pc.sc.gov.br\/\/wp-content\/uploads\/2023\/11\/ba89472e-e0ab-4f3f-8615-7de9b4231527-fotor-2023111617189.jpg 1140w\" sizes=\"(max-width: 696px) 100vw, 696px\" \/>\t\t\t\t\t\t\t\t\t\t\t\t\t\t\t<\/div>\n\t\t\t\t<\/div>\n\t\t\t\t\t<\/div>\n\t\t<\/div>\n\t\t\t\t\t<\/div>\n\t\t<\/section>\n\t\t\t\t<section class=\"elementor-section elementor-top-section elementor-element elementor-element-8296da0 elementor-section-boxed elementor-section-height-default elementor-section-height-default\" data-id=\"8296da0\" data-element_type=\"section\">\n\t\t\t\t\t\t<div class=\"elementor-container elementor-column-gap-default\">\n\t\t\t\t\t<div class=\"elementor-column elementor-col-100 elementor-top-column elementor-element elementor-element-cb9ac59\" data-id=\"cb9ac59\" data-element_type=\"column\">\n\t\t\t<div class=\"elementor-widget-wrap elementor-element-populated\">\n\t\t\t\t\t\t<div class=\"elementor-element elementor-element-9b1630e elementor-widget elementor-widget-text-editor\" data-id=\"9b1630e\" data-element_type=\"widget\" data-widget_type=\"text-editor.default\">\n\t\t\t\t<div class=\"elementor-widget-container\">\n\t\t\t\t\t\t\t\t\t<p>A Pol\u00edcia Civil de Santa Catarina, por meio da DPMu de Governador Celso Ramos, ap\u00f3s diversas dilig\u00eancias de investiga\u00e7\u00e3o prendeu nesta quinta-feira (16) um homem foragido da justi\u00e7a do Par\u00e1. Segundo informa\u00e7\u00f5es ele \u00e9 o autor de homic\u00eddio qualificado.<\/p>\n<p>Ap\u00f3s todos os procedimentos necess\u00e1rios em delegacia, o foragido foi encaminhado ao Sistema Prisional de Santa Catarina, onde ficar\u00e1 \u00e0 disposi\u00e7\u00e3o do Poder Judici\u00e1rio do estado do Par\u00e1.<span style=\"color: var( --e-global-color-text ); font-family: var( --e-global-typography-primary-font-family ), Sans-serif; font-size: var( --e-global-typography-primary-font-size ); font-weight: var( --e-global-typography-primary-font-weight ); letter-spacing: var( --e-global-typography-primary-letter-spacing );\">&nbsp;<\/span><\/p>\t\t\t\t\t\t\t\t<\/div>\n\t\t\t\t<\/div>\n\t\t\t\t\t<\/div>\n\t\t<\/div>\n\t\t\t\t\t<\/div>\n\t\t<\/section>\n\t\t\t\t<\/div>\n\t\t","protected":false},"excerpt":{"rendered":"<p>Em Governador Celso Ramos, Pol\u00edcia Civil prende autor de homic\u00eddio no Par\u00e1 A Pol\u00edcia Civil de Santa Catarina, por meio da DPMu de Governador Celso Ramos, ap\u00f3s diversas dilig\u00eancias de investiga\u00e7\u00e3o prendeu nesta quinta-feira (16) um homem foragido da justi\u00e7a do Par\u00e1. Segundo informa\u00e7\u00f5es ele \u00e9 o autor de homic\u00eddio qualificado. Ap\u00f3s todos os procedimentos [&hellip;]<\/p>\n","protected":false},"author":5,"featured_media":15271,"comment_status":"closed","ping_status":"open","sticky":false,"template":"","format":"standard","meta":{"_monsterinsights_skip_tracking":false,"_monsterinsights_sitenote_active":false,"_monsterinsights_sitenote_note":"","_monsterinsights_sitenote_category":0,"footnotes":""},"categories":[1],"tags":[],"class_list":["post-15270","post","type-post","status-publish","format-standard","has-post-thumbnail","hentry","category-sem-categoria"],"_links":{"self":[{"href":"https:\/\/pc.sc.gov.br\/index.php?rest_route=\/wp\/v2\/posts\/15270","targetHints":{"allow":["GET"]}}],"collection":[{"href":"https:\/\/pc.sc.gov.br\/index.php?rest_route=\/wp\/v2\/posts"}],"about":[{"href":"https:\/\/pc.sc.gov.br\/index.php?rest_route=\/wp\/v2\/types\/post"}],"author":[{"embeddable":true,"href":"https:\/\/pc.sc.gov.br\/index.php?rest_route=\/wp\/v2\/users\/5"}],"replies":[{"embeddable":true,"href":"https:\/\/pc.sc.gov.br\/index.php?rest_route=%2Fwp%2Fv2%2Fcomments&post=15270"}],"version-history":[{"count":4,"href":"https:\/\/pc.sc.gov.br\/index.php?rest_route=\/wp\/v2\/posts\/15270\/revisions"}],"predecessor-version":[{"id":15275,"href":"https:\/\/pc.sc.gov.br\/index.php?rest_route=\/wp\/v2\/posts\/15270\/revisions\/15275"}],"wp:featuredmedia":[{"embeddable":true,"href":"https:\/\/pc.sc.gov.br\/index.php?rest_route=\/wp\/v2\/media\/15271"}],"wp:attachment":[{"href":"https:\/\/pc.sc.gov.br\/index.php?rest_route=%2Fwp%2Fv2%2Fmedia&parent=15270"}],"wp:term":[{"taxonomy":"category","embeddable":true,"href":"https:\/\/pc.sc.gov.br\/index.php?rest_route=%2Fwp%2Fv2%2Fcategories&post=15270"},{"taxonomy":"post_tag","embeddable":true,"href":"https:\/\/pc.sc.gov.br\/index.php?rest_route=%2Fwp%2Fv2%2Ftags&post=15270"}],"curies":[{"name":"wp","href":"https:\/\/api.w.org\/{rel}","templated":true}]}}