{"id":15301,"date":"2023-11-17T15:29:16","date_gmt":"2023-11-17T18:29:16","guid":{"rendered":"https:\/\/pc.sc.gov.br\/?p=15301"},"modified":"2023-11-17T15:31:00","modified_gmt":"2023-11-17T18:31:00","slug":"em-alfredo-wagner-policia-civil-prende-condenado-por-estuprar-a-enteada-em-palhoca","status":"publish","type":"post","link":"https:\/\/pc.sc.gov.br\/?p=15301","title":{"rendered":"Em Alfredo Wagner, Pol\u00edcia Civil prende condenado por estuprar a enteada em Palho\u00e7a"},"content":{"rendered":"\t\t<div data-elementor-type=\"wp-post\" data-elementor-id=\"15301\" class=\"elementor elementor-15301\" data-elementor-post-type=\"post\">\n\t\t\t\t\t\t<section class=\"elementor-section elementor-top-section elementor-element elementor-element-d675b83 elementor-section-boxed elementor-section-height-default elementor-section-height-default\" data-id=\"d675b83\" data-element_type=\"section\">\n\t\t\t\t\t\t<div class=\"elementor-container elementor-column-gap-default\">\n\t\t\t\t\t<div class=\"elementor-column elementor-col-100 elementor-top-column elementor-element elementor-element-e49d2c9\" data-id=\"e49d2c9\" data-element_type=\"column\">\n\t\t\t<div class=\"elementor-widget-wrap elementor-element-populated\">\n\t\t\t\t\t\t<div class=\"elementor-element elementor-element-7612409 elementor-widget elementor-widget-heading\" data-id=\"7612409\" data-element_type=\"widget\" data-widget_type=\"heading.default\">\n\t\t\t\t<div class=\"elementor-widget-container\">\n\t\t\t\t\t<h2 class=\"elementor-heading-title elementor-size-default\">Em Alfredo Wagner, Pol\u00edcia Civil prende condenado por estuprar a enteada em Palho\u00e7a<\/h2>\t\t\t\t<\/div>\n\t\t\t\t<\/div>\n\t\t\t\t\t<\/div>\n\t\t<\/div>\n\t\t\t\t\t<\/div>\n\t\t<\/section>\n\t\t\t\t<section class=\"elementor-section elementor-top-section elementor-element elementor-element-41e0784 elementor-section-boxed elementor-section-height-default elementor-section-height-default\" data-id=\"41e0784\" data-element_type=\"section\">\n\t\t\t\t\t\t<div class=\"elementor-container elementor-column-gap-default\">\n\t\t\t\t\t<div class=\"elementor-column elementor-col-100 elementor-top-column elementor-element elementor-element-2a29aaf\" data-id=\"2a29aaf\" data-element_type=\"column\">\n\t\t\t<div class=\"elementor-widget-wrap elementor-element-populated\">\n\t\t\t\t\t\t<div class=\"elementor-element elementor-element-6f49665 elementor-widget elementor-widget-image\" data-id=\"6f49665\" data-element_type=\"widget\" data-widget_type=\"image.default\">\n\t\t\t\t<div class=\"elementor-widget-container\">\n\t\t\t\t\t\t\t\t\t\t\t\t\t\t\t<img fetchpriority=\"high\" decoding=\"async\" width=\"427\" height=\"355\" src=\"https:\/\/pc.sc.gov.br\/\/wp-content\/uploads\/2023\/11\/d58deb06-ba2e-4455-878a-9e420b278b2c-fotor-20231117152912.jpg\" class=\"attachment-large size-large wp-image-15303\" alt=\"\" srcset=\"https:\/\/pc.sc.gov.br\/\/wp-content\/uploads\/2023\/11\/d58deb06-ba2e-4455-878a-9e420b278b2c-fotor-20231117152912.jpg 427w, https:\/\/pc.sc.gov.br\/\/wp-content\/uploads\/2023\/11\/d58deb06-ba2e-4455-878a-9e420b278b2c-fotor-20231117152912-300x249.jpg 300w\" sizes=\"(max-width: 427px) 100vw, 427px\" \/>\t\t\t\t\t\t\t\t\t\t\t\t\t\t\t<\/div>\n\t\t\t\t<\/div>\n\t\t\t\t\t<\/div>\n\t\t<\/div>\n\t\t\t\t\t<\/div>\n\t\t<\/section>\n\t\t\t\t<section class=\"elementor-section elementor-top-section elementor-element elementor-element-5334949 elementor-section-boxed elementor-section-height-default elementor-section-height-default\" data-id=\"5334949\" data-element_type=\"section\">\n\t\t\t\t\t\t<div class=\"elementor-container elementor-column-gap-default\">\n\t\t\t\t\t<div class=\"elementor-column elementor-col-100 elementor-top-column elementor-element elementor-element-391dfef\" data-id=\"391dfef\" data-element_type=\"column\">\n\t\t\t<div class=\"elementor-widget-wrap elementor-element-populated\">\n\t\t\t\t\t\t<div class=\"elementor-element elementor-element-d075d36 elementor-widget elementor-widget-text-editor\" data-id=\"d075d36\" data-element_type=\"widget\" data-widget_type=\"text-editor.default\">\n\t\t\t\t<div class=\"elementor-widget-container\">\n\t\t\t\t\t\t\t\t\t<p>Na tarde desta sexta-feira (17), a Pol\u00edcia Civil de Santa Catarina, por meio das Delegacias de Alfredo Wagner e Bom Retiro, efetuou a pris\u00e3o de um foragido da Justi\u00e7a do munic\u00edpio de Palho\u00e7a, condenado pelo estupro da pr\u00f3pria enteada, que estava se escondendo na cidade de Alfredo Wagner.<\/p>\n<p>A pris\u00e3o do investigado foi realizada na localidade de Rio Lessa, interior do munic\u00edpio, em uma resid\u00eancia na zona rural. Ap\u00f3s a pris\u00e3o, o condenado foi encaminhado para Unidade Prisional de Lages.<\/p>\n<p>A a\u00e7\u00e3o da Pol\u00edcia Civil evidencia o compromisso da institui\u00e7\u00e3o em coibir crimes, prestar o melhor trabalho a sociedade catarinense e garantir a seguran\u00e7a da comunidade.&nbsp;<span style=\"color: var( --e-global-color-text ); font-family: var( --e-global-typography-primary-font-family ), Sans-serif; font-size: var( --e-global-typography-primary-font-size ); font-weight: var( --e-global-typography-primary-font-weight ); letter-spacing: var( --e-global-typography-primary-letter-spacing );\">&nbsp;<\/span><\/p>\t\t\t\t\t\t\t\t<\/div>\n\t\t\t\t<\/div>\n\t\t\t\t\t<\/div>\n\t\t<\/div>\n\t\t\t\t\t<\/div>\n\t\t<\/section>\n\t\t\t\t<\/div>\n\t\t","protected":false},"excerpt":{"rendered":"<p>Em Alfredo Wagner, Pol\u00edcia Civil prende condenado por estuprar a enteada em Palho\u00e7a Na tarde desta sexta-feira (17), a Pol\u00edcia Civil de Santa Catarina, por meio das Delegacias de Alfredo Wagner e Bom Retiro, efetuou a pris\u00e3o de um foragido da Justi\u00e7a do munic\u00edpio de Palho\u00e7a, condenado pelo estupro da pr\u00f3pria enteada, que estava se [&hellip;]<\/p>\n","protected":false},"author":5,"featured_media":15303,"comment_status":"closed","ping_status":"open","sticky":false,"template":"","format":"standard","meta":{"_monsterinsights_skip_tracking":false,"_monsterinsights_sitenote_active":false,"_monsterinsights_sitenote_note":"","_monsterinsights_sitenote_category":0,"footnotes":""},"categories":[1],"tags":[],"class_list":["post-15301","post","type-post","status-publish","format-standard","has-post-thumbnail","hentry","category-sem-categoria"],"_links":{"self":[{"href":"https:\/\/pc.sc.gov.br\/index.php?rest_route=\/wp\/v2\/posts\/15301","targetHints":{"allow":["GET"]}}],"collection":[{"href":"https:\/\/pc.sc.gov.br\/index.php?rest_route=\/wp\/v2\/posts"}],"about":[{"href":"https:\/\/pc.sc.gov.br\/index.php?rest_route=\/wp\/v2\/types\/post"}],"author":[{"embeddable":true,"href":"https:\/\/pc.sc.gov.br\/index.php?rest_route=\/wp\/v2\/users\/5"}],"replies":[{"embeddable":true,"href":"https:\/\/pc.sc.gov.br\/index.php?rest_route=%2Fwp%2Fv2%2Fcomments&post=15301"}],"version-history":[{"count":3,"href":"https:\/\/pc.sc.gov.br\/index.php?rest_route=\/wp\/v2\/posts\/15301\/revisions"}],"predecessor-version":[{"id":15306,"href":"https:\/\/pc.sc.gov.br\/index.php?rest_route=\/wp\/v2\/posts\/15301\/revisions\/15306"}],"wp:featuredmedia":[{"embeddable":true,"href":"https:\/\/pc.sc.gov.br\/index.php?rest_route=\/wp\/v2\/media\/15303"}],"wp:attachment":[{"href":"https:\/\/pc.sc.gov.br\/index.php?rest_route=%2Fwp%2Fv2%2Fmedia&parent=15301"}],"wp:term":[{"taxonomy":"category","embeddable":true,"href":"https:\/\/pc.sc.gov.br\/index.php?rest_route=%2Fwp%2Fv2%2Fcategories&post=15301"},{"taxonomy":"post_tag","embeddable":true,"href":"https:\/\/pc.sc.gov.br\/index.php?rest_route=%2Fwp%2Fv2%2Ftags&post=15301"}],"curies":[{"name":"wp","href":"https:\/\/api.w.org\/{rel}","templated":true}]}}