{"id":15319,"date":"2023-11-17T18:28:05","date_gmt":"2023-11-17T21:28:05","guid":{"rendered":"https:\/\/pc.sc.gov.br\/?p=15319"},"modified":"2023-11-17T18:29:22","modified_gmt":"2023-11-17T21:29:22","slug":"policia-civil-realiza-cumprimento-de-mandado-de-prisao-de-homem-acusado-de-duas-tentativas-de-feminicidio","status":"publish","type":"post","link":"https:\/\/pc.sc.gov.br\/?p=15319","title":{"rendered":"Pol\u00edcia Civil realiza cumprimento de mandado de pris\u00e3o de homem acusado de duas tentativas de feminic\u00eddio"},"content":{"rendered":"\t\t<div data-elementor-type=\"wp-post\" data-elementor-id=\"15319\" class=\"elementor elementor-15319\" data-elementor-post-type=\"post\">\n\t\t\t\t\t\t<section class=\"elementor-section elementor-top-section elementor-element elementor-element-9b4ed8b elementor-section-boxed elementor-section-height-default elementor-section-height-default\" data-id=\"9b4ed8b\" data-element_type=\"section\">\n\t\t\t\t\t\t<div class=\"elementor-container elementor-column-gap-default\">\n\t\t\t\t\t<div class=\"elementor-column elementor-col-100 elementor-top-column elementor-element elementor-element-fe43ecc\" data-id=\"fe43ecc\" data-element_type=\"column\">\n\t\t\t<div class=\"elementor-widget-wrap elementor-element-populated\">\n\t\t\t\t\t\t<div class=\"elementor-element elementor-element-90d6fca elementor-widget elementor-widget-heading\" data-id=\"90d6fca\" data-element_type=\"widget\" data-widget_type=\"heading.default\">\n\t\t\t\t<div class=\"elementor-widget-container\">\n\t\t\t\t\t<h2 class=\"elementor-heading-title elementor-size-default\">Pol\u00edcia Civil realiza cumprimento de mandado de pris\u00e3o de homem acusado de duas tentativas de feminic\u00eddio<\/h2>\t\t\t\t<\/div>\n\t\t\t\t<\/div>\n\t\t\t\t\t<\/div>\n\t\t<\/div>\n\t\t\t\t\t<\/div>\n\t\t<\/section>\n\t\t\t\t<section class=\"elementor-section elementor-top-section elementor-element elementor-element-7d36c3a elementor-section-boxed elementor-section-height-default elementor-section-height-default\" data-id=\"7d36c3a\" data-element_type=\"section\">\n\t\t\t\t\t\t<div class=\"elementor-container elementor-column-gap-default\">\n\t\t\t\t\t<div class=\"elementor-column elementor-col-100 elementor-top-column elementor-element elementor-element-2ed7f25\" data-id=\"2ed7f25\" data-element_type=\"column\">\n\t\t\t<div class=\"elementor-widget-wrap elementor-element-populated\">\n\t\t\t\t\t\t<div class=\"elementor-element elementor-element-ba4da95 elementor-widget elementor-widget-image\" data-id=\"ba4da95\" data-element_type=\"widget\" data-widget_type=\"image.default\">\n\t\t\t\t<div class=\"elementor-widget-container\">\n\t\t\t\t\t\t\t\t\t\t\t\t\t\t\t<img fetchpriority=\"high\" decoding=\"async\" width=\"696\" height=\"583\" src=\"https:\/\/pc.sc.gov.br\/\/wp-content\/uploads\/2023\/11\/52798047036_d7bc95aaed_k-fotor-20231101135311-3.jpg\" class=\"attachment-large size-large wp-image-15322\" alt=\"\" srcset=\"https:\/\/pc.sc.gov.br\/\/wp-content\/uploads\/2023\/11\/52798047036_d7bc95aaed_k-fotor-20231101135311-3.jpg 961w, https:\/\/pc.sc.gov.br\/\/wp-content\/uploads\/2023\/11\/52798047036_d7bc95aaed_k-fotor-20231101135311-3-300x251.jpg 300w, https:\/\/pc.sc.gov.br\/\/wp-content\/uploads\/2023\/11\/52798047036_d7bc95aaed_k-fotor-20231101135311-3-768x643.jpg 768w\" sizes=\"(max-width: 696px) 100vw, 696px\" \/>\t\t\t\t\t\t\t\t\t\t\t\t\t\t\t<\/div>\n\t\t\t\t<\/div>\n\t\t\t\t\t<\/div>\n\t\t<\/div>\n\t\t\t\t\t<\/div>\n\t\t<\/section>\n\t\t\t\t<section class=\"elementor-section elementor-top-section elementor-element elementor-element-de65388 elementor-section-boxed elementor-section-height-default elementor-section-height-default\" data-id=\"de65388\" data-element_type=\"section\">\n\t\t\t\t\t\t<div class=\"elementor-container elementor-column-gap-default\">\n\t\t\t\t\t<div class=\"elementor-column elementor-col-100 elementor-top-column elementor-element elementor-element-ccebb35\" data-id=\"ccebb35\" data-element_type=\"column\">\n\t\t\t<div class=\"elementor-widget-wrap elementor-element-populated\">\n\t\t\t\t\t\t<div class=\"elementor-element elementor-element-e8ac9dd elementor-widget elementor-widget-text-editor\" data-id=\"e8ac9dd\" data-element_type=\"widget\" data-widget_type=\"text-editor.default\">\n\t\t\t\t<div class=\"elementor-widget-container\">\n\t\t\t\t\t\t\t\t\t<p>A Pol\u00edcia Civil de Santa Catarina, por meio de a\u00e7\u00e3o conjunta entre as Delegacias de Prote\u00e7\u00e3o \u00e0 Crian\u00e7a, Adolescente, Mulher e Idoso (DPCAMI) de Ca\u00e7ador e de Videira e do Setor de Investiga\u00e7\u00e3o e Capturas de Videira, prenderam, na cidade de Ca\u00e7ador, um homem acusado de duas tentativas de feminic\u00eddio, perpetradas contra a sogra e a ex-companheira. A coordena\u00e7\u00e3o eficiente entre as institui\u00e7\u00f5es policiais envolvidas foi fundamental para o sucesso da opera\u00e7\u00e3o, que resultou na captura.<\/p>\n<p>Ap\u00f3s o cumprimento do mandado judicial, o homem foi conduzido \u00e0 unidade policial para as provid\u00eancias cab\u00edveis e, em seguida, encaminhado para o Pres\u00eddio Regional de Videira.<span style=\"color: var( --e-global-color-text ); font-family: var( --e-global-typography-primary-font-family ), Sans-serif; font-size: var( --e-global-typography-primary-font-size ); font-weight: var( --e-global-typography-primary-font-weight ); letter-spacing: var( --e-global-typography-primary-letter-spacing );\">&nbsp;<\/span><\/p>\t\t\t\t\t\t\t\t<\/div>\n\t\t\t\t<\/div>\n\t\t\t\t\t<\/div>\n\t\t<\/div>\n\t\t\t\t\t<\/div>\n\t\t<\/section>\n\t\t\t\t<\/div>\n\t\t","protected":false},"excerpt":{"rendered":"<p>Pol\u00edcia Civil realiza cumprimento de mandado de pris\u00e3o de homem acusado de duas tentativas de feminic\u00eddio A Pol\u00edcia Civil de Santa Catarina, por meio de a\u00e7\u00e3o conjunta entre as Delegacias de Prote\u00e7\u00e3o \u00e0 Crian\u00e7a, Adolescente, Mulher e Idoso (DPCAMI) de Ca\u00e7ador e de Videira e do Setor de Investiga\u00e7\u00e3o e Capturas de Videira, prenderam, na [&hellip;]<\/p>\n","protected":false},"author":5,"featured_media":15134,"comment_status":"closed","ping_status":"open","sticky":false,"template":"","format":"standard","meta":{"_monsterinsights_skip_tracking":false,"_monsterinsights_sitenote_active":false,"_monsterinsights_sitenote_note":"","_monsterinsights_sitenote_category":0,"footnotes":""},"categories":[1],"tags":[],"class_list":["post-15319","post","type-post","status-publish","format-standard","has-post-thumbnail","hentry","category-sem-categoria"],"_links":{"self":[{"href":"https:\/\/pc.sc.gov.br\/index.php?rest_route=\/wp\/v2\/posts\/15319","targetHints":{"allow":["GET"]}}],"collection":[{"href":"https:\/\/pc.sc.gov.br\/index.php?rest_route=\/wp\/v2\/posts"}],"about":[{"href":"https:\/\/pc.sc.gov.br\/index.php?rest_route=\/wp\/v2\/types\/post"}],"author":[{"embeddable":true,"href":"https:\/\/pc.sc.gov.br\/index.php?rest_route=\/wp\/v2\/users\/5"}],"replies":[{"embeddable":true,"href":"https:\/\/pc.sc.gov.br\/index.php?rest_route=%2Fwp%2Fv2%2Fcomments&post=15319"}],"version-history":[{"count":4,"href":"https:\/\/pc.sc.gov.br\/index.php?rest_route=\/wp\/v2\/posts\/15319\/revisions"}],"predecessor-version":[{"id":15325,"href":"https:\/\/pc.sc.gov.br\/index.php?rest_route=\/wp\/v2\/posts\/15319\/revisions\/15325"}],"wp:featuredmedia":[{"embeddable":true,"href":"https:\/\/pc.sc.gov.br\/index.php?rest_route=\/wp\/v2\/media\/15134"}],"wp:attachment":[{"href":"https:\/\/pc.sc.gov.br\/index.php?rest_route=%2Fwp%2Fv2%2Fmedia&parent=15319"}],"wp:term":[{"taxonomy":"category","embeddable":true,"href":"https:\/\/pc.sc.gov.br\/index.php?rest_route=%2Fwp%2Fv2%2Fcategories&post=15319"},{"taxonomy":"post_tag","embeddable":true,"href":"https:\/\/pc.sc.gov.br\/index.php?rest_route=%2Fwp%2Fv2%2Ftags&post=15319"}],"curies":[{"name":"wp","href":"https:\/\/api.w.org\/{rel}","templated":true}]}}