{"id":15330,"date":"2023-11-20T14:15:36","date_gmt":"2023-11-20T17:15:36","guid":{"rendered":"https:\/\/pc.sc.gov.br\/?p=15330"},"modified":"2023-11-20T14:19:50","modified_gmt":"2023-11-20T17:19:50","slug":"dic-de-balneario-camboriu-prende-suspeito-pela-pratica-de-feminicidio-em-presidente-prudente","status":"publish","type":"post","link":"https:\/\/pc.sc.gov.br\/?p=15330","title":{"rendered":"DIC de Balne\u00e1rio Cambori\u00fa prende suspeito pela pr\u00e1tica de feminic\u00eddio em Presidente Prudente"},"content":{"rendered":"\t\t<div data-elementor-type=\"wp-post\" data-elementor-id=\"15330\" class=\"elementor elementor-15330\" data-elementor-post-type=\"post\">\n\t\t\t\t\t\t<section class=\"elementor-section elementor-top-section elementor-element elementor-element-87c9cc8 elementor-section-boxed elementor-section-height-default elementor-section-height-default\" data-id=\"87c9cc8\" data-element_type=\"section\">\n\t\t\t\t\t\t<div class=\"elementor-container elementor-column-gap-default\">\n\t\t\t\t\t<div class=\"elementor-column elementor-col-100 elementor-top-column elementor-element elementor-element-1d7bb13\" data-id=\"1d7bb13\" data-element_type=\"column\">\n\t\t\t<div class=\"elementor-widget-wrap elementor-element-populated\">\n\t\t\t\t\t\t<div class=\"elementor-element elementor-element-d03032e elementor-widget elementor-widget-heading\" data-id=\"d03032e\" data-element_type=\"widget\" data-widget_type=\"heading.default\">\n\t\t\t\t<div class=\"elementor-widget-container\">\n\t\t\t\t\t<h2 class=\"elementor-heading-title elementor-size-default\">DIC de Balne\u00e1rio Cambori\u00fa prende suspeito pela pr\u00e1tica de feminic\u00eddio em Presidente Prudente<\/h2>\t\t\t\t<\/div>\n\t\t\t\t<\/div>\n\t\t\t\t\t<\/div>\n\t\t<\/div>\n\t\t\t\t\t<\/div>\n\t\t<\/section>\n\t\t\t\t<section class=\"elementor-section elementor-top-section elementor-element elementor-element-a5117d5 elementor-section-boxed elementor-section-height-default elementor-section-height-default\" data-id=\"a5117d5\" data-element_type=\"section\">\n\t\t\t\t\t\t<div class=\"elementor-container elementor-column-gap-default\">\n\t\t\t\t\t<div class=\"elementor-column elementor-col-100 elementor-top-column elementor-element elementor-element-5bf7484\" data-id=\"5bf7484\" data-element_type=\"column\">\n\t\t\t<div class=\"elementor-widget-wrap elementor-element-populated\">\n\t\t\t\t\t\t<div class=\"elementor-element elementor-element-4314b80 elementor-widget elementor-widget-image\" data-id=\"4314b80\" data-element_type=\"widget\" data-widget_type=\"image.default\">\n\t\t\t\t<div class=\"elementor-widget-container\">\n\t\t\t\t\t\t\t\t\t\t\t\t\t\t\t<img fetchpriority=\"high\" decoding=\"async\" width=\"696\" height=\"522\" src=\"https:\/\/pc.sc.gov.br\/\/wp-content\/uploads\/2023\/11\/CARRO-VIATUIRA-SIRENE-NOITE-POLICIA-CIVIL-PCSC-1-1024x768.jpg\" class=\"attachment-large size-large wp-image-15332\" alt=\"\" srcset=\"https:\/\/pc.sc.gov.br\/\/wp-content\/uploads\/2023\/11\/CARRO-VIATUIRA-SIRENE-NOITE-POLICIA-CIVIL-PCSC-1-1024x768.jpg 1024w, https:\/\/pc.sc.gov.br\/\/wp-content\/uploads\/2023\/11\/CARRO-VIATUIRA-SIRENE-NOITE-POLICIA-CIVIL-PCSC-1-300x225.jpg 300w, https:\/\/pc.sc.gov.br\/\/wp-content\/uploads\/2023\/11\/CARRO-VIATUIRA-SIRENE-NOITE-POLICIA-CIVIL-PCSC-1-768x576.jpg 768w, https:\/\/pc.sc.gov.br\/\/wp-content\/uploads\/2023\/11\/CARRO-VIATUIRA-SIRENE-NOITE-POLICIA-CIVIL-PCSC-1.jpg 1280w\" sizes=\"(max-width: 696px) 100vw, 696px\" \/>\t\t\t\t\t\t\t\t\t\t\t\t\t\t\t<\/div>\n\t\t\t\t<\/div>\n\t\t\t\t\t<\/div>\n\t\t<\/div>\n\t\t\t\t\t<\/div>\n\t\t<\/section>\n\t\t\t\t<section class=\"elementor-section elementor-top-section elementor-element elementor-element-dfb75ee elementor-section-boxed elementor-section-height-default elementor-section-height-default\" data-id=\"dfb75ee\" data-element_type=\"section\">\n\t\t\t\t\t\t<div class=\"elementor-container elementor-column-gap-default\">\n\t\t\t\t\t<div class=\"elementor-column elementor-col-100 elementor-top-column elementor-element elementor-element-0efdc80\" data-id=\"0efdc80\" data-element_type=\"column\">\n\t\t\t<div class=\"elementor-widget-wrap elementor-element-populated\">\n\t\t\t\t\t\t<div class=\"elementor-element elementor-element-5c9cdde elementor-widget elementor-widget-text-editor\" data-id=\"5c9cdde\" data-element_type=\"widget\" data-widget_type=\"text-editor.default\">\n\t\t\t\t<div class=\"elementor-widget-container\">\n\t\t\t\t\t\t\t\t\t<p>A Pol\u00edcia Civil de Santa Catarina, por meio da Divis\u00e3o de Investiga\u00e7\u00e3o Criminal (DIC) de Balne\u00e1rio Cambori\u00fa, nessa sexta-feira (17), em apoio \u00e0 Pol\u00edcia Civil de S\u00e3o Paulo, cumpriu mandado de pris\u00e3o tempor\u00e1ria contra um suspeito da pr\u00e1tica de feminic\u00eddio na cidade de Presidente de Prudente, no dia 15\/11\/2023.<\/p><p>De acordo com as investiga\u00e7\u00f5es a v\u00edtima de 27 anos foi encontrada sem vida em sua resid\u00eancia, na presen\u00e7a do filho, uma crian\u00e7a com tr\u00eas anos de idade, com ferimentos causados por arma de fogo, totalizando seis perfura\u00e7\u00f5es.<\/p><p>O investigado, ex-marido da v\u00edtima, foi visto por moradores vizinhos empreendendo fuga logo ap\u00f3s os ru\u00eddos dos disparos, deixando o im\u00f3vel localizado em Presidente Prudente (SP) na noite anterior ao encontro do corpo, pela parte dos fundos e pulando muros. Nesta sexta-feira o suspeito acabou preso em Balne\u00e1rio Cambori\u00fa.<\/p><p>O fato foi registrado na Delegacia Participativa de Presidente Prudente (SP) e de imediato, dilig\u00eancias foram deflagradas pela Delegacia de Pol\u00edcia de Defesa da Mulher visando \u00e0 coleta de provas da autoria e materialidade e, por conseguinte, a obten\u00e7\u00e3o do respectivo mandado de pris\u00e3o contra o suspeito junto ao Poder Judici\u00e1rio; simultaneamente foram deflagradas dilig\u00eancias visando a localiza\u00e7\u00e3o do autor, o que se deu com a apoio ininterrupto da DEIC (1\u00aa DIG-Setor de Intelig\u00eancia) e da DIC de Balne\u00e1rio Cambori\u00fa.<\/p><p>A pris\u00e3o ocorreu em uma resid\u00eancia no bairro dos Munic\u00edpios, onde o suspeito estava escondido. O investigado segue \u00e0 disposi\u00e7\u00e3o da justi\u00e7a no sistema prisional.<\/p><div>\u00a0<\/div>\t\t\t\t\t\t\t\t<\/div>\n\t\t\t\t<\/div>\n\t\t\t\t\t<\/div>\n\t\t<\/div>\n\t\t\t\t\t<\/div>\n\t\t<\/section>\n\t\t\t\t<\/div>\n\t\t","protected":false},"excerpt":{"rendered":"<p>DIC de Balne\u00e1rio Cambori\u00fa prende suspeito pela pr\u00e1tica de feminic\u00eddio em Presidente Prudente A Pol\u00edcia Civil de Santa Catarina, por meio da Divis\u00e3o de Investiga\u00e7\u00e3o Criminal (DIC) de Balne\u00e1rio Cambori\u00fa, nessa sexta-feira (17), em apoio \u00e0 Pol\u00edcia Civil de S\u00e3o Paulo, cumpriu mandado de pris\u00e3o tempor\u00e1ria contra um suspeito da pr\u00e1tica de feminic\u00eddio na cidade [&hellip;]<\/p>\n","protected":false},"author":5,"featured_media":15332,"comment_status":"closed","ping_status":"open","sticky":false,"template":"","format":"standard","meta":{"_monsterinsights_skip_tracking":false,"_monsterinsights_sitenote_active":false,"_monsterinsights_sitenote_note":"","_monsterinsights_sitenote_category":0,"footnotes":""},"categories":[1],"tags":[],"class_list":["post-15330","post","type-post","status-publish","format-standard","has-post-thumbnail","hentry","category-sem-categoria"],"_links":{"self":[{"href":"https:\/\/pc.sc.gov.br\/index.php?rest_route=\/wp\/v2\/posts\/15330","targetHints":{"allow":["GET"]}}],"collection":[{"href":"https:\/\/pc.sc.gov.br\/index.php?rest_route=\/wp\/v2\/posts"}],"about":[{"href":"https:\/\/pc.sc.gov.br\/index.php?rest_route=\/wp\/v2\/types\/post"}],"author":[{"embeddable":true,"href":"https:\/\/pc.sc.gov.br\/index.php?rest_route=\/wp\/v2\/users\/5"}],"replies":[{"embeddable":true,"href":"https:\/\/pc.sc.gov.br\/index.php?rest_route=%2Fwp%2Fv2%2Fcomments&post=15330"}],"version-history":[{"count":4,"href":"https:\/\/pc.sc.gov.br\/index.php?rest_route=\/wp\/v2\/posts\/15330\/revisions"}],"predecessor-version":[{"id":15336,"href":"https:\/\/pc.sc.gov.br\/index.php?rest_route=\/wp\/v2\/posts\/15330\/revisions\/15336"}],"wp:featuredmedia":[{"embeddable":true,"href":"https:\/\/pc.sc.gov.br\/index.php?rest_route=\/wp\/v2\/media\/15332"}],"wp:attachment":[{"href":"https:\/\/pc.sc.gov.br\/index.php?rest_route=%2Fwp%2Fv2%2Fmedia&parent=15330"}],"wp:term":[{"taxonomy":"category","embeddable":true,"href":"https:\/\/pc.sc.gov.br\/index.php?rest_route=%2Fwp%2Fv2%2Fcategories&post=15330"},{"taxonomy":"post_tag","embeddable":true,"href":"https:\/\/pc.sc.gov.br\/index.php?rest_route=%2Fwp%2Fv2%2Ftags&post=15330"}],"curies":[{"name":"wp","href":"https:\/\/api.w.org\/{rel}","templated":true}]}}