{"id":15372,"date":"2023-11-21T13:47:28","date_gmt":"2023-11-21T16:47:28","guid":{"rendered":"https:\/\/pc.sc.gov.br\/?p=15372"},"modified":"2023-11-21T13:49:21","modified_gmt":"2023-11-21T16:49:21","slug":"dic-de-ararangua-elucida-crime-de-homicidio-e-prende-suspeitos","status":"publish","type":"post","link":"https:\/\/pc.sc.gov.br\/?p=15372","title":{"rendered":"DIC de Ararangu\u00e1 elucida crime de homic\u00eddio e prende suspeitos"},"content":{"rendered":"\t\t<div data-elementor-type=\"wp-post\" data-elementor-id=\"15372\" class=\"elementor elementor-15372\" data-elementor-post-type=\"post\">\n\t\t\t\t\t\t<section class=\"elementor-section elementor-top-section elementor-element elementor-element-3005bce elementor-section-boxed elementor-section-height-default elementor-section-height-default\" data-id=\"3005bce\" data-element_type=\"section\">\n\t\t\t\t\t\t<div class=\"elementor-container elementor-column-gap-default\">\n\t\t\t\t\t<div class=\"elementor-column elementor-col-100 elementor-top-column elementor-element elementor-element-4ab6b41\" data-id=\"4ab6b41\" data-element_type=\"column\">\n\t\t\t<div class=\"elementor-widget-wrap elementor-element-populated\">\n\t\t\t\t\t\t<div class=\"elementor-element elementor-element-c45f68c elementor-widget elementor-widget-heading\" data-id=\"c45f68c\" data-element_type=\"widget\" data-widget_type=\"heading.default\">\n\t\t\t\t<div class=\"elementor-widget-container\">\n\t\t\t\t\t<h2 class=\"elementor-heading-title elementor-size-default\">DIC de Ararangu\u00e1 elucida crime de homic\u00eddio e prende suspeitos<\/h2>\t\t\t\t<\/div>\n\t\t\t\t<\/div>\n\t\t\t\t\t<\/div>\n\t\t<\/div>\n\t\t\t\t\t<\/div>\n\t\t<\/section>\n\t\t\t\t<section class=\"elementor-section elementor-top-section elementor-element elementor-element-5535f7a elementor-section-boxed elementor-section-height-default elementor-section-height-default\" data-id=\"5535f7a\" data-element_type=\"section\">\n\t\t\t\t\t\t<div class=\"elementor-container elementor-column-gap-default\">\n\t\t\t\t\t<div class=\"elementor-column elementor-col-100 elementor-top-column elementor-element elementor-element-851ef52\" data-id=\"851ef52\" data-element_type=\"column\">\n\t\t\t<div class=\"elementor-widget-wrap elementor-element-populated\">\n\t\t\t\t\t\t<div class=\"elementor-element elementor-element-f0af8d9 elementor-widget elementor-widget-image\" data-id=\"f0af8d9\" data-element_type=\"widget\" data-widget_type=\"image.default\">\n\t\t\t\t<div class=\"elementor-widget-container\">\n\t\t\t\t\t\t\t\t\t\t\t\t\t\t\t<img fetchpriority=\"high\" decoding=\"async\" width=\"696\" height=\"464\" src=\"https:\/\/pc.sc.gov.br\/\/wp-content\/uploads\/2023\/10\/dsc_0720_51468326894_o-4-1-1024x683.jpg\" class=\"attachment-large size-large wp-image-14755\" alt=\"\" srcset=\"https:\/\/pc.sc.gov.br\/\/wp-content\/uploads\/2023\/10\/dsc_0720_51468326894_o-4-1-1024x683.jpg 1024w, https:\/\/pc.sc.gov.br\/\/wp-content\/uploads\/2023\/10\/dsc_0720_51468326894_o-4-1-300x200.jpg 300w, https:\/\/pc.sc.gov.br\/\/wp-content\/uploads\/2023\/10\/dsc_0720_51468326894_o-4-1-768x512.jpg 768w, https:\/\/pc.sc.gov.br\/\/wp-content\/uploads\/2023\/10\/dsc_0720_51468326894_o-4-1-1536x1024.jpg 1536w, https:\/\/pc.sc.gov.br\/\/wp-content\/uploads\/2023\/10\/dsc_0720_51468326894_o-4-1-2048x1365.jpg 2048w\" sizes=\"(max-width: 696px) 100vw, 696px\" \/>\t\t\t\t\t\t\t\t\t\t\t\t\t\t\t<\/div>\n\t\t\t\t<\/div>\n\t\t\t\t\t<\/div>\n\t\t<\/div>\n\t\t\t\t\t<\/div>\n\t\t<\/section>\n\t\t\t\t<section class=\"elementor-section elementor-top-section elementor-element elementor-element-7cd7e19 elementor-section-boxed elementor-section-height-default elementor-section-height-default\" data-id=\"7cd7e19\" data-element_type=\"section\">\n\t\t\t\t\t\t<div class=\"elementor-container elementor-column-gap-default\">\n\t\t\t\t\t<div class=\"elementor-column elementor-col-100 elementor-top-column elementor-element elementor-element-ed60b78\" data-id=\"ed60b78\" data-element_type=\"column\">\n\t\t\t<div class=\"elementor-widget-wrap elementor-element-populated\">\n\t\t\t\t\t\t<div class=\"elementor-element elementor-element-ae89617 elementor-widget elementor-widget-text-editor\" data-id=\"ae89617\" data-element_type=\"widget\" data-widget_type=\"text-editor.default\">\n\t\t\t\t<div class=\"elementor-widget-container\">\n\t\t\t\t\t\t\t\t\t<p>A Pol\u00edcia Civil de Santa Catarina, por meio da Divis\u00e3o de Investiga\u00e7\u00e3o Criminal (DIC) de Ararangu\u00e1, com apoio da Pol\u00edcia Militar, prendeu preventivamente nesta segunda-feira (20) tr\u00eas suspeitos do crime de homic\u00eddio, ocorrido no dia 11 de novembro do corrente ano na cidade de Ararangu\u00e1.&nbsp;<\/p>\n<p>De acordo com as informa\u00e7\u00f5es da DIC de Ararangu\u00e1, os autores interceptaram o autom\u00f3vel da v\u00edtima, abordando-a na noite de s\u00e1bado e, em p\u00fablica, a golpearam com 47 golpes de faca, fugindo em outro ve\u00edculo. O trabalho de investiga\u00e7\u00e3o iniciou-se com informa\u00e7\u00f5es da Pol\u00edcia Militar que levaram a identifica\u00e7\u00e3o dos envolvidos.<\/p>\n<p>Ap\u00f3s a realiza\u00e7\u00e3o de buscas nas resid\u00eancias dos suspeitos, a Pol\u00edcia indiciou os investigados pelo crime de homic\u00eddio qualificado que est\u00e3o \u00e0 disposi\u00e7\u00e3o da Justi\u00e7a no sistema Prisional.<span style=\"color: var( --e-global-color-text ); font-family: var( --e-global-typography-primary-font-family ), Sans-serif; font-size: var( --e-global-typography-primary-font-size ); font-weight: var( --e-global-typography-primary-font-weight ); letter-spacing: var( --e-global-typography-primary-letter-spacing );\">&nbsp;<\/span><\/p>\t\t\t\t\t\t\t\t<\/div>\n\t\t\t\t<\/div>\n\t\t\t\t\t<\/div>\n\t\t<\/div>\n\t\t\t\t\t<\/div>\n\t\t<\/section>\n\t\t\t\t<\/div>\n\t\t","protected":false},"excerpt":{"rendered":"<p>DIC de Ararangu\u00e1 elucida crime de homic\u00eddio e prende suspeitos A Pol\u00edcia Civil de Santa Catarina, por meio da Divis\u00e3o de Investiga\u00e7\u00e3o Criminal (DIC) de Ararangu\u00e1, com apoio da Pol\u00edcia Militar, prendeu preventivamente nesta segunda-feira (20) tr\u00eas suspeitos do crime de homic\u00eddio, ocorrido no dia 11 de novembro do corrente ano na cidade de Ararangu\u00e1.&nbsp; [&hellip;]<\/p>\n","protected":false},"author":5,"featured_media":14582,"comment_status":"closed","ping_status":"open","sticky":false,"template":"","format":"standard","meta":{"_monsterinsights_skip_tracking":false,"_monsterinsights_sitenote_active":false,"_monsterinsights_sitenote_note":"","_monsterinsights_sitenote_category":0,"footnotes":""},"categories":[1],"tags":[],"class_list":["post-15372","post","type-post","status-publish","format-standard","has-post-thumbnail","hentry","category-sem-categoria"],"_links":{"self":[{"href":"https:\/\/pc.sc.gov.br\/index.php?rest_route=\/wp\/v2\/posts\/15372","targetHints":{"allow":["GET"]}}],"collection":[{"href":"https:\/\/pc.sc.gov.br\/index.php?rest_route=\/wp\/v2\/posts"}],"about":[{"href":"https:\/\/pc.sc.gov.br\/index.php?rest_route=\/wp\/v2\/types\/post"}],"author":[{"embeddable":true,"href":"https:\/\/pc.sc.gov.br\/index.php?rest_route=\/wp\/v2\/users\/5"}],"replies":[{"embeddable":true,"href":"https:\/\/pc.sc.gov.br\/index.php?rest_route=%2Fwp%2Fv2%2Fcomments&post=15372"}],"version-history":[{"count":4,"href":"https:\/\/pc.sc.gov.br\/index.php?rest_route=\/wp\/v2\/posts\/15372\/revisions"}],"predecessor-version":[{"id":15376,"href":"https:\/\/pc.sc.gov.br\/index.php?rest_route=\/wp\/v2\/posts\/15372\/revisions\/15376"}],"wp:featuredmedia":[{"embeddable":true,"href":"https:\/\/pc.sc.gov.br\/index.php?rest_route=\/wp\/v2\/media\/14582"}],"wp:attachment":[{"href":"https:\/\/pc.sc.gov.br\/index.php?rest_route=%2Fwp%2Fv2%2Fmedia&parent=15372"}],"wp:term":[{"taxonomy":"category","embeddable":true,"href":"https:\/\/pc.sc.gov.br\/index.php?rest_route=%2Fwp%2Fv2%2Fcategories&post=15372"},{"taxonomy":"post_tag","embeddable":true,"href":"https:\/\/pc.sc.gov.br\/index.php?rest_route=%2Fwp%2Fv2%2Ftags&post=15372"}],"curies":[{"name":"wp","href":"https:\/\/api.w.org\/{rel}","templated":true}]}}