{"id":15377,"date":"2023-11-21T14:46:48","date_gmt":"2023-11-21T17:46:48","guid":{"rendered":"https:\/\/pc.sc.gov.br\/?p=15377"},"modified":"2023-11-21T17:18:28","modified_gmt":"2023-11-21T20:18:28","slug":"policia-civil-deflagra-maior-operacao-do-ano-no-norte-do-estado-e-prende-pelo-menos-40-pessoas","status":"publish","type":"post","link":"https:\/\/pc.sc.gov.br\/?p=15377","title":{"rendered":"Pol\u00edcia Civil deflagra maior opera\u00e7\u00e3o do ano no Norte do estado e prende 40 pessoas"},"content":{"rendered":"\t\t<div data-elementor-type=\"wp-post\" data-elementor-id=\"15377\" class=\"elementor elementor-15377\" data-elementor-post-type=\"post\">\n\t\t\t\t\t\t<section class=\"elementor-section elementor-top-section elementor-element elementor-element-d335ad8 elementor-section-boxed elementor-section-height-default elementor-section-height-default\" data-id=\"d335ad8\" data-element_type=\"section\">\n\t\t\t\t\t\t<div class=\"elementor-container elementor-column-gap-default\">\n\t\t\t\t\t<div class=\"elementor-column elementor-col-100 elementor-top-column elementor-element elementor-element-670a97a\" data-id=\"670a97a\" data-element_type=\"column\">\n\t\t\t<div class=\"elementor-widget-wrap elementor-element-populated\">\n\t\t\t\t\t\t<div class=\"elementor-element elementor-element-a83e951 elementor-widget elementor-widget-heading\" data-id=\"a83e951\" data-element_type=\"widget\" data-widget_type=\"heading.default\">\n\t\t\t\t<div class=\"elementor-widget-container\">\n\t\t\t\t\t<h2 class=\"elementor-heading-title elementor-size-default\">Pol\u00edcia Civil deflagra maior opera\u00e7\u00e3o do ano no norte do estado e prende 40 pessoas<\/h2>\t\t\t\t<\/div>\n\t\t\t\t<\/div>\n\t\t\t\t\t<\/div>\n\t\t<\/div>\n\t\t\t\t\t<\/div>\n\t\t<\/section>\n\t\t\t\t<section class=\"elementor-section elementor-top-section elementor-element elementor-element-bac3aa6 elementor-section-boxed elementor-section-height-default elementor-section-height-default\" data-id=\"bac3aa6\" data-element_type=\"section\">\n\t\t\t\t\t\t<div class=\"elementor-container elementor-column-gap-default\">\n\t\t\t\t\t<div class=\"elementor-column elementor-col-100 elementor-top-column elementor-element elementor-element-86483c3\" data-id=\"86483c3\" data-element_type=\"column\">\n\t\t\t<div class=\"elementor-widget-wrap elementor-element-populated\">\n\t\t\t\t\t\t<div class=\"elementor-element elementor-element-711ab87 elementor-widget elementor-widget-image\" data-id=\"711ab87\" data-element_type=\"widget\" data-widget_type=\"image.default\">\n\t\t\t\t<div class=\"elementor-widget-container\">\n\t\t\t\t\t\t\t\t\t\t\t\t\t\t\t<img fetchpriority=\"high\" decoding=\"async\" width=\"696\" height=\"372\" src=\"https:\/\/pc.sc.gov.br\/\/wp-content\/uploads\/2023\/11\/WhatsApp-Image-2023-11-21-at-14.39.29-1024x548.jpeg\" class=\"attachment-large size-large wp-image-15378\" alt=\"\" srcset=\"https:\/\/pc.sc.gov.br\/\/wp-content\/uploads\/2023\/11\/WhatsApp-Image-2023-11-21-at-14.39.29-1024x548.jpeg 1024w, https:\/\/pc.sc.gov.br\/\/wp-content\/uploads\/2023\/11\/WhatsApp-Image-2023-11-21-at-14.39.29-300x161.jpeg 300w, https:\/\/pc.sc.gov.br\/\/wp-content\/uploads\/2023\/11\/WhatsApp-Image-2023-11-21-at-14.39.29-768x411.jpeg 768w, https:\/\/pc.sc.gov.br\/\/wp-content\/uploads\/2023\/11\/WhatsApp-Image-2023-11-21-at-14.39.29.jpeg 1170w\" sizes=\"(max-width: 696px) 100vw, 696px\" \/>\t\t\t\t\t\t\t\t\t\t\t\t\t\t\t<\/div>\n\t\t\t\t<\/div>\n\t\t\t\t\t<\/div>\n\t\t<\/div>\n\t\t\t\t\t<\/div>\n\t\t<\/section>\n\t\t\t\t<section class=\"elementor-section elementor-top-section elementor-element elementor-element-f1f8e29 elementor-section-boxed elementor-section-height-default elementor-section-height-default\" data-id=\"f1f8e29\" data-element_type=\"section\">\n\t\t\t\t\t\t<div class=\"elementor-container elementor-column-gap-default\">\n\t\t\t\t\t<div class=\"elementor-column elementor-col-100 elementor-top-column elementor-element elementor-element-ac6fb74\" data-id=\"ac6fb74\" data-element_type=\"column\">\n\t\t\t<div class=\"elementor-widget-wrap elementor-element-populated\">\n\t\t\t\t\t\t<div class=\"elementor-element elementor-element-d49e130 elementor-widget elementor-widget-text-editor\" data-id=\"d49e130\" data-element_type=\"widget\" data-widget_type=\"text-editor.default\">\n\t\t\t\t<div class=\"elementor-widget-container\">\n\t\t\t\t\t\t\t\t\t<p>A Pol\u00edcia Civil de Santa Catarina, por meio da Divis\u00e3o de Investiga\u00e7\u00e3o Criminal de Joinville (DIC), deflagrou nesta ter\u00e7a-feira (21) a opera\u00e7\u00e3o \u201cOnda de Choque\u201d em combate a uma organiza\u00e7\u00e3o criminosa voltada \u00e0 pr\u00e1tica dos crimes de roubos, furtos e tr\u00e1fico de drogas. At\u00e9 \u00e0s 14h48min 40 pessoas haviam sido presas, al\u00e9m de terem sido apreendidos carros de luxo, drogas, armas de fogo e dinheiro em esp\u00e9cie.&nbsp;<\/p>\n<p>Ao todo, cerca de 280 policiais civis e 17 policiais penais cumpriram 111 ordens judiciais. A a\u00e7\u00e3o da Pol\u00edcia Civil catarinense ocorreu de forma simult\u00e2nea em Santa Catarina (Joinville, Araquari, S\u00e3o Francisco do Sul e Barra Velha) e no estado de S\u00e3o Paulo. Trata-se da maior opera\u00e7\u00e3o da Pol\u00edcia Civil de Santa Catarina no ano de 2023, considerando o n\u00famero de ordens judiciais que est\u00e3o sendo cumpridas.<\/p>\n<p><b>Investiga\u00e7\u00e3o<\/b><\/p>\n<p>A investiga\u00e7\u00e3o durou cerca de sete meses e identificou mais de 50 criminosos, que atuam nos estados de Santa Catarina, S\u00e3o Paulo e Rio de Janeiro. Os integrantes desse grupo agiam de maneira especializada em todo o estado de Santa Catarina, com forte v\u00ednculo com uma fac\u00e7\u00e3o criminosa.<\/p>\n<p>Durante as investiga\u00e7\u00f5es, o grupo tamb\u00e9m teria praticado roubos a resid\u00eancias e estabelecimentos comerciais. Todos os presos ser\u00e3o encaminhados \u00e0 sede da DIC de Joinville para os procedimentos de Pol\u00edcia Judici\u00e1ria. Os trabalhos contaram com o apoio da Pol\u00edcia Civil de S\u00e3o Paulo e da Pol\u00edcia Penal de Santa Catarina.<span style=\"color: var( --e-global-color-text ); font-family: var( --e-global-typography-primary-font-family ), Sans-serif; font-size: var( --e-global-typography-primary-font-size ); font-weight: var( --e-global-typography-primary-font-weight ); letter-spacing: var( --e-global-typography-primary-letter-spacing );\">&nbsp;<\/span><\/p>\t\t\t\t\t\t\t\t<\/div>\n\t\t\t\t<\/div>\n\t\t\t\t\t<\/div>\n\t\t<\/div>\n\t\t\t\t\t<\/div>\n\t\t<\/section>\n\t\t\t\t<section class=\"elementor-section elementor-top-section elementor-element elementor-element-95ba269 elementor-section-boxed elementor-section-height-default elementor-section-height-default\" data-id=\"95ba269\" data-element_type=\"section\">\n\t\t\t\t\t\t<div class=\"elementor-container elementor-column-gap-default\">\n\t\t\t\t\t<div class=\"elementor-column elementor-col-100 elementor-top-column elementor-element elementor-element-1bbe100\" data-id=\"1bbe100\" data-element_type=\"column\">\n\t\t\t<div class=\"elementor-widget-wrap elementor-element-populated\">\n\t\t\t\t\t\t<div class=\"elementor-element elementor-element-b104dd7 elementor-widget elementor-widget-video\" data-id=\"b104dd7\" data-element_type=\"widget\" data-settings=\"{&quot;video_type&quot;:&quot;hosted&quot;,&quot;controls&quot;:&quot;yes&quot;}\" data-widget_type=\"video.default\">\n\t\t\t\t<div class=\"elementor-widget-container\">\n\t\t\t\t\t\t\t<div class=\"e-hosted-video elementor-wrapper elementor-open-inline\">\n\t\t\t\t\t<video class=\"elementor-video\" src=\"https:\/\/pc.sc.gov.br\/wp-content\/uploads\/2023\/11\/DG-E-MURILLO.mp4\" controls=\"\" preload=\"metadata\"><\/video>\n\t\t\t\t<\/div>\n\t\t\t\t\t\t<\/div>\n\t\t\t\t<\/div>\n\t\t\t\t\t<\/div>\n\t\t<\/div>\n\t\t\t\t\t<\/div>\n\t\t<\/section>\n\t\t\t\t<\/div>\n\t\t","protected":false},"excerpt":{"rendered":"<p>Pol\u00edcia Civil deflagra maior opera\u00e7\u00e3o do ano no norte do estado e prende 40 pessoas A Pol\u00edcia Civil de Santa Catarina, por meio da Divis\u00e3o de Investiga\u00e7\u00e3o Criminal de Joinville (DIC), deflagrou nesta ter\u00e7a-feira (21) a opera\u00e7\u00e3o \u201cOnda de Choque\u201d em combate a uma organiza\u00e7\u00e3o criminosa voltada \u00e0 pr\u00e1tica dos crimes de roubos, furtos e [&hellip;]<\/p>\n","protected":false},"author":5,"featured_media":15378,"comment_status":"closed","ping_status":"open","sticky":false,"template":"","format":"standard","meta":{"_monsterinsights_skip_tracking":false,"_monsterinsights_sitenote_active":false,"_monsterinsights_sitenote_note":"","_monsterinsights_sitenote_category":0,"footnotes":""},"categories":[1],"tags":[],"class_list":["post-15377","post","type-post","status-publish","format-standard","has-post-thumbnail","hentry","category-sem-categoria"],"_links":{"self":[{"href":"https:\/\/pc.sc.gov.br\/index.php?rest_route=\/wp\/v2\/posts\/15377","targetHints":{"allow":["GET"]}}],"collection":[{"href":"https:\/\/pc.sc.gov.br\/index.php?rest_route=\/wp\/v2\/posts"}],"about":[{"href":"https:\/\/pc.sc.gov.br\/index.php?rest_route=\/wp\/v2\/types\/post"}],"author":[{"embeddable":true,"href":"https:\/\/pc.sc.gov.br\/index.php?rest_route=\/wp\/v2\/users\/5"}],"replies":[{"embeddable":true,"href":"https:\/\/pc.sc.gov.br\/index.php?rest_route=%2Fwp%2Fv2%2Fcomments&post=15377"}],"version-history":[{"count":7,"href":"https:\/\/pc.sc.gov.br\/index.php?rest_route=\/wp\/v2\/posts\/15377\/revisions"}],"predecessor-version":[{"id":15393,"href":"https:\/\/pc.sc.gov.br\/index.php?rest_route=\/wp\/v2\/posts\/15377\/revisions\/15393"}],"wp:featuredmedia":[{"embeddable":true,"href":"https:\/\/pc.sc.gov.br\/index.php?rest_route=\/wp\/v2\/media\/15378"}],"wp:attachment":[{"href":"https:\/\/pc.sc.gov.br\/index.php?rest_route=%2Fwp%2Fv2%2Fmedia&parent=15377"}],"wp:term":[{"taxonomy":"category","embeddable":true,"href":"https:\/\/pc.sc.gov.br\/index.php?rest_route=%2Fwp%2Fv2%2Fcategories&post=15377"},{"taxonomy":"post_tag","embeddable":true,"href":"https:\/\/pc.sc.gov.br\/index.php?rest_route=%2Fwp%2Fv2%2Ftags&post=15377"}],"curies":[{"name":"wp","href":"https:\/\/api.w.org\/{rel}","templated":true}]}}