{"id":15384,"date":"2023-11-21T15:52:19","date_gmt":"2023-11-21T18:52:19","guid":{"rendered":"https:\/\/pc.sc.gov.br\/?p=15384"},"modified":"2023-11-21T15:54:50","modified_gmt":"2023-11-21T18:54:50","slug":"policia-civil-captura-suspeito-da-pratica-de-crimes-de-furto-estelionato-e-apropriacao-indebita-apos-perseguicao-em-garopaba","status":"publish","type":"post","link":"https:\/\/pc.sc.gov.br\/?p=15384","title":{"rendered":"Pol\u00edcia civil captura suspeito da pr\u00e1tica de crimes de furto, estelionato e apropria\u00e7\u00e3o ind\u00e9bita, ap\u00f3s persegui\u00e7\u00e3o em Garopaba"},"content":{"rendered":"\t\t<div data-elementor-type=\"wp-post\" data-elementor-id=\"15384\" class=\"elementor elementor-15384\" data-elementor-post-type=\"post\">\n\t\t\t\t\t\t<section class=\"elementor-section elementor-top-section elementor-element elementor-element-0db29f7 elementor-section-boxed elementor-section-height-default elementor-section-height-default\" data-id=\"0db29f7\" data-element_type=\"section\">\n\t\t\t\t\t\t<div class=\"elementor-container elementor-column-gap-default\">\n\t\t\t\t\t<div class=\"elementor-column elementor-col-100 elementor-top-column elementor-element elementor-element-94bc1e6\" data-id=\"94bc1e6\" data-element_type=\"column\">\n\t\t\t<div class=\"elementor-widget-wrap elementor-element-populated\">\n\t\t\t\t\t\t<div class=\"elementor-element elementor-element-bd94c8a elementor-widget elementor-widget-heading\" data-id=\"bd94c8a\" data-element_type=\"widget\" data-widget_type=\"heading.default\">\n\t\t\t\t<div class=\"elementor-widget-container\">\n\t\t\t\t\t<h2 class=\"elementor-heading-title elementor-size-default\">Pol\u00edcia civil captura suspeito da pr\u00e1tica de crimes de furto, estelionato e apropria\u00e7\u00e3o ind\u00e9bita, ap\u00f3s persegui\u00e7\u00e3o em Garopaba<\/h2>\t\t\t\t<\/div>\n\t\t\t\t<\/div>\n\t\t\t\t\t<\/div>\n\t\t<\/div>\n\t\t\t\t\t<\/div>\n\t\t<\/section>\n\t\t\t\t<section class=\"elementor-section elementor-top-section elementor-element elementor-element-f383cbc elementor-section-boxed elementor-section-height-default elementor-section-height-default\" data-id=\"f383cbc\" data-element_type=\"section\">\n\t\t\t\t\t\t<div class=\"elementor-container elementor-column-gap-default\">\n\t\t\t\t\t<div class=\"elementor-column elementor-col-100 elementor-top-column elementor-element elementor-element-f1c9a15\" data-id=\"f1c9a15\" data-element_type=\"column\">\n\t\t\t<div class=\"elementor-widget-wrap elementor-element-populated\">\n\t\t\t\t\t\t<div class=\"elementor-element elementor-element-c2a78f5 elementor-widget elementor-widget-image\" data-id=\"c2a78f5\" data-element_type=\"widget\" data-widget_type=\"image.default\">\n\t\t\t\t<div class=\"elementor-widget-container\">\n\t\t\t\t\t\t\t\t\t\t\t\t\t\t\t<img fetchpriority=\"high\" decoding=\"async\" width=\"696\" height=\"522\" src=\"https:\/\/pc.sc.gov.br\/\/wp-content\/uploads\/2023\/11\/5655358e-9982-4671-88e8-b8115ce41331-fotor-20231121155115-1024x768.jpg\" class=\"attachment-large size-large wp-image-15385\" alt=\"\" srcset=\"https:\/\/pc.sc.gov.br\/\/wp-content\/uploads\/2023\/11\/5655358e-9982-4671-88e8-b8115ce41331-fotor-20231121155115-1024x768.jpg 1024w, https:\/\/pc.sc.gov.br\/\/wp-content\/uploads\/2023\/11\/5655358e-9982-4671-88e8-b8115ce41331-fotor-20231121155115-300x225.jpg 300w, https:\/\/pc.sc.gov.br\/\/wp-content\/uploads\/2023\/11\/5655358e-9982-4671-88e8-b8115ce41331-fotor-20231121155115-768x576.jpg 768w, https:\/\/pc.sc.gov.br\/\/wp-content\/uploads\/2023\/11\/5655358e-9982-4671-88e8-b8115ce41331-fotor-20231121155115-1536x1152.jpg 1536w, https:\/\/pc.sc.gov.br\/\/wp-content\/uploads\/2023\/11\/5655358e-9982-4671-88e8-b8115ce41331-fotor-20231121155115.jpg 1600w\" sizes=\"(max-width: 696px) 100vw, 696px\" \/>\t\t\t\t\t\t\t\t\t\t\t\t\t\t\t<\/div>\n\t\t\t\t<\/div>\n\t\t\t\t\t<\/div>\n\t\t<\/div>\n\t\t\t\t\t<\/div>\n\t\t<\/section>\n\t\t\t\t<section class=\"elementor-section elementor-top-section elementor-element elementor-element-e07e57d elementor-section-boxed elementor-section-height-default elementor-section-height-default\" data-id=\"e07e57d\" data-element_type=\"section\">\n\t\t\t\t\t\t<div class=\"elementor-container elementor-column-gap-default\">\n\t\t\t\t\t<div class=\"elementor-column elementor-col-100 elementor-top-column elementor-element elementor-element-424d0a8\" data-id=\"424d0a8\" data-element_type=\"column\">\n\t\t\t<div class=\"elementor-widget-wrap elementor-element-populated\">\n\t\t\t\t\t\t<div class=\"elementor-element elementor-element-e86fffa elementor-widget elementor-widget-text-editor\" data-id=\"e86fffa\" data-element_type=\"widget\" data-widget_type=\"text-editor.default\">\n\t\t\t\t<div class=\"elementor-widget-container\">\n\t\t\t\t\t\t\t\t\t<p>A Pol\u00edcia Civil de Santa Catarina, por meio da Delegacia de Garopaba, recebeu na tarde desta segunda-feira (20) a informa\u00e7\u00e3o de que teria ocorrido o furto de um ve\u00edculo, no Campus da Universidade Federal de Santa Catarina (UFSC), em Florian\u00f3polis. No interior do carro havia um notebook e um aparelho celular e o suspeito do crime teria empreendido fuga em dire\u00e7\u00e3o ao sul do estado.\u00a0<\/p><p>A equipe policial localizou o ve\u00edculo, por volta de 16h, no Centro de Garopaba, e deu ordem de parada, que n\u00e3o foi obedecida. Como o condutor passou a fugir em alta velocidade, trafegando inclusive sobre as cal\u00e7adas, os policiais efetuaram disparos em dire\u00e7\u00e3o aos pneus do ve\u00edculo, fazendo com que seu condutor parasse ap\u00f3s um pneu estourar.\u00a0<\/p><p>O suspeito foi ent\u00e3o capturado e encaminhado \u00e0 Delegacia da Pol\u00edcia Civil em Garopaba para os procedimentos legais. O ve\u00edculo ser\u00e1 periciado e, em seguida, restitu\u00eddo ao seu leg\u00edtimo propriet\u00e1rio. Tamb\u00e9m foi apurado que al\u00e9m do furto na universidade, o indiv\u00edduo detido, juntamente com outras pessoas ainda n\u00e3o identificados, teria cometido alguns delitos em Garopaba e Florian\u00f3polis, como apropria\u00e7\u00f5es ind\u00e9bitas, falsifica\u00e7\u00e3o de documento e estelionatos.<\/p><p>A Pol\u00edcia Militar prestou apoio \u00e0 opera\u00e7\u00e3o. A investiga\u00e7\u00e3o prossegue com o intuito de apurar todas as circunst\u00e2ncias dos crimes. Colabore com a Pol\u00edcia Civil. Denuncie! Disque 181, escreva para (48) 98844-0011 (WhatsApp) ou acesse www.policiacivil.sc.gov.br.<\/p><div>\u00a0<\/div>\t\t\t\t\t\t\t\t<\/div>\n\t\t\t\t<\/div>\n\t\t\t\t\t<\/div>\n\t\t<\/div>\n\t\t\t\t\t<\/div>\n\t\t<\/section>\n\t\t\t\t<\/div>\n\t\t","protected":false},"excerpt":{"rendered":"<p>Pol\u00edcia civil captura suspeito da pr\u00e1tica de crimes de furto, estelionato e apropria\u00e7\u00e3o ind\u00e9bita, ap\u00f3s persegui\u00e7\u00e3o em Garopaba A Pol\u00edcia Civil de Santa Catarina, por meio da Delegacia de Garopaba, recebeu na tarde desta segunda-feira (20) a informa\u00e7\u00e3o de que teria ocorrido o furto de um ve\u00edculo, no Campus da Universidade Federal de Santa Catarina [&hellip;]<\/p>\n","protected":false},"author":5,"featured_media":15385,"comment_status":"closed","ping_status":"open","sticky":false,"template":"","format":"standard","meta":{"_monsterinsights_skip_tracking":false,"_monsterinsights_sitenote_active":false,"_monsterinsights_sitenote_note":"","_monsterinsights_sitenote_category":0,"footnotes":""},"categories":[1],"tags":[],"class_list":["post-15384","post","type-post","status-publish","format-standard","has-post-thumbnail","hentry","category-sem-categoria"],"_links":{"self":[{"href":"https:\/\/pc.sc.gov.br\/index.php?rest_route=\/wp\/v2\/posts\/15384","targetHints":{"allow":["GET"]}}],"collection":[{"href":"https:\/\/pc.sc.gov.br\/index.php?rest_route=\/wp\/v2\/posts"}],"about":[{"href":"https:\/\/pc.sc.gov.br\/index.php?rest_route=\/wp\/v2\/types\/post"}],"author":[{"embeddable":true,"href":"https:\/\/pc.sc.gov.br\/index.php?rest_route=\/wp\/v2\/users\/5"}],"replies":[{"embeddable":true,"href":"https:\/\/pc.sc.gov.br\/index.php?rest_route=%2Fwp%2Fv2%2Fcomments&post=15384"}],"version-history":[{"count":4,"href":"https:\/\/pc.sc.gov.br\/index.php?rest_route=\/wp\/v2\/posts\/15384\/revisions"}],"predecessor-version":[{"id":15389,"href":"https:\/\/pc.sc.gov.br\/index.php?rest_route=\/wp\/v2\/posts\/15384\/revisions\/15389"}],"wp:featuredmedia":[{"embeddable":true,"href":"https:\/\/pc.sc.gov.br\/index.php?rest_route=\/wp\/v2\/media\/15385"}],"wp:attachment":[{"href":"https:\/\/pc.sc.gov.br\/index.php?rest_route=%2Fwp%2Fv2%2Fmedia&parent=15384"}],"wp:term":[{"taxonomy":"category","embeddable":true,"href":"https:\/\/pc.sc.gov.br\/index.php?rest_route=%2Fwp%2Fv2%2Fcategories&post=15384"},{"taxonomy":"post_tag","embeddable":true,"href":"https:\/\/pc.sc.gov.br\/index.php?rest_route=%2Fwp%2Fv2%2Ftags&post=15384"}],"curies":[{"name":"wp","href":"https:\/\/api.w.org\/{rel}","templated":true}]}}