{"id":15394,"date":"2023-11-21T17:56:23","date_gmt":"2023-11-21T20:56:23","guid":{"rendered":"https:\/\/pc.sc.gov.br\/?p=15394"},"modified":"2023-11-21T17:57:32","modified_gmt":"2023-11-21T20:57:32","slug":"delegado-da-dras-deic-recebe-homenagem-da-alesc-por-atuacao-no-estado","status":"publish","type":"post","link":"https:\/\/pc.sc.gov.br\/?p=15394","title":{"rendered":"Delegado da DRAS\/DEIC recebe homenagem da ALESC por atua\u00e7\u00e3o no estado"},"content":{"rendered":"\t\t<div data-elementor-type=\"wp-post\" data-elementor-id=\"15394\" class=\"elementor elementor-15394\" data-elementor-post-type=\"post\">\n\t\t\t\t\t\t<section class=\"elementor-section elementor-top-section elementor-element elementor-element-b61e420 elementor-section-boxed elementor-section-height-default elementor-section-height-default\" data-id=\"b61e420\" data-element_type=\"section\">\n\t\t\t\t\t\t<div class=\"elementor-container elementor-column-gap-default\">\n\t\t\t\t\t<div class=\"elementor-column elementor-col-100 elementor-top-column elementor-element elementor-element-f9d7d8e\" data-id=\"f9d7d8e\" data-element_type=\"column\">\n\t\t\t<div class=\"elementor-widget-wrap elementor-element-populated\">\n\t\t\t\t\t\t<div class=\"elementor-element elementor-element-ab5feed elementor-widget elementor-widget-heading\" data-id=\"ab5feed\" data-element_type=\"widget\" data-widget_type=\"heading.default\">\n\t\t\t\t<div class=\"elementor-widget-container\">\n\t\t\t\t\t<h2 class=\"elementor-heading-title elementor-size-default\">Delegado da DRAS\/DEIC recebe homenagem da ALESC por atua\u00e7\u00e3o no estado<\/h2>\t\t\t\t<\/div>\n\t\t\t\t<\/div>\n\t\t\t\t<div class=\"elementor-element elementor-element-c0f8d13 elementor-widget elementor-widget-image\" data-id=\"c0f8d13\" data-element_type=\"widget\" data-widget_type=\"image.default\">\n\t\t\t\t<div class=\"elementor-widget-container\">\n\t\t\t\t\t\t\t\t\t\t\t\t\t\t\t<img fetchpriority=\"high\" decoding=\"async\" width=\"696\" height=\"464\" src=\"https:\/\/pc.sc.gov.br\/\/wp-content\/uploads\/2023\/11\/WhatsApp-Image-2023-11-21-at-17.54.03-1024x682.jpeg\" class=\"attachment-large size-large wp-image-15396\" alt=\"\" srcset=\"https:\/\/pc.sc.gov.br\/\/wp-content\/uploads\/2023\/11\/WhatsApp-Image-2023-11-21-at-17.54.03-1024x682.jpeg 1024w, https:\/\/pc.sc.gov.br\/\/wp-content\/uploads\/2023\/11\/WhatsApp-Image-2023-11-21-at-17.54.03-300x200.jpeg 300w, https:\/\/pc.sc.gov.br\/\/wp-content\/uploads\/2023\/11\/WhatsApp-Image-2023-11-21-at-17.54.03-768x512.jpeg 768w, https:\/\/pc.sc.gov.br\/\/wp-content\/uploads\/2023\/11\/WhatsApp-Image-2023-11-21-at-17.54.03-1536x1023.jpeg 1536w, https:\/\/pc.sc.gov.br\/\/wp-content\/uploads\/2023\/11\/WhatsApp-Image-2023-11-21-at-17.54.03.jpeg 1600w\" sizes=\"(max-width: 696px) 100vw, 696px\" \/>\t\t\t\t\t\t\t\t\t\t\t\t\t\t\t<\/div>\n\t\t\t\t<\/div>\n\t\t\t\t\t<\/div>\n\t\t<\/div>\n\t\t\t\t\t<\/div>\n\t\t<\/section>\n\t\t\t\t<section class=\"elementor-section elementor-top-section elementor-element elementor-element-f6e00ae elementor-section-boxed elementor-section-height-default elementor-section-height-default\" data-id=\"f6e00ae\" data-element_type=\"section\">\n\t\t\t\t\t\t<div class=\"elementor-container elementor-column-gap-default\">\n\t\t\t\t\t<div class=\"elementor-column elementor-col-100 elementor-top-column elementor-element elementor-element-2005cdf\" data-id=\"2005cdf\" data-element_type=\"column\">\n\t\t\t<div class=\"elementor-widget-wrap elementor-element-populated\">\n\t\t\t\t\t\t<div class=\"elementor-element elementor-element-c113ad6 elementor-widget elementor-widget-text-editor\" data-id=\"c113ad6\" data-element_type=\"widget\" data-widget_type=\"text-editor.default\">\n\t\t\t\t<div class=\"elementor-widget-container\">\n\t\t\t\t\t\t\t\t\t<p>Na segunda-feira (20), o delegado Anselmo Cruz, titular da Delegacia de Roubos e Antissequestro da Diretoria Estadual de Investiga\u00e7\u00f5es Criminais, foi homenageado pela Assembleia Legislativa de Santa Catarina devido a sua atua\u00e7\u00e3o como delegado de pol\u00edcia na resolu\u00e7\u00e3o de todos os sequestros ocorridos no estado. <br \/>A a\u00e7\u00e3o de outorga da Comenda do Legislativo Catarinense aconteceu em Sess\u00e3o Solene e \u00e9 a mais alta honraria concedida pelo Parlamento Estadual. O objetivo \u00e9 reconhecer as personalidades e institui\u00e7\u00f5es que se destacaram pelo compromisso social e empreendedorismo em benef\u00edcio de Santa Catarina. <br \/>A entrega foi realizada pelo tamb\u00e9m delegado de Pol\u00edcia Eg\u00eddio Ferrari, que atualmente \u00e9 deputado estadual em Santa Catarina. \u201cProfissionais que realizam servi\u00e7os excelentes como o Delegado Anselmo devem ser reconhecidos\u201d, destacou Eg\u00eddio. <br \/>Um dos casos mais recentes que foram resolvidos pela DRAS\/DEIC foi o sequestro de uma menina de 11 anos em Crici\u00fama em agosto deste ano. Todos os envolvidos no crime foram presos e a menina foi encontrada pela Pol\u00edcia Civil em menos de 24 horas. <\/p>\t\t\t\t\t\t\t\t<\/div>\n\t\t\t\t<\/div>\n\t\t\t\t\t<\/div>\n\t\t<\/div>\n\t\t\t\t\t<\/div>\n\t\t<\/section>\n\t\t\t\t<section class=\"elementor-section elementor-top-section elementor-element elementor-element-09120be elementor-section-boxed elementor-section-height-default elementor-section-height-default\" data-id=\"09120be\" data-element_type=\"section\">\n\t\t\t\t\t\t<div class=\"elementor-container elementor-column-gap-default\">\n\t\t\t\t\t<div class=\"elementor-column elementor-col-100 elementor-top-column elementor-element elementor-element-cb0d15f\" data-id=\"cb0d15f\" data-element_type=\"column\">\n\t\t\t<div class=\"elementor-widget-wrap elementor-element-populated\">\n\t\t\t\t\t\t<div class=\"elementor-element elementor-element-f65e7aa elementor-widget elementor-widget-image\" data-id=\"f65e7aa\" data-element_type=\"widget\" data-widget_type=\"image.default\">\n\t\t\t\t<div class=\"elementor-widget-container\">\n\t\t\t\t\t\t\t\t\t\t\t\t\t\t\t<img decoding=\"async\" width=\"696\" height=\"462\" src=\"https:\/\/pc.sc.gov.br\/\/wp-content\/uploads\/2023\/11\/WhatsApp-Image-2023-11-21-at-17.54.04.jpeg\" class=\"attachment-large size-large wp-image-15395\" alt=\"\" srcset=\"https:\/\/pc.sc.gov.br\/\/wp-content\/uploads\/2023\/11\/WhatsApp-Image-2023-11-21-at-17.54.04.jpeg 995w, https:\/\/pc.sc.gov.br\/\/wp-content\/uploads\/2023\/11\/WhatsApp-Image-2023-11-21-at-17.54.04-300x199.jpeg 300w, https:\/\/pc.sc.gov.br\/\/wp-content\/uploads\/2023\/11\/WhatsApp-Image-2023-11-21-at-17.54.04-768x510.jpeg 768w\" sizes=\"(max-width: 696px) 100vw, 696px\" \/>\t\t\t\t\t\t\t\t\t\t\t\t\t\t\t<\/div>\n\t\t\t\t<\/div>\n\t\t\t\t\t<\/div>\n\t\t<\/div>\n\t\t\t\t\t<\/div>\n\t\t<\/section>\n\t\t\t\t<\/div>\n\t\t","protected":false},"excerpt":{"rendered":"<p>Delegado da DRAS\/DEIC recebe homenagem da ALESC por atua\u00e7\u00e3o no estado Na segunda-feira (20), o delegado Anselmo Cruz, titular da Delegacia de Roubos e Antissequestro da Diretoria Estadual de Investiga\u00e7\u00f5es Criminais, foi homenageado pela Assembleia Legislativa de Santa Catarina devido a sua atua\u00e7\u00e3o como delegado de pol\u00edcia na resolu\u00e7\u00e3o de todos os sequestros ocorridos no [&hellip;]<\/p>\n","protected":false},"author":5,"featured_media":15396,"comment_status":"closed","ping_status":"open","sticky":false,"template":"","format":"standard","meta":{"_monsterinsights_skip_tracking":false,"_monsterinsights_sitenote_active":false,"_monsterinsights_sitenote_note":"","_monsterinsights_sitenote_category":0,"footnotes":""},"categories":[1],"tags":[],"class_list":["post-15394","post","type-post","status-publish","format-standard","has-post-thumbnail","hentry","category-sem-categoria"],"_links":{"self":[{"href":"https:\/\/pc.sc.gov.br\/index.php?rest_route=\/wp\/v2\/posts\/15394","targetHints":{"allow":["GET"]}}],"collection":[{"href":"https:\/\/pc.sc.gov.br\/index.php?rest_route=\/wp\/v2\/posts"}],"about":[{"href":"https:\/\/pc.sc.gov.br\/index.php?rest_route=\/wp\/v2\/types\/post"}],"author":[{"embeddable":true,"href":"https:\/\/pc.sc.gov.br\/index.php?rest_route=\/wp\/v2\/users\/5"}],"replies":[{"embeddable":true,"href":"https:\/\/pc.sc.gov.br\/index.php?rest_route=%2Fwp%2Fv2%2Fcomments&post=15394"}],"version-history":[{"count":4,"href":"https:\/\/pc.sc.gov.br\/index.php?rest_route=\/wp\/v2\/posts\/15394\/revisions"}],"predecessor-version":[{"id":15400,"href":"https:\/\/pc.sc.gov.br\/index.php?rest_route=\/wp\/v2\/posts\/15394\/revisions\/15400"}],"wp:featuredmedia":[{"embeddable":true,"href":"https:\/\/pc.sc.gov.br\/index.php?rest_route=\/wp\/v2\/media\/15396"}],"wp:attachment":[{"href":"https:\/\/pc.sc.gov.br\/index.php?rest_route=%2Fwp%2Fv2%2Fmedia&parent=15394"}],"wp:term":[{"taxonomy":"category","embeddable":true,"href":"https:\/\/pc.sc.gov.br\/index.php?rest_route=%2Fwp%2Fv2%2Fcategories&post=15394"},{"taxonomy":"post_tag","embeddable":true,"href":"https:\/\/pc.sc.gov.br\/index.php?rest_route=%2Fwp%2Fv2%2Ftags&post=15394"}],"curies":[{"name":"wp","href":"https:\/\/api.w.org\/{rel}","templated":true}]}}