{"id":15404,"date":"2023-11-22T14:24:29","date_gmt":"2023-11-22T17:24:29","guid":{"rendered":"https:\/\/pc.sc.gov.br\/?p=15404"},"modified":"2023-11-22T14:25:32","modified_gmt":"2023-11-22T17:25:32","slug":"i-simposio-internacional-de-psicologia-policial-recebe-inscricoes-ate-o-dia-26","status":"publish","type":"post","link":"https:\/\/pc.sc.gov.br\/?p=15404","title":{"rendered":"I simp\u00f3sio Internacional de Psicologia Policial recebe inscri\u00e7\u00f5es at\u00e9 o pr\u00f3ximo dia 26"},"content":{"rendered":"\t\t<div data-elementor-type=\"wp-post\" data-elementor-id=\"15404\" class=\"elementor elementor-15404\" data-elementor-post-type=\"post\">\n\t\t\t\t\t\t<section class=\"elementor-section elementor-top-section elementor-element elementor-element-6d201eb elementor-section-boxed elementor-section-height-default elementor-section-height-default\" data-id=\"6d201eb\" data-element_type=\"section\">\n\t\t\t\t\t\t<div class=\"elementor-container elementor-column-gap-default\">\n\t\t\t\t\t<div class=\"elementor-column elementor-col-100 elementor-top-column elementor-element elementor-element-fd661ec\" data-id=\"fd661ec\" data-element_type=\"column\">\n\t\t\t<div class=\"elementor-widget-wrap elementor-element-populated\">\n\t\t\t\t\t\t<div class=\"elementor-element elementor-element-190dcc3 elementor-widget elementor-widget-heading\" data-id=\"190dcc3\" data-element_type=\"widget\" data-widget_type=\"heading.default\">\n\t\t\t\t<div class=\"elementor-widget-container\">\n\t\t\t\t\t<h2 class=\"elementor-heading-title elementor-size-default\">I simp\u00f3sio Internacional de Psicologia Policial recebe inscri\u00e7\u00f5es at\u00e9 o dia 26<\/h2>\t\t\t\t<\/div>\n\t\t\t\t<\/div>\n\t\t\t\t\t<\/div>\n\t\t<\/div>\n\t\t\t\t\t<\/div>\n\t\t<\/section>\n\t\t\t\t<section class=\"elementor-section elementor-top-section elementor-element elementor-element-bf16842 elementor-section-boxed elementor-section-height-default elementor-section-height-default\" data-id=\"bf16842\" data-element_type=\"section\">\n\t\t\t\t\t\t<div class=\"elementor-container elementor-column-gap-default\">\n\t\t\t\t\t<div class=\"elementor-column elementor-col-100 elementor-top-column elementor-element elementor-element-969ddb3\" data-id=\"969ddb3\" data-element_type=\"column\">\n\t\t\t<div class=\"elementor-widget-wrap elementor-element-populated\">\n\t\t\t\t\t\t<div class=\"elementor-element elementor-element-b8d9675 elementor-widget elementor-widget-image\" data-id=\"b8d9675\" data-element_type=\"widget\" data-widget_type=\"image.default\">\n\t\t\t\t<div class=\"elementor-widget-container\">\n\t\t\t\t\t\t\t\t\t\t\t\t\t\t\t<img fetchpriority=\"high\" decoding=\"async\" width=\"696\" height=\"854\" src=\"https:\/\/pc.sc.gov.br\/\/wp-content\/uploads\/2023\/11\/WhatsApp-Image-2023-11-16-at-16.20.57-1-835x1024.jpeg\" class=\"attachment-large size-large wp-image-15406\" alt=\"\" srcset=\"https:\/\/pc.sc.gov.br\/\/wp-content\/uploads\/2023\/11\/WhatsApp-Image-2023-11-16-at-16.20.57-1-835x1024.jpeg 835w, https:\/\/pc.sc.gov.br\/\/wp-content\/uploads\/2023\/11\/WhatsApp-Image-2023-11-16-at-16.20.57-1-245x300.jpeg 245w, https:\/\/pc.sc.gov.br\/\/wp-content\/uploads\/2023\/11\/WhatsApp-Image-2023-11-16-at-16.20.57-1-768x942.jpeg 768w, https:\/\/pc.sc.gov.br\/\/wp-content\/uploads\/2023\/11\/WhatsApp-Image-2023-11-16-at-16.20.57-1.jpeg 1242w\" sizes=\"(max-width: 696px) 100vw, 696px\" \/>\t\t\t\t\t\t\t\t\t\t\t\t\t\t\t<\/div>\n\t\t\t\t<\/div>\n\t\t\t\t\t<\/div>\n\t\t<\/div>\n\t\t\t\t\t<\/div>\n\t\t<\/section>\n\t\t\t\t<section class=\"elementor-section elementor-top-section elementor-element elementor-element-f1a20de elementor-section-boxed elementor-section-height-default elementor-section-height-default\" data-id=\"f1a20de\" data-element_type=\"section\">\n\t\t\t\t\t\t<div class=\"elementor-container elementor-column-gap-default\">\n\t\t\t\t\t<div class=\"elementor-column elementor-col-100 elementor-top-column elementor-element elementor-element-6c98299\" data-id=\"6c98299\" data-element_type=\"column\">\n\t\t\t<div class=\"elementor-widget-wrap elementor-element-populated\">\n\t\t\t\t\t\t<div class=\"elementor-element elementor-element-d2406fa elementor-widget elementor-widget-text-editor\" data-id=\"d2406fa\" data-element_type=\"widget\" data-widget_type=\"text-editor.default\">\n\t\t\t\t<div class=\"elementor-widget-container\">\n\t\t\t\t\t\t\t\t\t<p>O I simp\u00f3sio Internacional de Psicologia Policial da PCSC: pr\u00e1ticas e reflex\u00f5es poss\u00edveis acerca da psicologia na interface com a seguran\u00e7a p\u00fablica, que ocorre nos dias 5 e 6 de dezembro, est\u00e1 recebendo as inscri\u00e7\u00f5es dos interessados at\u00e9 o pr\u00f3ximo dia 26\/11.&nbsp;<\/p>\n<p>Direcionado aos servidores que atuam todas as for\u00e7as de seguran\u00e7a, o Simp\u00f3sio tem por objetivo apresentar e discutir temas de relev\u00e2ncia \u00e0 Seguran\u00e7a P\u00fablica, em especial \u00e0 Pol\u00edcia Civil, no \u00e2mbito da Psicologia Policial, fomentando a divulga\u00e7\u00e3o da pr\u00e1tica e de pesquisas nessa \u00e1rea pelos diversos profissionais psic\u00f3logos que operam em Delegacias, Coordenadorias de Sa\u00fade, Valoriza\u00e7\u00e3o Profissional e das DPCAMIs e ACADEPOL, a partir de di\u00e1logos gerados entre os diferentes cargos institucionais.<\/p>\n<p>O Simp\u00f3sio conta com o apoio do SINPOL e da APSIPOL e para acessar a programa\u00e7\u00e3o do evento e realizar sua inscri\u00e7\u00e3o basta acessar este&nbsp;<a href=\"https:\/\/acadepol.sc.gov.br\/?p=3074\" target=\"_blank\" style=\"font-family: var( --e-global-typography-primary-font-family ), Sans-serif; font-size: var( --e-global-typography-primary-font-size ); font-weight: var( --e-global-typography-primary-font-weight ); letter-spacing: var( --e-global-typography-primary-letter-spacing ); background-color: rgb(255, 255, 255);\">link.<\/a><\/p>\n<div>&nbsp;<\/div>\t\t\t\t\t\t\t\t<\/div>\n\t\t\t\t<\/div>\n\t\t\t\t\t<\/div>\n\t\t<\/div>\n\t\t\t\t\t<\/div>\n\t\t<\/section>\n\t\t\t\t<\/div>\n\t\t","protected":false},"excerpt":{"rendered":"<p>I simp\u00f3sio Internacional de Psicologia Policial recebe inscri\u00e7\u00f5es at\u00e9 o dia 26 O I simp\u00f3sio Internacional de Psicologia Policial da PCSC: pr\u00e1ticas e reflex\u00f5es poss\u00edveis acerca da psicologia na interface com a seguran\u00e7a p\u00fablica, que ocorre nos dias 5 e 6 de dezembro, est\u00e1 recebendo as inscri\u00e7\u00f5es dos interessados at\u00e9 o pr\u00f3ximo dia 26\/11.&nbsp; Direcionado [&hellip;]<\/p>\n","protected":false},"author":5,"featured_media":15402,"comment_status":"closed","ping_status":"open","sticky":false,"template":"","format":"standard","meta":{"_monsterinsights_skip_tracking":false,"_monsterinsights_sitenote_active":false,"_monsterinsights_sitenote_note":"","_monsterinsights_sitenote_category":0,"footnotes":""},"categories":[1],"tags":[],"class_list":["post-15404","post","type-post","status-publish","format-standard","has-post-thumbnail","hentry","category-sem-categoria"],"_links":{"self":[{"href":"https:\/\/pc.sc.gov.br\/index.php?rest_route=\/wp\/v2\/posts\/15404","targetHints":{"allow":["GET"]}}],"collection":[{"href":"https:\/\/pc.sc.gov.br\/index.php?rest_route=\/wp\/v2\/posts"}],"about":[{"href":"https:\/\/pc.sc.gov.br\/index.php?rest_route=\/wp\/v2\/types\/post"}],"author":[{"embeddable":true,"href":"https:\/\/pc.sc.gov.br\/index.php?rest_route=\/wp\/v2\/users\/5"}],"replies":[{"embeddable":true,"href":"https:\/\/pc.sc.gov.br\/index.php?rest_route=%2Fwp%2Fv2%2Fcomments&post=15404"}],"version-history":[{"count":5,"href":"https:\/\/pc.sc.gov.br\/index.php?rest_route=\/wp\/v2\/posts\/15404\/revisions"}],"predecessor-version":[{"id":15410,"href":"https:\/\/pc.sc.gov.br\/index.php?rest_route=\/wp\/v2\/posts\/15404\/revisions\/15410"}],"wp:featuredmedia":[{"embeddable":true,"href":"https:\/\/pc.sc.gov.br\/index.php?rest_route=\/wp\/v2\/media\/15402"}],"wp:attachment":[{"href":"https:\/\/pc.sc.gov.br\/index.php?rest_route=%2Fwp%2Fv2%2Fmedia&parent=15404"}],"wp:term":[{"taxonomy":"category","embeddable":true,"href":"https:\/\/pc.sc.gov.br\/index.php?rest_route=%2Fwp%2Fv2%2Fcategories&post=15404"},{"taxonomy":"post_tag","embeddable":true,"href":"https:\/\/pc.sc.gov.br\/index.php?rest_route=%2Fwp%2Fv2%2Ftags&post=15404"}],"curies":[{"name":"wp","href":"https:\/\/api.w.org\/{rel}","templated":true}]}}