{"id":15420,"date":"2023-11-23T16:30:58","date_gmt":"2023-11-23T19:30:58","guid":{"rendered":"https:\/\/pc.sc.gov.br\/?p=15420"},"modified":"2023-11-23T16:32:00","modified_gmt":"2023-11-23T19:32:00","slug":"operacao-galo-da-madrugada-dpco-de-xanxere-cumpre-mandados-de-busca-e-prende-homem-em-investigacao-contra-rinhas-de-galo","status":"publish","type":"post","link":"https:\/\/pc.sc.gov.br\/?p=15420","title":{"rendered":"Opera\u00e7\u00e3o \u201cGalo Da Madrugada\u201d: DPCo de Xanxer\u00ea cumpre mandados de busca e prende  homem em investiga\u00e7\u00e3o contra rinhas de galo"},"content":{"rendered":"\t\t<div data-elementor-type=\"wp-post\" data-elementor-id=\"15420\" class=\"elementor elementor-15420\" data-elementor-post-type=\"post\">\n\t\t\t\t\t\t<section class=\"elementor-section elementor-top-section elementor-element elementor-element-07233b1 elementor-section-boxed elementor-section-height-default elementor-section-height-default\" data-id=\"07233b1\" data-element_type=\"section\">\n\t\t\t\t\t\t<div class=\"elementor-container elementor-column-gap-default\">\n\t\t\t\t\t<div class=\"elementor-column elementor-col-100 elementor-top-column elementor-element elementor-element-84610de\" data-id=\"84610de\" data-element_type=\"column\">\n\t\t\t<div class=\"elementor-widget-wrap elementor-element-populated\">\n\t\t\t\t\t\t<div class=\"elementor-element elementor-element-bc7b0ff elementor-widget elementor-widget-heading\" data-id=\"bc7b0ff\" data-element_type=\"widget\" data-widget_type=\"heading.default\">\n\t\t\t\t<div class=\"elementor-widget-container\">\n\t\t\t\t\t<h2 class=\"elementor-heading-title elementor-size-default\">Opera\u00e7\u00e3o \u201cGalo Da Madrugada\u201d: DPCo de Xanxer\u00ea cumpre mandados de busca e prende um homem em investiga\u00e7\u00e3o contra rinhas de galo<\/h2>\t\t\t\t<\/div>\n\t\t\t\t<\/div>\n\t\t\t\t\t<\/div>\n\t\t<\/div>\n\t\t\t\t\t<\/div>\n\t\t<\/section>\n\t\t\t\t<section class=\"elementor-section elementor-top-section elementor-element elementor-element-842c3df elementor-section-boxed elementor-section-height-default elementor-section-height-default\" data-id=\"842c3df\" data-element_type=\"section\">\n\t\t\t\t\t\t<div class=\"elementor-container elementor-column-gap-default\">\n\t\t\t\t\t<div class=\"elementor-column elementor-col-100 elementor-top-column elementor-element elementor-element-4a000e1\" data-id=\"4a000e1\" data-element_type=\"column\">\n\t\t\t<div class=\"elementor-widget-wrap elementor-element-populated\">\n\t\t\t\t\t\t<div class=\"elementor-element elementor-element-cefb4e7 elementor-widget elementor-widget-image\" data-id=\"cefb4e7\" data-element_type=\"widget\" data-widget_type=\"image.default\">\n\t\t\t\t<div class=\"elementor-widget-container\">\n\t\t\t\t\t\t\t\t\t\t\t\t\t\t\t<img fetchpriority=\"high\" decoding=\"async\" width=\"696\" height=\"455\" src=\"https:\/\/pc.sc.gov.br\/\/wp-content\/uploads\/2023\/11\/WhatsApp-Image-2023-11-23-at-15.17.44-fotor-20231123163056-1024x670.jpg\" class=\"attachment-large size-large wp-image-15423\" alt=\"\" srcset=\"https:\/\/pc.sc.gov.br\/\/wp-content\/uploads\/2023\/11\/WhatsApp-Image-2023-11-23-at-15.17.44-fotor-20231123163056-1024x670.jpg 1024w, https:\/\/pc.sc.gov.br\/\/wp-content\/uploads\/2023\/11\/WhatsApp-Image-2023-11-23-at-15.17.44-fotor-20231123163056-300x196.jpg 300w, https:\/\/pc.sc.gov.br\/\/wp-content\/uploads\/2023\/11\/WhatsApp-Image-2023-11-23-at-15.17.44-fotor-20231123163056-768x502.jpg 768w, https:\/\/pc.sc.gov.br\/\/wp-content\/uploads\/2023\/11\/WhatsApp-Image-2023-11-23-at-15.17.44-fotor-20231123163056.jpg 1026w\" sizes=\"(max-width: 696px) 100vw, 696px\" \/>\t\t\t\t\t\t\t\t\t\t\t\t\t\t\t<\/div>\n\t\t\t\t<\/div>\n\t\t\t\t\t<\/div>\n\t\t<\/div>\n\t\t\t\t\t<\/div>\n\t\t<\/section>\n\t\t\t\t<section class=\"elementor-section elementor-top-section elementor-element elementor-element-b3d6cc5 elementor-section-boxed elementor-section-height-default elementor-section-height-default\" data-id=\"b3d6cc5\" data-element_type=\"section\">\n\t\t\t\t\t\t<div class=\"elementor-container elementor-column-gap-default\">\n\t\t\t\t\t<div class=\"elementor-column elementor-col-100 elementor-top-column elementor-element elementor-element-2f4ed94\" data-id=\"2f4ed94\" data-element_type=\"column\">\n\t\t\t<div class=\"elementor-widget-wrap elementor-element-populated\">\n\t\t\t\t\t\t<div class=\"elementor-element elementor-element-0d89464 elementor-widget elementor-widget-text-editor\" data-id=\"0d89464\" data-element_type=\"widget\" data-widget_type=\"text-editor.default\">\n\t\t\t\t<div class=\"elementor-widget-container\">\n\t\t\t\t\t\t\t\t\t<p class=\"MsoNormal\">Na manh\u00e3 desta quinta-feira (23), a Pol\u00edcia Civil de Santa Catarina, por meio da Delegacia de Pol\u00edcia da Comarca de Xanxer\u00ea, coordenada pelo Delegado Elder Arruda Chaves, deflagrou opera\u00e7\u00e3o policial e cumpriu cinco mandados de busca e apreens\u00e3o e prendeu um homem, em flagrante, por posse irregular de arma de fogo.<\/p><p class=\"MsoNormal\">Em abril deste ano, a Pol\u00edcia Civil localizou uma \u201crinha\u201d de galo clandestina no munic\u00edpio de Xanxer\u00ea. Com as evid\u00eancias coletadas na \u00e9poca, o Setor de Investiga\u00e7\u00e3o da DPCo prosseguiu as investiga\u00e7\u00f5es que embasaram nova representa\u00e7\u00e3o da Autoridade Policial ao Poder Judici\u00e1rio, com o intuito de localizar armas de fogo e outros elementos de convic\u00e7\u00e3o relacionados ao crime de maus-tratos contra as aves.<\/p><p class=\"MsoNormal\">A opera\u00e7\u00e3o contou com o apoio de policiais civis da Divis\u00e3o de Investiga\u00e7\u00e3o Criminal e Delegacia de Prote\u00e7\u00e3o \u00e0 Mulher (DPCAMI) de Xanxer\u00ea, Delegacia do Munic\u00edpio de Bom Jesus, Delegacia da Comarca de Xaxim, N\u00facleo de Opera\u00e7\u00f5es com C\u00e3es da 16\u00ba DRP de Xanxer\u00ea, bem como da Delegacia de Furtos e Roubos de Chapec\u00f3 e Centro de Apoio Operacional de Combate aos Crimes Contra o Agroneg\u00f3cio \u2013 CAOAGRO, e os mandados foram cumpridos nos bairros Nossa Senhora de Lourdes, Leandro e Jo\u00e3o Winckler em Xanxer\u00ea, e tamb\u00e9m, na linha Pequena, interior de Chapec\u00f3.<\/p><p class=\"MsoNormal\">A Companhia Integrada de Desenvolvimento Agr\u00edcola de Santa Catarina (CIDASC) acompanhou os policiais civis procedendo com a fiscaliza\u00e7\u00e3o e controle dos animais localizados. Ao todo, foram encontrados 150 galos de briga e lavrados quatro termos circunstanciados pelos maus-tratos aos animais.<\/p><p>\u00a0<\/p><p class=\"MsoNormal\">Em Chapec\u00f3, al\u00e9m dos animais, foi apreendida uma arma de fogo, raz\u00e3o pela qual foi dado voz de pris\u00e3o a um homem pelo crime de posse irregular de arma de fogo de uso permitido. O investigado foi conduzido para a Central de Plant\u00e3o Policial de Chapec\u00f3 e posto em liberdade ap\u00f3s pagamento de fian\u00e7a.<\/p>\t\t\t\t\t\t\t\t<\/div>\n\t\t\t\t<\/div>\n\t\t\t\t\t<\/div>\n\t\t<\/div>\n\t\t\t\t\t<\/div>\n\t\t<\/section>\n\t\t\t\t<\/div>\n\t\t","protected":false},"excerpt":{"rendered":"<p>Opera\u00e7\u00e3o \u201cGalo Da Madrugada\u201d: DPCo de Xanxer\u00ea cumpre mandados de busca e prende um homem em investiga\u00e7\u00e3o contra rinhas de galo Na manh\u00e3 desta quinta-feira (23), a Pol\u00edcia Civil de Santa Catarina, por meio da Delegacia de Pol\u00edcia da Comarca de Xanxer\u00ea, coordenada pelo Delegado Elder Arruda Chaves, deflagrou opera\u00e7\u00e3o policial e cumpriu cinco mandados [&hellip;]<\/p>\n","protected":false},"author":5,"featured_media":15421,"comment_status":"closed","ping_status":"open","sticky":false,"template":"","format":"standard","meta":{"_monsterinsights_skip_tracking":false,"_monsterinsights_sitenote_active":false,"_monsterinsights_sitenote_note":"","_monsterinsights_sitenote_category":0,"footnotes":""},"categories":[1],"tags":[],"class_list":["post-15420","post","type-post","status-publish","format-standard","has-post-thumbnail","hentry","category-sem-categoria"],"_links":{"self":[{"href":"https:\/\/pc.sc.gov.br\/index.php?rest_route=\/wp\/v2\/posts\/15420","targetHints":{"allow":["GET"]}}],"collection":[{"href":"https:\/\/pc.sc.gov.br\/index.php?rest_route=\/wp\/v2\/posts"}],"about":[{"href":"https:\/\/pc.sc.gov.br\/index.php?rest_route=\/wp\/v2\/types\/post"}],"author":[{"embeddable":true,"href":"https:\/\/pc.sc.gov.br\/index.php?rest_route=\/wp\/v2\/users\/5"}],"replies":[{"embeddable":true,"href":"https:\/\/pc.sc.gov.br\/index.php?rest_route=%2Fwp%2Fv2%2Fcomments&post=15420"}],"version-history":[{"count":4,"href":"https:\/\/pc.sc.gov.br\/index.php?rest_route=\/wp\/v2\/posts\/15420\/revisions"}],"predecessor-version":[{"id":15426,"href":"https:\/\/pc.sc.gov.br\/index.php?rest_route=\/wp\/v2\/posts\/15420\/revisions\/15426"}],"wp:featuredmedia":[{"embeddable":true,"href":"https:\/\/pc.sc.gov.br\/index.php?rest_route=\/wp\/v2\/media\/15421"}],"wp:attachment":[{"href":"https:\/\/pc.sc.gov.br\/index.php?rest_route=%2Fwp%2Fv2%2Fmedia&parent=15420"}],"wp:term":[{"taxonomy":"category","embeddable":true,"href":"https:\/\/pc.sc.gov.br\/index.php?rest_route=%2Fwp%2Fv2%2Fcategories&post=15420"},{"taxonomy":"post_tag","embeddable":true,"href":"https:\/\/pc.sc.gov.br\/index.php?rest_route=%2Fwp%2Fv2%2Ftags&post=15420"}],"curies":[{"name":"wp","href":"https:\/\/api.w.org\/{rel}","templated":true}]}}