{"id":15427,"date":"2023-11-23T19:08:58","date_gmt":"2023-11-23T22:08:58","guid":{"rendered":"https:\/\/pc.sc.gov.br\/?p=15427"},"modified":"2023-11-23T19:10:55","modified_gmt":"2023-11-23T22:10:55","slug":"policia-civil-participa-da-operacao-minerva-que-reune-forcas-de-seguranca-para-combater-criminalidade-na-fronteira","status":"publish","type":"post","link":"https:\/\/pc.sc.gov.br\/?p=15427","title":{"rendered":"Pol\u00edcia Civil participa da Opera\u00e7\u00e3o Minerva que re\u00fane for\u00e7as de seguran\u00e7a para combater criminalidade na fronteira"},"content":{"rendered":"\t\t<div data-elementor-type=\"wp-post\" data-elementor-id=\"15427\" class=\"elementor elementor-15427\" data-elementor-post-type=\"post\">\n\t\t\t\t\t\t<section class=\"elementor-section elementor-top-section elementor-element elementor-element-5248760 elementor-section-boxed elementor-section-height-default elementor-section-height-default\" data-id=\"5248760\" data-element_type=\"section\">\n\t\t\t\t\t\t<div class=\"elementor-container elementor-column-gap-default\">\n\t\t\t\t\t<div class=\"elementor-column elementor-col-100 elementor-top-column elementor-element elementor-element-f463079\" data-id=\"f463079\" data-element_type=\"column\">\n\t\t\t<div class=\"elementor-widget-wrap elementor-element-populated\">\n\t\t\t\t\t\t<div class=\"elementor-element elementor-element-09335be elementor-widget elementor-widget-heading\" data-id=\"09335be\" data-element_type=\"widget\" data-widget_type=\"heading.default\">\n\t\t\t\t<div class=\"elementor-widget-container\">\n\t\t\t\t\t<h2 class=\"elementor-heading-title elementor-size-default\">Pol\u00edcia Civil participa da Opera\u00e7\u00e3o Minerva que re\u00fane for\u00e7as de seguran\u00e7a para combater criminalidade na fronteira<\/h2>\t\t\t\t<\/div>\n\t\t\t\t<\/div>\n\t\t\t\t\t<\/div>\n\t\t<\/div>\n\t\t\t\t\t<\/div>\n\t\t<\/section>\n\t\t\t\t<section class=\"elementor-section elementor-top-section elementor-element elementor-element-a802a49 elementor-section-boxed elementor-section-height-default elementor-section-height-default\" data-id=\"a802a49\" data-element_type=\"section\">\n\t\t\t\t\t\t<div class=\"elementor-container elementor-column-gap-default\">\n\t\t\t\t\t<div class=\"elementor-column elementor-col-100 elementor-top-column elementor-element elementor-element-d5a84b2\" data-id=\"d5a84b2\" data-element_type=\"column\">\n\t\t\t<div class=\"elementor-widget-wrap elementor-element-populated\">\n\t\t\t\t\t\t<div class=\"elementor-element elementor-element-ed5be0b elementor-widget elementor-widget-image\" data-id=\"ed5be0b\" data-element_type=\"widget\" data-widget_type=\"image.default\">\n\t\t\t\t<div class=\"elementor-widget-container\">\n\t\t\t\t\t\t\t\t\t\t\t\t\t\t\t<img fetchpriority=\"high\" decoding=\"async\" width=\"696\" height=\"583\" src=\"https:\/\/pc.sc.gov.br\/\/wp-content\/uploads\/2023\/11\/2ebaebdc-0f97-47cb-b573-45d5f1e76380-fotor-20231123181723.jpg\" class=\"attachment-large size-large wp-image-15428\" alt=\"\" srcset=\"https:\/\/pc.sc.gov.br\/\/wp-content\/uploads\/2023\/11\/2ebaebdc-0f97-47cb-b573-45d5f1e76380-fotor-20231123181723.jpg 854w, https:\/\/pc.sc.gov.br\/\/wp-content\/uploads\/2023\/11\/2ebaebdc-0f97-47cb-b573-45d5f1e76380-fotor-20231123181723-300x251.jpg 300w, https:\/\/pc.sc.gov.br\/\/wp-content\/uploads\/2023\/11\/2ebaebdc-0f97-47cb-b573-45d5f1e76380-fotor-20231123181723-768x643.jpg 768w\" sizes=\"(max-width: 696px) 100vw, 696px\" \/>\t\t\t\t\t\t\t\t\t\t\t\t\t\t\t<\/div>\n\t\t\t\t<\/div>\n\t\t\t\t\t<\/div>\n\t\t<\/div>\n\t\t\t\t\t<\/div>\n\t\t<\/section>\n\t\t\t\t<section class=\"elementor-section elementor-top-section elementor-element elementor-element-2db4332 elementor-section-boxed elementor-section-height-default elementor-section-height-default\" data-id=\"2db4332\" data-element_type=\"section\">\n\t\t\t\t\t\t<div class=\"elementor-container elementor-column-gap-default\">\n\t\t\t\t\t<div class=\"elementor-column elementor-col-100 elementor-top-column elementor-element elementor-element-64d6860\" data-id=\"64d6860\" data-element_type=\"column\">\n\t\t\t<div class=\"elementor-widget-wrap elementor-element-populated\">\n\t\t\t\t\t\t<div class=\"elementor-element elementor-element-d9cd909 elementor-widget elementor-widget-text-editor\" data-id=\"d9cd909\" data-element_type=\"widget\" data-widget_type=\"text-editor.default\">\n\t\t\t\t<div class=\"elementor-widget-container\">\n\t\t\t\t\t\t\t\t\t<p>A Policia Civil de Santa Catarina participou na quarta-feira (22), em Dion\u00edsio Cerqueira, da abertura da Opera\u00e7\u00e3o Minerva. A a\u00e7\u00e3o \u00e9 uma iniciativa estrat\u00e9gica e integrada voltada para o refor\u00e7o da seguran\u00e7a nas cidades fronteiri\u00e7as e divisas do Estado, com diversas institui\u00e7\u00f5es envolvidas.<\/p>\n<p>O nome &#8220;Minerva&#8221; foi escolhido pela associa\u00e7\u00e3o com a intelig\u00eancia t\u00e1tica e a coopera\u00e7\u00e3o estrat\u00e9gica, elementos fundamentais para alcan\u00e7ar o objetivo operacional, coibindo o tr\u00e1fico de drogas e demais delitos transfronteiri\u00e7os.&nbsp;<span style=\"font-family: var( --e-global-typography-text-font-family ), Sans-serif; font-size: var( --e-global-typography-text-font-size );\">A opera\u00e7\u00e3o visa integrar as for\u00e7as de Seguran\u00e7a dos Estados e da Argentina para combater a criminalidade e em defesa da sociedade.&nbsp; &nbsp; &nbsp; &nbsp; &nbsp; &nbsp;&nbsp;<\/span><\/p>\n<p>A opera\u00e7\u00e3o conta com a participa\u00e7\u00e3o das seguintes for\u00e7as de seguran\u00e7a: Pol\u00edcia Civil de Santa Catarina, Pol\u00edcia Militar de Santa Catarina, Brigada Militar do Rio Grande do Sul, Pol\u00edcia Militar do Paran\u00e1, Pol\u00edcia Federal, Pol\u00edcia Rodovi\u00e1ria Federal, Pol\u00edcia Civil do Paran\u00e1, Receita Federal, Cidasc e Policia da Argentina.&nbsp;<\/p>\n<p>As atividades da Pol\u00edcia Civil consistem em cumprimento de mandados judiciais, dilig\u00eancias investigativas e repressivas ao tr\u00e1fico de drogas e de armas.<\/p>\n<div>&nbsp;<\/div>\t\t\t\t\t\t\t\t<\/div>\n\t\t\t\t<\/div>\n\t\t\t\t\t<\/div>\n\t\t<\/div>\n\t\t\t\t\t<\/div>\n\t\t<\/section>\n\t\t\t\t<\/div>\n\t\t","protected":false},"excerpt":{"rendered":"<p>Pol\u00edcia Civil participa da Opera\u00e7\u00e3o Minerva que re\u00fane for\u00e7as de seguran\u00e7a para combater criminalidade na fronteira A Policia Civil de Santa Catarina participou na quarta-feira (22), em Dion\u00edsio Cerqueira, da abertura da Opera\u00e7\u00e3o Minerva. A a\u00e7\u00e3o \u00e9 uma iniciativa estrat\u00e9gica e integrada voltada para o refor\u00e7o da seguran\u00e7a nas cidades fronteiri\u00e7as e divisas do Estado, [&hellip;]<\/p>\n","protected":false},"author":5,"featured_media":15428,"comment_status":"closed","ping_status":"open","sticky":false,"template":"","format":"standard","meta":{"_monsterinsights_skip_tracking":false,"_monsterinsights_sitenote_active":false,"_monsterinsights_sitenote_note":"","_monsterinsights_sitenote_category":0,"footnotes":""},"categories":[1],"tags":[],"class_list":["post-15427","post","type-post","status-publish","format-standard","has-post-thumbnail","hentry","category-sem-categoria"],"_links":{"self":[{"href":"https:\/\/pc.sc.gov.br\/index.php?rest_route=\/wp\/v2\/posts\/15427","targetHints":{"allow":["GET"]}}],"collection":[{"href":"https:\/\/pc.sc.gov.br\/index.php?rest_route=\/wp\/v2\/posts"}],"about":[{"href":"https:\/\/pc.sc.gov.br\/index.php?rest_route=\/wp\/v2\/types\/post"}],"author":[{"embeddable":true,"href":"https:\/\/pc.sc.gov.br\/index.php?rest_route=\/wp\/v2\/users\/5"}],"replies":[{"embeddable":true,"href":"https:\/\/pc.sc.gov.br\/index.php?rest_route=%2Fwp%2Fv2%2Fcomments&post=15427"}],"version-history":[{"count":4,"href":"https:\/\/pc.sc.gov.br\/index.php?rest_route=\/wp\/v2\/posts\/15427\/revisions"}],"predecessor-version":[{"id":15432,"href":"https:\/\/pc.sc.gov.br\/index.php?rest_route=\/wp\/v2\/posts\/15427\/revisions\/15432"}],"wp:featuredmedia":[{"embeddable":true,"href":"https:\/\/pc.sc.gov.br\/index.php?rest_route=\/wp\/v2\/media\/15428"}],"wp:attachment":[{"href":"https:\/\/pc.sc.gov.br\/index.php?rest_route=%2Fwp%2Fv2%2Fmedia&parent=15427"}],"wp:term":[{"taxonomy":"category","embeddable":true,"href":"https:\/\/pc.sc.gov.br\/index.php?rest_route=%2Fwp%2Fv2%2Fcategories&post=15427"},{"taxonomy":"post_tag","embeddable":true,"href":"https:\/\/pc.sc.gov.br\/index.php?rest_route=%2Fwp%2Fv2%2Ftags&post=15427"}],"curies":[{"name":"wp","href":"https:\/\/api.w.org\/{rel}","templated":true}]}}