{"id":15434,"date":"2023-11-23T19:31:16","date_gmt":"2023-11-23T22:31:16","guid":{"rendered":"https:\/\/pc.sc.gov.br\/?p=15434"},"modified":"2023-11-23T19:34:19","modified_gmt":"2023-11-23T22:34:19","slug":"policia-civil-apresenta-mostra-as-cores-de-cada-vida-no-centro-administrativo-na-capital","status":"publish","type":"post","link":"https:\/\/pc.sc.gov.br\/?p=15434","title":{"rendered":"Pol\u00edcia Civil apresenta mostra As Cores de Cada Vida no Centro Administrativo, na Capital"},"content":{"rendered":"\t\t<div data-elementor-type=\"wp-post\" data-elementor-id=\"15434\" class=\"elementor elementor-15434\" data-elementor-post-type=\"post\">\n\t\t\t\t\t\t<section class=\"elementor-section elementor-top-section elementor-element elementor-element-b5e1357 elementor-section-boxed elementor-section-height-default elementor-section-height-default\" data-id=\"b5e1357\" data-element_type=\"section\">\n\t\t\t\t\t\t<div class=\"elementor-container elementor-column-gap-default\">\n\t\t\t\t\t<div class=\"elementor-column elementor-col-100 elementor-top-column elementor-element elementor-element-6f53d3e\" data-id=\"6f53d3e\" data-element_type=\"column\">\n\t\t\t<div class=\"elementor-widget-wrap elementor-element-populated\">\n\t\t\t\t\t\t<div class=\"elementor-element elementor-element-b276f53 elementor-widget elementor-widget-heading\" data-id=\"b276f53\" data-element_type=\"widget\" data-widget_type=\"heading.default\">\n\t\t\t\t<div class=\"elementor-widget-container\">\n\t\t\t\t\t<h2 class=\"elementor-heading-title elementor-size-default\">Pol\u00edcia Civil apresenta mostra As Cores de Cada Vida no Centro Administrativo, na Capital<\/h2>\t\t\t\t<\/div>\n\t\t\t\t<\/div>\n\t\t\t\t\t<\/div>\n\t\t<\/div>\n\t\t\t\t\t<\/div>\n\t\t<\/section>\n\t\t\t\t<section class=\"elementor-section elementor-top-section elementor-element elementor-element-71c5ef6 elementor-section-boxed elementor-section-height-default elementor-section-height-default\" data-id=\"71c5ef6\" data-element_type=\"section\">\n\t\t\t\t\t\t<div class=\"elementor-container elementor-column-gap-default\">\n\t\t\t\t\t<div class=\"elementor-column elementor-col-100 elementor-top-column elementor-element elementor-element-74a99ae\" data-id=\"74a99ae\" data-element_type=\"column\">\n\t\t\t<div class=\"elementor-widget-wrap elementor-element-populated\">\n\t\t\t\t\t\t<div class=\"elementor-element elementor-element-8555923 elementor-widget elementor-widget-image\" data-id=\"8555923\" data-element_type=\"widget\" data-widget_type=\"image.default\">\n\t\t\t\t<div class=\"elementor-widget-container\">\n\t\t\t\t\t\t\t\t\t\t\t\t\t\t\t<img fetchpriority=\"high\" decoding=\"async\" width=\"696\" height=\"377\" src=\"https:\/\/pc.sc.gov.br\/\/wp-content\/uploads\/2023\/11\/TODAS-AS-CORES-1024x554.jpg\" class=\"attachment-large size-large wp-image-15435\" alt=\"\" srcset=\"https:\/\/pc.sc.gov.br\/\/wp-content\/uploads\/2023\/11\/TODAS-AS-CORES-1024x554.jpg 1024w, https:\/\/pc.sc.gov.br\/\/wp-content\/uploads\/2023\/11\/TODAS-AS-CORES-300x162.jpg 300w, https:\/\/pc.sc.gov.br\/\/wp-content\/uploads\/2023\/11\/TODAS-AS-CORES-768x415.jpg 768w, https:\/\/pc.sc.gov.br\/\/wp-content\/uploads\/2023\/11\/TODAS-AS-CORES-1536x830.jpg 1536w, https:\/\/pc.sc.gov.br\/\/wp-content\/uploads\/2023\/11\/TODAS-AS-CORES-2048x1107.jpg 2048w\" sizes=\"(max-width: 696px) 100vw, 696px\" \/>\t\t\t\t\t\t\t\t\t\t\t\t\t\t\t<\/div>\n\t\t\t\t<\/div>\n\t\t\t\t\t<\/div>\n\t\t<\/div>\n\t\t\t\t\t<\/div>\n\t\t<\/section>\n\t\t\t\t<section class=\"elementor-section elementor-top-section elementor-element elementor-element-148785b elementor-section-boxed elementor-section-height-default elementor-section-height-default\" data-id=\"148785b\" data-element_type=\"section\">\n\t\t\t\t\t\t<div class=\"elementor-container elementor-column-gap-default\">\n\t\t\t\t\t<div class=\"elementor-column elementor-col-100 elementor-top-column elementor-element elementor-element-59d8539\" data-id=\"59d8539\" data-element_type=\"column\">\n\t\t\t<div class=\"elementor-widget-wrap elementor-element-populated\">\n\t\t\t\t\t\t<div class=\"elementor-element elementor-element-437d46c elementor-widget elementor-widget-text-editor\" data-id=\"437d46c\" data-element_type=\"widget\" data-widget_type=\"text-editor.default\">\n\t\t\t\t<div class=\"elementor-widget-container\">\n\t\t\t\t\t\t\t\t\t<p>A Pol\u00edcia Civil de Santa Catarina, por meio da Coordenadoria das Delegacias de Prote\u00e7\u00e3o \u00e0 Crian\u00e7a, ao Adolescente, \u00e0 Mulher e ao Idoso (DPCAMI) inaugurou nesta quinta-feira (23), no Centro do Centro Administrativo do Governo do Estado, a exposi\u00e7\u00e3o itinerante As Cores de Cada Vida. A abertura da mostra contou a presen\u00e7a da vice-governadora, delegada Marilisa Bohem, do delegado-geral adjunto, Nilson Luis de Oliveira C\u00e9zar e da Coordenadora das DPCAMIs, delegada Patr\u00edcia Zimmermann, da primeira-dama de Florian\u00f3polis, Beatriz Wolff Harger Silveira, da secret\u00e1ria-geral de Governo Danieli Porporatti, entre outras autoridades e convidados.<\/p>\n<p>A exposi\u00e7\u00e3o, que est\u00e1 no hall do Centro Administrativo at\u00e9 o dia 03 de dezembro, \u00e9 composta por telas com retratos estilizados de mulheres v\u00edtimas de feminic\u00eddio e de tentativa de feminic\u00eddio ocorridos nos munic\u00edpios de Tubar\u00e3o, Crici\u00fama, Ararangu\u00e1, Bra\u00e7o do Norte, I\u00e7ara e Laguna nos anos de 2012 a 2021.&nbsp;<\/p>\n<p>Para a vice-governadora, que tamb\u00e9m \u00e9 delegada aposentada e tem larga experi\u00eancia no combate \u00e0 viol\u00eancia dom\u00e9stica, a mostra promove uma reflex\u00e3o sobre o tema. \u201cAs pessoas da comunidade v\u00e3o ver, atrav\u00e9s dessa arte, quantas mulheres perderam a vida tentando resgatar os seus relacionamentos\u201d, destacou. A vice-governadora tamb\u00e9m parabenizou todos os policiais civis que se engajaram para viabilizar a mostra As Cores de Cada Vida e a institui\u00e7\u00e3o Pol\u00edcia Civil. \u201cEu e o governador Jorginho estamos muito felizes com o trabalho que a PCSC vem desenvolvendo. Precisamos combater todas as formas de viol\u00eancia\u201d, assinalou.<\/p>\n<p>O delegado-geral adjunto, Nilson Luis de Oliveira C\u00e9zar, assinalou que a exposi\u00e7\u00e3o \u00e9 mais uma a\u00e7\u00e3o da PCSC em defesa das mulheres. Coordenadora das DPCAMIs, a delegada Patr\u00edcia Zimmermann, refor\u00e7ou que a Pol\u00edcia Civil est\u00e1 mobilizada no combate \u00e0 viol\u00eancia e na prote\u00e7\u00e3o \u00e0s mulheres. \u201cAtuamos tanto na responsabiliza\u00e7\u00e3o criminal, como na preven\u00e7\u00e3o com a\u00e7\u00f5es que buscam conscientizar a mulher dos seus direitos e das possibilidades de retomar a sua vida\u201d, assinalou.<\/p>\n<p>Os quadros que est\u00e3o expostas foram criados por artistas catarinenses que, com grande sensibilidade produziram telas que homenageiam as v\u00edtimas, mas tamb\u00e9m refor\u00e7am a import\u00e2ncia do debate, do enfrentamento e da preven\u00e7\u00e3o da viol\u00eancia contra mulher.<\/p>\n<p>Os artistas que integram a mostra As Cores de Cada Vida s\u00e3o Abra\u00e3o Scotti; Albertina Prates; Ana Mendes Sim\u00f5es; Carlos Andr\u00e9 Oliveira; Dudu Rodrigues; Eliza Mackay; Juliano Ferreira; Lica Comin; Luis Fernando Siqueira; Nadya Becker; Rayssa Beatriz Bussolo; Simoni Coelho e Sonia Alves.<\/p>\n<p><span style=\"font-family: var( --e-global-typography-text-font-family ), Sans-serif; font-size: var( --e-global-typography-text-font-size ); font-weight: var( --e-global-typography-text-font-weight );\">PC Por Elas<\/span><\/p>\n<p>Iniciativa do programa \u201cPC por elas\u201d da Pol\u00edcia Civil de Santa Catarina, a As Cores de Cada Vida conta com o apoio do Observat\u00f3rio da Viol\u00eancia contra a Mulher (OVM\/SC), entre outras entidades p\u00fablicas e privadas.&nbsp;<\/p>\n<p><span style=\"font-family: var( --e-global-typography-text-font-family ), Sans-serif; font-size: var( --e-global-typography-text-font-size );\">Cr\u00e9dito da foto: Richard Casas\/GVG<\/span><\/p>\t\t\t\t\t\t\t\t<\/div>\n\t\t\t\t<\/div>\n\t\t\t\t\t<\/div>\n\t\t<\/div>\n\t\t\t\t\t<\/div>\n\t\t<\/section>\n\t\t\t\t<\/div>\n\t\t","protected":false},"excerpt":{"rendered":"<p>Pol\u00edcia Civil apresenta mostra As Cores de Cada Vida no Centro Administrativo, na Capital A Pol\u00edcia Civil de Santa Catarina, por meio da Coordenadoria das Delegacias de Prote\u00e7\u00e3o \u00e0 Crian\u00e7a, ao Adolescente, \u00e0 Mulher e ao Idoso (DPCAMI) inaugurou nesta quinta-feira (23), no Centro do Centro Administrativo do Governo do Estado, a exposi\u00e7\u00e3o itinerante As [&hellip;]<\/p>\n","protected":false},"author":5,"featured_media":15435,"comment_status":"closed","ping_status":"open","sticky":false,"template":"","format":"standard","meta":{"_monsterinsights_skip_tracking":false,"_monsterinsights_sitenote_active":false,"_monsterinsights_sitenote_note":"","_monsterinsights_sitenote_category":0,"footnotes":""},"categories":[1],"tags":[],"class_list":["post-15434","post","type-post","status-publish","format-standard","has-post-thumbnail","hentry","category-sem-categoria"],"_links":{"self":[{"href":"https:\/\/pc.sc.gov.br\/index.php?rest_route=\/wp\/v2\/posts\/15434","targetHints":{"allow":["GET"]}}],"collection":[{"href":"https:\/\/pc.sc.gov.br\/index.php?rest_route=\/wp\/v2\/posts"}],"about":[{"href":"https:\/\/pc.sc.gov.br\/index.php?rest_route=\/wp\/v2\/types\/post"}],"author":[{"embeddable":true,"href":"https:\/\/pc.sc.gov.br\/index.php?rest_route=\/wp\/v2\/users\/5"}],"replies":[{"embeddable":true,"href":"https:\/\/pc.sc.gov.br\/index.php?rest_route=%2Fwp%2Fv2%2Fcomments&post=15434"}],"version-history":[{"count":6,"href":"https:\/\/pc.sc.gov.br\/index.php?rest_route=\/wp\/v2\/posts\/15434\/revisions"}],"predecessor-version":[{"id":15441,"href":"https:\/\/pc.sc.gov.br\/index.php?rest_route=\/wp\/v2\/posts\/15434\/revisions\/15441"}],"wp:featuredmedia":[{"embeddable":true,"href":"https:\/\/pc.sc.gov.br\/index.php?rest_route=\/wp\/v2\/media\/15435"}],"wp:attachment":[{"href":"https:\/\/pc.sc.gov.br\/index.php?rest_route=%2Fwp%2Fv2%2Fmedia&parent=15434"}],"wp:term":[{"taxonomy":"category","embeddable":true,"href":"https:\/\/pc.sc.gov.br\/index.php?rest_route=%2Fwp%2Fv2%2Fcategories&post=15434"},{"taxonomy":"post_tag","embeddable":true,"href":"https:\/\/pc.sc.gov.br\/index.php?rest_route=%2Fwp%2Fv2%2Ftags&post=15434"}],"curies":[{"name":"wp","href":"https:\/\/api.w.org\/{rel}","templated":true}]}}