{"id":15443,"date":"2023-11-24T13:25:45","date_gmt":"2023-11-24T16:25:45","guid":{"rendered":"https:\/\/pc.sc.gov.br\/?p=15443"},"modified":"2023-11-24T13:27:20","modified_gmt":"2023-11-24T16:27:20","slug":"policia-civil-deflagra-operacao-carandiru-e-prende-duas-pessoas-por-trafico-de-drogas-na-capital","status":"publish","type":"post","link":"https:\/\/pc.sc.gov.br\/?p=15443","title":{"rendered":"Pol\u00edcia Civil deflagra opera\u00e7\u00e3o \u201cCarandiru&#8221; e prende duas pessoas por tr\u00e1fico de drogas na Capital"},"content":{"rendered":"\t\t<div data-elementor-type=\"wp-post\" data-elementor-id=\"15443\" class=\"elementor elementor-15443\" data-elementor-post-type=\"post\">\n\t\t\t\t\t\t<section class=\"elementor-section elementor-top-section elementor-element elementor-element-2afd9e9 elementor-section-boxed elementor-section-height-default elementor-section-height-default\" data-id=\"2afd9e9\" data-element_type=\"section\">\n\t\t\t\t\t\t<div class=\"elementor-container elementor-column-gap-default\">\n\t\t\t\t\t<div class=\"elementor-column elementor-col-100 elementor-top-column elementor-element elementor-element-e8cc57d\" data-id=\"e8cc57d\" data-element_type=\"column\">\n\t\t\t<div class=\"elementor-widget-wrap elementor-element-populated\">\n\t\t\t\t\t\t<div class=\"elementor-element elementor-element-4e95581 elementor-widget elementor-widget-heading\" data-id=\"4e95581\" data-element_type=\"widget\" data-widget_type=\"heading.default\">\n\t\t\t\t<div class=\"elementor-widget-container\">\n\t\t\t\t\t<h2 class=\"elementor-heading-title elementor-size-default\">Pol\u00edcia Civil deflagra opera\u00e7\u00e3o \u201cCarandiru\" e prende duas pessoas por tr\u00e1fico de drogas na Capital<\/h2>\t\t\t\t<\/div>\n\t\t\t\t<\/div>\n\t\t\t\t\t<\/div>\n\t\t<\/div>\n\t\t\t\t\t<\/div>\n\t\t<\/section>\n\t\t\t\t<section class=\"elementor-section elementor-top-section elementor-element elementor-element-f70e434 elementor-section-boxed elementor-section-height-default elementor-section-height-default\" data-id=\"f70e434\" data-element_type=\"section\">\n\t\t\t\t\t\t<div class=\"elementor-container elementor-column-gap-default\">\n\t\t\t\t\t<div class=\"elementor-column elementor-col-100 elementor-top-column elementor-element elementor-element-6420011\" data-id=\"6420011\" data-element_type=\"column\">\n\t\t\t<div class=\"elementor-widget-wrap elementor-element-populated\">\n\t\t\t\t\t\t<div class=\"elementor-element elementor-element-861b223 elementor-widget elementor-widget-image\" data-id=\"861b223\" data-element_type=\"widget\" data-widget_type=\"image.default\">\n\t\t\t\t<div class=\"elementor-widget-container\">\n\t\t\t\t\t\t\t\t\t\t\t\t\t\t\t<img fetchpriority=\"high\" decoding=\"async\" width=\"696\" height=\"392\" src=\"https:\/\/pc.sc.gov.br\/\/wp-content\/uploads\/2023\/11\/WhatsApp-Image-2023-11-24-at-09.54.23-1024x576.jpeg\" class=\"attachment-large size-large wp-image-15444\" alt=\"\" srcset=\"https:\/\/pc.sc.gov.br\/\/wp-content\/uploads\/2023\/11\/WhatsApp-Image-2023-11-24-at-09.54.23-1024x576.jpeg 1024w, https:\/\/pc.sc.gov.br\/\/wp-content\/uploads\/2023\/11\/WhatsApp-Image-2023-11-24-at-09.54.23-300x169.jpeg 300w, https:\/\/pc.sc.gov.br\/\/wp-content\/uploads\/2023\/11\/WhatsApp-Image-2023-11-24-at-09.54.23-768x432.jpeg 768w, https:\/\/pc.sc.gov.br\/\/wp-content\/uploads\/2023\/11\/WhatsApp-Image-2023-11-24-at-09.54.23-1536x864.jpeg 1536w, https:\/\/pc.sc.gov.br\/\/wp-content\/uploads\/2023\/11\/WhatsApp-Image-2023-11-24-at-09.54.23.jpeg 1600w\" sizes=\"(max-width: 696px) 100vw, 696px\" \/>\t\t\t\t\t\t\t\t\t\t\t\t\t\t\t<\/div>\n\t\t\t\t<\/div>\n\t\t\t\t\t<\/div>\n\t\t<\/div>\n\t\t\t\t\t<\/div>\n\t\t<\/section>\n\t\t\t\t<section class=\"elementor-section elementor-top-section elementor-element elementor-element-3da6450 elementor-section-boxed elementor-section-height-default elementor-section-height-default\" data-id=\"3da6450\" data-element_type=\"section\">\n\t\t\t\t\t\t<div class=\"elementor-container elementor-column-gap-default\">\n\t\t\t\t\t<div class=\"elementor-column elementor-col-100 elementor-top-column elementor-element elementor-element-851c7f2\" data-id=\"851c7f2\" data-element_type=\"column\">\n\t\t\t<div class=\"elementor-widget-wrap elementor-element-populated\">\n\t\t\t\t\t\t<div class=\"elementor-element elementor-element-b356f14 elementor-widget elementor-widget-text-editor\" data-id=\"b356f14\" data-element_type=\"widget\" data-widget_type=\"text-editor.default\">\n\t\t\t\t<div class=\"elementor-widget-container\">\n\t\t\t\t\t\t\t\t\t<p>Nesta sexta-feira (24), a Pol\u00edcia Civil de Santa Catarina, por meio da Delegacia de Combate \u00e0s Drogas do Departamento de Investiga\u00e7\u00f5es Criminais da Capital (DECOD\/DIC), deflagrou a opera\u00e7\u00e3o \u201cCarandiru&#8221;, em repress\u00e3o ao tr\u00e1fico de drogas.<br><span style=\"font-family: var( --e-global-typography-primary-font-family ), Sans-serif; font-size: var( --e-global-typography-primary-font-size ); font-weight: var( --e-global-typography-primary-font-weight ); letter-spacing: var( --e-global-typography-primary-letter-spacing );\"><br>O nome da opera\u00e7\u00e3o foi inspirado pela localiza\u00e7\u00e3o central das atividades de tr\u00e1fico, um local conhecido como Carandiru, destacado por sua arquitetura \u00fanica dentro da comunidade Chico Mendes, na \u00e1rea continental de Florian\u00f3polis. Esta regi\u00e3o se tornou ponto de consumo de drogas ao ar livre.<\/span><br><\/p><p>Ap\u00f3s investiga\u00e7\u00e3o de meses, a equipe especializada identificou oito lideran\u00e7as deste esquema. Com a autoriza\u00e7\u00e3o do Poder Judici\u00e1rio, foram expedidos mandados de busca e de pris\u00e3o, que resultaram em opera\u00e7\u00f5es nas cidades de Florian\u00f3polis e Palho\u00e7a.<br><br>At\u00e9 o momento, dois suspeitos foram detidos e as buscas pelos demais envolvidos continuam. Durante as a\u00e7\u00f5es, a Pol\u00edcia Civil tamb\u00e9m apreendeu v\u00e1rias por\u00e7\u00f5es de drogas j\u00e1 fracionadas e embaladas para venda.<br><br>Esta opera\u00e7\u00e3o contou com o apoio das equipes do Departamento de Investiga\u00e7\u00e3o Criminal de Florian\u00f3polis, al\u00e9m das Divis\u00f5es de Investiga\u00e7\u00e3o Criminal de Palho\u00e7a e S\u00e3o Jos\u00e9 e da Coordenadoria de Opera\u00e7\u00f5es Policiais com C\u00e3es.<\/p>\t\t\t\t\t\t\t\t<\/div>\n\t\t\t\t<\/div>\n\t\t\t\t\t<\/div>\n\t\t<\/div>\n\t\t\t\t\t<\/div>\n\t\t<\/section>\n\t\t\t\t<section class=\"elementor-section elementor-top-section elementor-element elementor-element-4559b6d elementor-section-boxed elementor-section-height-default elementor-section-height-default\" data-id=\"4559b6d\" data-element_type=\"section\">\n\t\t\t\t\t\t<div class=\"elementor-container elementor-column-gap-default\">\n\t\t\t\t\t<div class=\"elementor-column elementor-col-100 elementor-top-column elementor-element elementor-element-8319dab\" data-id=\"8319dab\" data-element_type=\"column\">\n\t\t\t<div class=\"elementor-widget-wrap elementor-element-populated\">\n\t\t\t\t\t\t<div class=\"elementor-element elementor-element-81de2d6 elementor-widget elementor-widget-image\" data-id=\"81de2d6\" data-element_type=\"widget\" data-widget_type=\"image.default\">\n\t\t\t\t<div class=\"elementor-widget-container\">\n\t\t\t\t\t\t\t\t\t\t\t\t\t\t\t<img decoding=\"async\" width=\"696\" height=\"392\" src=\"https:\/\/pc.sc.gov.br\/\/wp-content\/uploads\/2023\/11\/WhatsApp-Image-2023-11-24-at-09.54.23-1-1024x576.jpeg\" class=\"attachment-large size-large wp-image-15446\" alt=\"\" srcset=\"https:\/\/pc.sc.gov.br\/\/wp-content\/uploads\/2023\/11\/WhatsApp-Image-2023-11-24-at-09.54.23-1-1024x576.jpeg 1024w, https:\/\/pc.sc.gov.br\/\/wp-content\/uploads\/2023\/11\/WhatsApp-Image-2023-11-24-at-09.54.23-1-300x169.jpeg 300w, https:\/\/pc.sc.gov.br\/\/wp-content\/uploads\/2023\/11\/WhatsApp-Image-2023-11-24-at-09.54.23-1-768x432.jpeg 768w, https:\/\/pc.sc.gov.br\/\/wp-content\/uploads\/2023\/11\/WhatsApp-Image-2023-11-24-at-09.54.23-1-1536x864.jpeg 1536w, https:\/\/pc.sc.gov.br\/\/wp-content\/uploads\/2023\/11\/WhatsApp-Image-2023-11-24-at-09.54.23-1.jpeg 1600w\" sizes=\"(max-width: 696px) 100vw, 696px\" \/>\t\t\t\t\t\t\t\t\t\t\t\t\t\t\t<\/div>\n\t\t\t\t<\/div>\n\t\t\t\t\t<\/div>\n\t\t<\/div>\n\t\t\t\t\t<\/div>\n\t\t<\/section>\n\t\t\t\t<\/div>\n\t\t","protected":false},"excerpt":{"rendered":"<p>Pol\u00edcia Civil deflagra opera\u00e7\u00e3o \u201cCarandiru&#8221; e prende duas pessoas por tr\u00e1fico de drogas na Capital Nesta sexta-feira (24), a Pol\u00edcia Civil de Santa Catarina, por meio da Delegacia de Combate \u00e0s Drogas do Departamento de Investiga\u00e7\u00f5es Criminais da Capital (DECOD\/DIC), deflagrou a opera\u00e7\u00e3o \u201cCarandiru&#8221;, em repress\u00e3o ao tr\u00e1fico de drogas. O nome da opera\u00e7\u00e3o foi [&hellip;]<\/p>\n","protected":false},"author":5,"featured_media":15444,"comment_status":"closed","ping_status":"open","sticky":false,"template":"","format":"standard","meta":{"_monsterinsights_skip_tracking":false,"_monsterinsights_sitenote_active":false,"_monsterinsights_sitenote_note":"","_monsterinsights_sitenote_category":0,"footnotes":""},"categories":[1],"tags":[],"class_list":["post-15443","post","type-post","status-publish","format-standard","has-post-thumbnail","hentry","category-sem-categoria"],"_links":{"self":[{"href":"https:\/\/pc.sc.gov.br\/index.php?rest_route=\/wp\/v2\/posts\/15443","targetHints":{"allow":["GET"]}}],"collection":[{"href":"https:\/\/pc.sc.gov.br\/index.php?rest_route=\/wp\/v2\/posts"}],"about":[{"href":"https:\/\/pc.sc.gov.br\/index.php?rest_route=\/wp\/v2\/types\/post"}],"author":[{"embeddable":true,"href":"https:\/\/pc.sc.gov.br\/index.php?rest_route=\/wp\/v2\/users\/5"}],"replies":[{"embeddable":true,"href":"https:\/\/pc.sc.gov.br\/index.php?rest_route=%2Fwp%2Fv2%2Fcomments&post=15443"}],"version-history":[{"count":4,"href":"https:\/\/pc.sc.gov.br\/index.php?rest_route=\/wp\/v2\/posts\/15443\/revisions"}],"predecessor-version":[{"id":15449,"href":"https:\/\/pc.sc.gov.br\/index.php?rest_route=\/wp\/v2\/posts\/15443\/revisions\/15449"}],"wp:featuredmedia":[{"embeddable":true,"href":"https:\/\/pc.sc.gov.br\/index.php?rest_route=\/wp\/v2\/media\/15444"}],"wp:attachment":[{"href":"https:\/\/pc.sc.gov.br\/index.php?rest_route=%2Fwp%2Fv2%2Fmedia&parent=15443"}],"wp:term":[{"taxonomy":"category","embeddable":true,"href":"https:\/\/pc.sc.gov.br\/index.php?rest_route=%2Fwp%2Fv2%2Fcategories&post=15443"},{"taxonomy":"post_tag","embeddable":true,"href":"https:\/\/pc.sc.gov.br\/index.php?rest_route=%2Fwp%2Fv2%2Ftags&post=15443"}],"curies":[{"name":"wp","href":"https:\/\/api.w.org\/{rel}","templated":true}]}}