{"id":15450,"date":"2023-11-24T14:11:54","date_gmt":"2023-11-24T17:11:54","guid":{"rendered":"https:\/\/pc.sc.gov.br\/?p=15450"},"modified":"2023-11-24T14:43:31","modified_gmt":"2023-11-24T17:43:31","slug":"policiais-da-delegacia-de-furtos-e-roubos-de-cargas-da-deic-participam-do-7o-forum-cnt-de-debates-em-brasilia","status":"publish","type":"post","link":"https:\/\/pc.sc.gov.br\/?p=15450","title":{"rendered":"Policiais da Delegacia de Furtos e Roubos de Cargas da DEIC participam do 7\u00ba F\u00f3rum CNT de Debates em Bras\u00edlia"},"content":{"rendered":"\t\t<div data-elementor-type=\"wp-post\" data-elementor-id=\"15450\" class=\"elementor elementor-15450\" data-elementor-post-type=\"post\">\n\t\t\t\t\t\t<section class=\"elementor-section elementor-top-section elementor-element elementor-element-6832afd elementor-section-boxed elementor-section-height-default elementor-section-height-default\" data-id=\"6832afd\" data-element_type=\"section\">\n\t\t\t\t\t\t<div class=\"elementor-container elementor-column-gap-default\">\n\t\t\t\t\t<div class=\"elementor-column elementor-col-100 elementor-top-column elementor-element elementor-element-7c6bc06\" data-id=\"7c6bc06\" data-element_type=\"column\">\n\t\t\t<div class=\"elementor-widget-wrap elementor-element-populated\">\n\t\t\t\t\t\t<div class=\"elementor-element elementor-element-4ee6f4e elementor-widget elementor-widget-heading\" data-id=\"4ee6f4e\" data-element_type=\"widget\" data-widget_type=\"heading.default\">\n\t\t\t\t<div class=\"elementor-widget-container\">\n\t\t\t\t\t<h2 class=\"elementor-heading-title elementor-size-default\">Policiais da Delegacia de Furtos e Roubos de Cargas da DEIC participam do 7\u00ba F\u00f3rum CNT de Debates em Bras\u00edlia<\/h2>\t\t\t\t<\/div>\n\t\t\t\t<\/div>\n\t\t\t\t\t<\/div>\n\t\t<\/div>\n\t\t\t\t\t<\/div>\n\t\t<\/section>\n\t\t\t\t<section class=\"elementor-section elementor-top-section elementor-element elementor-element-f4b621d elementor-section-boxed elementor-section-height-default elementor-section-height-default\" data-id=\"f4b621d\" data-element_type=\"section\">\n\t\t\t\t\t\t<div class=\"elementor-container elementor-column-gap-default\">\n\t\t\t\t\t<div class=\"elementor-column elementor-col-100 elementor-top-column elementor-element elementor-element-4ffee3d\" data-id=\"4ffee3d\" data-element_type=\"column\">\n\t\t\t<div class=\"elementor-widget-wrap elementor-element-populated\">\n\t\t\t\t\t\t<div class=\"elementor-element elementor-element-43b5fff elementor-widget elementor-widget-image\" data-id=\"43b5fff\" data-element_type=\"widget\" data-widget_type=\"image.default\">\n\t\t\t\t<div class=\"elementor-widget-container\">\n\t\t\t\t\t\t\t\t\t\t\t\t\t\t\t<img fetchpriority=\"high\" decoding=\"async\" width=\"696\" height=\"307\" src=\"https:\/\/pc.sc.gov.br\/\/wp-content\/uploads\/2023\/11\/WhatsApp-Image-2023-11-23-at-08.57.57-e1700845909736-1024x452.jpeg\" class=\"attachment-large size-large wp-image-15451\" alt=\"\" srcset=\"https:\/\/pc.sc.gov.br\/\/wp-content\/uploads\/2023\/11\/WhatsApp-Image-2023-11-23-at-08.57.57-e1700845909736-1024x452.jpeg 1024w, https:\/\/pc.sc.gov.br\/\/wp-content\/uploads\/2023\/11\/WhatsApp-Image-2023-11-23-at-08.57.57-e1700845909736-300x132.jpeg 300w, https:\/\/pc.sc.gov.br\/\/wp-content\/uploads\/2023\/11\/WhatsApp-Image-2023-11-23-at-08.57.57-e1700845909736-768x339.jpeg 768w, https:\/\/pc.sc.gov.br\/\/wp-content\/uploads\/2023\/11\/WhatsApp-Image-2023-11-23-at-08.57.57-e1700845909736.jpeg 1063w\" sizes=\"(max-width: 696px) 100vw, 696px\" \/>\t\t\t\t\t\t\t\t\t\t\t\t\t\t\t<\/div>\n\t\t\t\t<\/div>\n\t\t\t\t\t<\/div>\n\t\t<\/div>\n\t\t\t\t\t<\/div>\n\t\t<\/section>\n\t\t\t\t<section class=\"elementor-section elementor-top-section elementor-element elementor-element-ee392e8 elementor-section-boxed elementor-section-height-default elementor-section-height-default\" data-id=\"ee392e8\" data-element_type=\"section\">\n\t\t\t\t\t\t<div class=\"elementor-container elementor-column-gap-default\">\n\t\t\t\t\t<div class=\"elementor-column elementor-col-100 elementor-top-column elementor-element elementor-element-9c5660a\" data-id=\"9c5660a\" data-element_type=\"column\">\n\t\t\t<div class=\"elementor-widget-wrap elementor-element-populated\">\n\t\t\t\t\t\t<div class=\"elementor-element elementor-element-211df4e elementor-widget elementor-widget-text-editor\" data-id=\"211df4e\" data-element_type=\"widget\" data-widget_type=\"text-editor.default\">\n\t\t\t\t<div class=\"elementor-widget-container\">\n\t\t\t\t\t\t\t\t\t<p>Na quarta-feira (22), a Pol\u00edcia Civil de Santa Catarina, por meio da Delegacia de Furtos e Roubos de Cargas da Diretoria Estadual de Investiga\u00e7\u00f5es Criminais, participou do 7\u00ba F\u00f3rum CNT de Debates em Bras\u00edlia. <br \/>O evento foi promovido pela Confedera\u00e7\u00e3o Nacional do Transporte (CNT) em parceria com a Organiza\u00e7\u00e3o dos Estados Ibero-americanos \u2013 OEI (Organiza\u00e7\u00e3o Internacional composta das na\u00e7\u00f5es da Pen\u00ednsula Ib\u00e9rica e Am\u00e9rica Latina).<br \/>O F\u00f3rum CNT de Debates visa promover a interlocu\u00e7\u00e3o entre especialistas e institui\u00e7\u00f5es nacionais e da regi\u00e3o da Am\u00e9rica do Sul. Os nomes dos participantes foram sugeridos pelo Minist\u00e9rio da Justi\u00e7a e da Seguran\u00e7a P\u00fablica. <br \/>Entre os nomes est\u00e3o o Delegado Osnei Valdir de Oliveira e o da agente de Pol\u00edcia Mylena Gomes Esp\u00edndola, ambos lotados na Delegacia de Furtos e Roubos de Cargas da DEIC. <br \/>Al\u00e9m da reuni\u00e3o restrita, os policiais civis catarinenses participaram do evento com palestras do Ministro da Justi\u00e7a e Seguran\u00e7a P\u00fablica, Fl\u00e1vio Dino; do Secret\u00e1rio Nacional de Seguran\u00e7a, Tadeu Alencar; do Presidente da CNT, Vander Costa; e do Diretor da OEI no Brasil, Leonardo Barchini. A iniciativa atende aos objetivos do Acordo de Coopera\u00e7\u00e3o T\u00e9cnica n\u00ba 10\/2022, celebrado entre o Minist\u00e9rio da Justi\u00e7a e Seguran\u00e7a P\u00fablica e o Sistema transporte. <br \/>A Delegacia de Furtos e Roubos de Cargas da DEIC busca interlocu\u00e7\u00e3o com setores p\u00fablicose privados nacionais e internacionais, qualificando sua atua\u00e7\u00e3o para o enfrentamento ao Combate ao Furto e Roubo de Cargas. A Pol\u00edcia Civil de Santa Catarina reafirma seu compromisso em manter as Estradas de Santa Catarina territ\u00f3rio seguro para o setor do Transporte Rodovi\u00e1rio de Cargas.<\/p>\t\t\t\t\t\t\t\t<\/div>\n\t\t\t\t<\/div>\n\t\t\t\t\t<\/div>\n\t\t<\/div>\n\t\t\t\t\t<\/div>\n\t\t<\/section>\n\t\t\t\t<\/div>\n\t\t","protected":false},"excerpt":{"rendered":"<p>Policiais da Delegacia de Furtos e Roubos de Cargas da DEIC participam do 7\u00ba F\u00f3rum CNT de Debates em Bras\u00edlia Na quarta-feira (22), a Pol\u00edcia Civil de Santa Catarina, por meio da Delegacia de Furtos e Roubos de Cargas da Diretoria Estadual de Investiga\u00e7\u00f5es Criminais, participou do 7\u00ba F\u00f3rum CNT de Debates em Bras\u00edlia. O [&hellip;]<\/p>\n","protected":false},"author":5,"featured_media":15451,"comment_status":"closed","ping_status":"open","sticky":false,"template":"","format":"standard","meta":{"_monsterinsights_skip_tracking":false,"_monsterinsights_sitenote_active":false,"_monsterinsights_sitenote_note":"","_monsterinsights_sitenote_category":0,"footnotes":""},"categories":[1],"tags":[],"class_list":["post-15450","post","type-post","status-publish","format-standard","has-post-thumbnail","hentry","category-sem-categoria"],"_links":{"self":[{"href":"https:\/\/pc.sc.gov.br\/index.php?rest_route=\/wp\/v2\/posts\/15450","targetHints":{"allow":["GET"]}}],"collection":[{"href":"https:\/\/pc.sc.gov.br\/index.php?rest_route=\/wp\/v2\/posts"}],"about":[{"href":"https:\/\/pc.sc.gov.br\/index.php?rest_route=\/wp\/v2\/types\/post"}],"author":[{"embeddable":true,"href":"https:\/\/pc.sc.gov.br\/index.php?rest_route=\/wp\/v2\/users\/5"}],"replies":[{"embeddable":true,"href":"https:\/\/pc.sc.gov.br\/index.php?rest_route=%2Fwp%2Fv2%2Fcomments&post=15450"}],"version-history":[{"count":4,"href":"https:\/\/pc.sc.gov.br\/index.php?rest_route=\/wp\/v2\/posts\/15450\/revisions"}],"predecessor-version":[{"id":15455,"href":"https:\/\/pc.sc.gov.br\/index.php?rest_route=\/wp\/v2\/posts\/15450\/revisions\/15455"}],"wp:featuredmedia":[{"embeddable":true,"href":"https:\/\/pc.sc.gov.br\/index.php?rest_route=\/wp\/v2\/media\/15451"}],"wp:attachment":[{"href":"https:\/\/pc.sc.gov.br\/index.php?rest_route=%2Fwp%2Fv2%2Fmedia&parent=15450"}],"wp:term":[{"taxonomy":"category","embeddable":true,"href":"https:\/\/pc.sc.gov.br\/index.php?rest_route=%2Fwp%2Fv2%2Fcategories&post=15450"},{"taxonomy":"post_tag","embeddable":true,"href":"https:\/\/pc.sc.gov.br\/index.php?rest_route=%2Fwp%2Fv2%2Ftags&post=15450"}],"curies":[{"name":"wp","href":"https:\/\/api.w.org\/{rel}","templated":true}]}}