{"id":15464,"date":"2023-11-24T15:20:32","date_gmt":"2023-11-24T18:20:32","guid":{"rendered":"https:\/\/pc.sc.gov.br\/?p=15464"},"modified":"2023-11-24T15:28:56","modified_gmt":"2023-11-24T18:28:56","slug":"policia-civil-deflagra-2a-fase-da-operacao-onda-de-choque","status":"publish","type":"post","link":"https:\/\/pc.sc.gov.br\/?p=15464","title":{"rendered":"Pol\u00edcia Civil deflagra 2\u00aa fase da opera\u00e7\u00e3o \u201cOnda de Choque\u201d"},"content":{"rendered":"\t\t<div data-elementor-type=\"wp-post\" data-elementor-id=\"15464\" class=\"elementor elementor-15464\" data-elementor-post-type=\"post\">\n\t\t\t\t\t\t<section class=\"elementor-section elementor-top-section elementor-element elementor-element-68afbe2 elementor-section-boxed elementor-section-height-default elementor-section-height-default\" data-id=\"68afbe2\" data-element_type=\"section\">\n\t\t\t\t\t\t<div class=\"elementor-container elementor-column-gap-default\">\n\t\t\t\t\t<div class=\"elementor-column elementor-col-100 elementor-top-column elementor-element elementor-element-2a7fd24\" data-id=\"2a7fd24\" data-element_type=\"column\">\n\t\t\t<div class=\"elementor-widget-wrap elementor-element-populated\">\n\t\t\t\t\t\t<div class=\"elementor-element elementor-element-31fa9d4 elementor-widget elementor-widget-heading\" data-id=\"31fa9d4\" data-element_type=\"widget\" data-widget_type=\"heading.default\">\n\t\t\t\t<div class=\"elementor-widget-container\">\n\t\t\t\t\t<h2 class=\"elementor-heading-title elementor-size-default\">Pol\u00edcia Civil deflagra 2\u00aa fase da opera\u00e7\u00e3o \u201cOnda de Choque\u201d<\/h2>\t\t\t\t<\/div>\n\t\t\t\t<\/div>\n\t\t\t\t\t<\/div>\n\t\t<\/div>\n\t\t\t\t\t<\/div>\n\t\t<\/section>\n\t\t\t\t<section class=\"elementor-section elementor-top-section elementor-element elementor-element-3ceaa9e elementor-section-boxed elementor-section-height-default elementor-section-height-default\" data-id=\"3ceaa9e\" data-element_type=\"section\">\n\t\t\t\t\t\t<div class=\"elementor-container elementor-column-gap-default\">\n\t\t\t\t\t<div class=\"elementor-column elementor-col-100 elementor-top-column elementor-element elementor-element-4be85f1\" data-id=\"4be85f1\" data-element_type=\"column\">\n\t\t\t<div class=\"elementor-widget-wrap elementor-element-populated\">\n\t\t\t\t\t\t<div class=\"elementor-element elementor-element-ffdf020 elementor-widget elementor-widget-heading\" data-id=\"ffdf020\" data-element_type=\"widget\" data-widget_type=\"heading.default\">\n\t\t\t\t<div class=\"elementor-widget-container\">\n\t\t\t\t\t<h2 class=\"elementor-heading-title elementor-size-default\">No total, 49 pessoas j\u00e1 foram presas na a\u00e7\u00e3o.<\/h2>\t\t\t\t<\/div>\n\t\t\t\t<\/div>\n\t\t\t\t\t<\/div>\n\t\t<\/div>\n\t\t\t\t\t<\/div>\n\t\t<\/section>\n\t\t\t\t<section class=\"elementor-section elementor-top-section elementor-element elementor-element-c5eb7de elementor-section-boxed elementor-section-height-default elementor-section-height-default\" data-id=\"c5eb7de\" data-element_type=\"section\">\n\t\t\t\t\t\t<div class=\"elementor-container elementor-column-gap-default\">\n\t\t\t\t\t<div class=\"elementor-column elementor-col-100 elementor-top-column elementor-element elementor-element-af16185\" data-id=\"af16185\" data-element_type=\"column\">\n\t\t\t<div class=\"elementor-widget-wrap elementor-element-populated\">\n\t\t\t\t\t\t<div class=\"elementor-element elementor-element-d69258b elementor-widget elementor-widget-image\" data-id=\"d69258b\" data-element_type=\"widget\" data-widget_type=\"image.default\">\n\t\t\t\t<div class=\"elementor-widget-container\">\n\t\t\t\t\t\t\t\t\t\t\t\t\t\t\t<img fetchpriority=\"high\" decoding=\"async\" width=\"696\" height=\"928\" src=\"https:\/\/pc.sc.gov.br\/\/wp-content\/uploads\/2023\/11\/WhatsApp-Image-2023-11-24-at-15.06.12-1-768x1024.jpeg\" class=\"attachment-large size-large wp-image-15465\" alt=\"\" srcset=\"https:\/\/pc.sc.gov.br\/\/wp-content\/uploads\/2023\/11\/WhatsApp-Image-2023-11-24-at-15.06.12-1-768x1024.jpeg 768w, https:\/\/pc.sc.gov.br\/\/wp-content\/uploads\/2023\/11\/WhatsApp-Image-2023-11-24-at-15.06.12-1-225x300.jpeg 225w, https:\/\/pc.sc.gov.br\/\/wp-content\/uploads\/2023\/11\/WhatsApp-Image-2023-11-24-at-15.06.12-1-1152x1536.jpeg 1152w, https:\/\/pc.sc.gov.br\/\/wp-content\/uploads\/2023\/11\/WhatsApp-Image-2023-11-24-at-15.06.12-1.jpeg 1200w\" sizes=\"(max-width: 696px) 100vw, 696px\" \/>\t\t\t\t\t\t\t\t\t\t\t\t\t\t\t<\/div>\n\t\t\t\t<\/div>\n\t\t\t\t<div class=\"elementor-element elementor-element-67ad71d elementor-widget elementor-widget-text-editor\" data-id=\"67ad71d\" data-element_type=\"widget\" data-widget_type=\"text-editor.default\">\n\t\t\t\t<div class=\"elementor-widget-container\">\n\t\t\t\t\t\t\t\t\t<p>Nesta sexta-feira (24), a Pol\u00edcia Civil de Santa Catarina, por meio da Divis\u00e3o de Investiga\u00e7\u00e3o Criminal de Joinville, deflagrou a 2\u00aa fase da opera\u00e7\u00e3o \u201cOnda de Choque\u201d, em combate a uma organiza\u00e7\u00e3o criminosa voltada \u00e0 pr\u00e1tica roubos, furtos e tr\u00e1fico de drogas. Ao todo, desde a ter\u00e7a-feira (21), quando ocorreu a 1\u00aa fase da opera\u00e7\u00e3o, 49 pessoas j\u00e1 foram presas e houve a apreens\u00e3o de armas de fogo, drogas, ve\u00edculos e dinheiro em esp\u00e9cie.<\/p>\n<p>Na manh\u00e3 desta sexta-feira (24), mais drogas foram apreendidas em uma resid\u00eancia de um dos integrantes do grupo criminoso. Os integrantes desse grupo agiam de maneira especializada em todo o Estado de Santa Catarina, com forte v\u00ednculo com uma fac\u00e7\u00e3o criminosa.<\/p>\n<p><a href=\"https:\/\/pc.sc.gov.br\/?p=15377\" target=\"_blank\">Confira aqui mais&nbsp;informa\u00e7\u00f5es sobre a 1\u00aa fa<i>se da opera\u00e7\u00e3o \u201cOnda de Choque\u201d.<\/i><\/a><br><\/p>\t\t\t\t\t\t\t\t<\/div>\n\t\t\t\t<\/div>\n\t\t\t\t\t<\/div>\n\t\t<\/div>\n\t\t\t\t\t<\/div>\n\t\t<\/section>\n\t\t\t\t<\/div>\n\t\t","protected":false},"excerpt":{"rendered":"<p>Pol\u00edcia Civil deflagra 2\u00aa fase da opera\u00e7\u00e3o \u201cOnda de Choque\u201d No total, 49 pessoas j\u00e1 foram presas na a\u00e7\u00e3o. Nesta sexta-feira (24), a Pol\u00edcia Civil de Santa Catarina, por meio da Divis\u00e3o de Investiga\u00e7\u00e3o Criminal de Joinville, deflagrou a 2\u00aa fase da opera\u00e7\u00e3o \u201cOnda de Choque\u201d, em combate a uma organiza\u00e7\u00e3o criminosa voltada \u00e0 pr\u00e1tica [&hellip;]<\/p>\n","protected":false},"author":5,"featured_media":15465,"comment_status":"closed","ping_status":"open","sticky":false,"template":"","format":"standard","meta":{"_monsterinsights_skip_tracking":false,"_monsterinsights_sitenote_active":false,"_monsterinsights_sitenote_note":"","_monsterinsights_sitenote_category":0,"footnotes":""},"categories":[1],"tags":[],"class_list":["post-15464","post","type-post","status-publish","format-standard","has-post-thumbnail","hentry","category-sem-categoria"],"_links":{"self":[{"href":"https:\/\/pc.sc.gov.br\/index.php?rest_route=\/wp\/v2\/posts\/15464","targetHints":{"allow":["GET"]}}],"collection":[{"href":"https:\/\/pc.sc.gov.br\/index.php?rest_route=\/wp\/v2\/posts"}],"about":[{"href":"https:\/\/pc.sc.gov.br\/index.php?rest_route=\/wp\/v2\/types\/post"}],"author":[{"embeddable":true,"href":"https:\/\/pc.sc.gov.br\/index.php?rest_route=\/wp\/v2\/users\/5"}],"replies":[{"embeddable":true,"href":"https:\/\/pc.sc.gov.br\/index.php?rest_route=%2Fwp%2Fv2%2Fcomments&post=15464"}],"version-history":[{"count":13,"href":"https:\/\/pc.sc.gov.br\/index.php?rest_route=\/wp\/v2\/posts\/15464\/revisions"}],"predecessor-version":[{"id":15478,"href":"https:\/\/pc.sc.gov.br\/index.php?rest_route=\/wp\/v2\/posts\/15464\/revisions\/15478"}],"wp:featuredmedia":[{"embeddable":true,"href":"https:\/\/pc.sc.gov.br\/index.php?rest_route=\/wp\/v2\/media\/15465"}],"wp:attachment":[{"href":"https:\/\/pc.sc.gov.br\/index.php?rest_route=%2Fwp%2Fv2%2Fmedia&parent=15464"}],"wp:term":[{"taxonomy":"category","embeddable":true,"href":"https:\/\/pc.sc.gov.br\/index.php?rest_route=%2Fwp%2Fv2%2Fcategories&post=15464"},{"taxonomy":"post_tag","embeddable":true,"href":"https:\/\/pc.sc.gov.br\/index.php?rest_route=%2Fwp%2Fv2%2Ftags&post=15464"}],"curies":[{"name":"wp","href":"https:\/\/api.w.org\/{rel}","templated":true}]}}