{"id":15479,"date":"2023-11-24T15:38:40","date_gmt":"2023-11-24T18:38:40","guid":{"rendered":"https:\/\/pc.sc.gov.br\/?p=15479"},"modified":"2023-11-24T15:39:29","modified_gmt":"2023-11-24T18:39:29","slug":"na-capital-policia-civil-indicia-homem-por-furtos-de-objetos-doados-pela-receita-federal-a-apae","status":"publish","type":"post","link":"https:\/\/pc.sc.gov.br\/?p=15479","title":{"rendered":"Na Capital, Pol\u00edcia Civil indicia homem por furtos de objetos doados pela Receita Federal \u00e0 APAE"},"content":{"rendered":"\t\t<div data-elementor-type=\"wp-post\" data-elementor-id=\"15479\" class=\"elementor elementor-15479\" data-elementor-post-type=\"post\">\n\t\t\t\t\t\t<section class=\"elementor-section elementor-top-section elementor-element elementor-element-747ce9d elementor-section-boxed elementor-section-height-default elementor-section-height-default\" data-id=\"747ce9d\" data-element_type=\"section\">\n\t\t\t\t\t\t<div class=\"elementor-container elementor-column-gap-default\">\n\t\t\t\t\t<div class=\"elementor-column elementor-col-100 elementor-top-column elementor-element elementor-element-efe05d0\" data-id=\"efe05d0\" data-element_type=\"column\">\n\t\t\t<div class=\"elementor-widget-wrap elementor-element-populated\">\n\t\t\t\t\t\t<div class=\"elementor-element elementor-element-c824d30 elementor-widget elementor-widget-heading\" data-id=\"c824d30\" data-element_type=\"widget\" data-widget_type=\"heading.default\">\n\t\t\t\t<div class=\"elementor-widget-container\">\n\t\t\t\t\t<h2 class=\"elementor-heading-title elementor-size-default\">Na Capital, Pol\u00edcia Civil indicia homem por furtos de objetos doados pela Receita Federal \u00e0 APAE<\/h2>\t\t\t\t<\/div>\n\t\t\t\t<\/div>\n\t\t\t\t\t<\/div>\n\t\t<\/div>\n\t\t\t\t\t<\/div>\n\t\t<\/section>\n\t\t\t\t<section class=\"elementor-section elementor-top-section elementor-element elementor-element-1d130d9 elementor-section-boxed elementor-section-height-default elementor-section-height-default\" data-id=\"1d130d9\" data-element_type=\"section\">\n\t\t\t\t\t\t<div class=\"elementor-container elementor-column-gap-default\">\n\t\t\t\t\t<div class=\"elementor-column elementor-col-100 elementor-top-column elementor-element elementor-element-ea335bd\" data-id=\"ea335bd\" data-element_type=\"column\">\n\t\t\t<div class=\"elementor-widget-wrap elementor-element-populated\">\n\t\t\t\t\t\t<div class=\"elementor-element elementor-element-99060a1 elementor-widget elementor-widget-image\" data-id=\"99060a1\" data-element_type=\"widget\" data-widget_type=\"image.default\">\n\t\t\t\t<div class=\"elementor-widget-container\">\n\t\t\t\t\t\t\t\t\t\t\t\t\t\t\t<img fetchpriority=\"high\" decoding=\"async\" width=\"680\" height=\"510\" src=\"https:\/\/pc.sc.gov.br\/\/wp-content\/uploads\/2023\/03\/BANNER.jpg\" class=\"attachment-large size-large wp-image-6211\" alt=\"\" srcset=\"https:\/\/pc.sc.gov.br\/\/wp-content\/uploads\/2023\/03\/BANNER.jpg 680w, https:\/\/pc.sc.gov.br\/\/wp-content\/uploads\/2023\/03\/BANNER-300x225.jpg 300w\" sizes=\"(max-width: 680px) 100vw, 680px\" \/>\t\t\t\t\t\t\t\t\t\t\t\t\t\t\t<\/div>\n\t\t\t\t<\/div>\n\t\t\t\t<div class=\"elementor-element elementor-element-3de3373 elementor-widget elementor-widget-text-editor\" data-id=\"3de3373\" data-element_type=\"widget\" data-widget_type=\"text-editor.default\">\n\t\t\t\t<div class=\"elementor-widget-container\">\n\t\t\t\t\t\t\t\t\t<p>Nesta sexta-feira (24), a Pol\u00edcia Civil de Santa Catarina, por meio da 5\u00aa Delegacia de Pol\u00edcia da Capital, identificou o autor de um furto cometido na sede da Associa\u00e7\u00e3o de Pais e Amigos dos Excepcionais (APAE), situada no Itacorubi, no m\u00eas de julho deste ano. Na ocasi\u00e3o, foram subtra\u00eddos diversos aparelhos eletr\u00f4nicos provenientes de uma grande doa\u00e7\u00e3o realizada pela Receita Federal.<br \/>O homem apontado como o autor do crime j\u00e1 possui diversas passagens policiais por furto e um mandado de pris\u00e3o por furto qualificado em aberto. Foram encaminhados, para an\u00e1lise do Poder Judici\u00e1rio, o procedimento com o devido indiciamento e o pedido de mais uma pris\u00e3o preventiva em desfavor do investigado.<\/p>\t\t\t\t\t\t\t\t<\/div>\n\t\t\t\t<\/div>\n\t\t\t\t\t<\/div>\n\t\t<\/div>\n\t\t\t\t\t<\/div>\n\t\t<\/section>\n\t\t\t\t<\/div>\n\t\t","protected":false},"excerpt":{"rendered":"<p>Na Capital, Pol\u00edcia Civil indicia homem por furtos de objetos doados pela Receita Federal \u00e0 APAE Nesta sexta-feira (24), a Pol\u00edcia Civil de Santa Catarina, por meio da 5\u00aa Delegacia de Pol\u00edcia da Capital, identificou o autor de um furto cometido na sede da Associa\u00e7\u00e3o de Pais e Amigos dos Excepcionais (APAE), situada no Itacorubi, [&hellip;]<\/p>\n","protected":false},"author":5,"featured_media":6211,"comment_status":"closed","ping_status":"open","sticky":false,"template":"","format":"standard","meta":{"_monsterinsights_skip_tracking":false,"_monsterinsights_sitenote_active":false,"_monsterinsights_sitenote_note":"","_monsterinsights_sitenote_category":0,"footnotes":""},"categories":[1],"tags":[],"class_list":["post-15479","post","type-post","status-publish","format-standard","has-post-thumbnail","hentry","category-sem-categoria"],"_links":{"self":[{"href":"https:\/\/pc.sc.gov.br\/index.php?rest_route=\/wp\/v2\/posts\/15479","targetHints":{"allow":["GET"]}}],"collection":[{"href":"https:\/\/pc.sc.gov.br\/index.php?rest_route=\/wp\/v2\/posts"}],"about":[{"href":"https:\/\/pc.sc.gov.br\/index.php?rest_route=\/wp\/v2\/types\/post"}],"author":[{"embeddable":true,"href":"https:\/\/pc.sc.gov.br\/index.php?rest_route=\/wp\/v2\/users\/5"}],"replies":[{"embeddable":true,"href":"https:\/\/pc.sc.gov.br\/index.php?rest_route=%2Fwp%2Fv2%2Fcomments&post=15479"}],"version-history":[{"count":4,"href":"https:\/\/pc.sc.gov.br\/index.php?rest_route=\/wp\/v2\/posts\/15479\/revisions"}],"predecessor-version":[{"id":15483,"href":"https:\/\/pc.sc.gov.br\/index.php?rest_route=\/wp\/v2\/posts\/15479\/revisions\/15483"}],"wp:featuredmedia":[{"embeddable":true,"href":"https:\/\/pc.sc.gov.br\/index.php?rest_route=\/wp\/v2\/media\/6211"}],"wp:attachment":[{"href":"https:\/\/pc.sc.gov.br\/index.php?rest_route=%2Fwp%2Fv2%2Fmedia&parent=15479"}],"wp:term":[{"taxonomy":"category","embeddable":true,"href":"https:\/\/pc.sc.gov.br\/index.php?rest_route=%2Fwp%2Fv2%2Fcategories&post=15479"},{"taxonomy":"post_tag","embeddable":true,"href":"https:\/\/pc.sc.gov.br\/index.php?rest_route=%2Fwp%2Fv2%2Ftags&post=15479"}],"curies":[{"name":"wp","href":"https:\/\/api.w.org\/{rel}","templated":true}]}}