{"id":15484,"date":"2023-11-24T17:23:59","date_gmt":"2023-11-24T20:23:59","guid":{"rendered":"https:\/\/pc.sc.gov.br\/?p=15484"},"modified":"2023-11-24T17:25:39","modified_gmt":"2023-11-24T20:25:39","slug":"em-sao-jose-policia-civil-captura-duas-pessoas-foragidas-por-trafico-de-drogas-da-justica-de-campos-novos","status":"publish","type":"post","link":"https:\/\/pc.sc.gov.br\/?p=15484","title":{"rendered":"Em S\u00e3o Jos\u00e9, Pol\u00edcia Civil captura duas pessoas foragidas por tr\u00e1fico de drogas da Justi\u00e7a de Campos Novos"},"content":{"rendered":"\t\t<div data-elementor-type=\"wp-post\" data-elementor-id=\"15484\" class=\"elementor elementor-15484\" data-elementor-post-type=\"post\">\n\t\t\t\t\t\t<section class=\"elementor-section elementor-top-section elementor-element elementor-element-6490a5c elementor-section-boxed elementor-section-height-default elementor-section-height-default\" data-id=\"6490a5c\" data-element_type=\"section\">\n\t\t\t\t\t\t<div class=\"elementor-container elementor-column-gap-default\">\n\t\t\t\t\t<div class=\"elementor-column elementor-col-100 elementor-top-column elementor-element elementor-element-0d2ba6b\" data-id=\"0d2ba6b\" data-element_type=\"column\">\n\t\t\t<div class=\"elementor-widget-wrap elementor-element-populated\">\n\t\t\t\t\t\t<div class=\"elementor-element elementor-element-8f004db elementor-widget elementor-widget-heading\" data-id=\"8f004db\" data-element_type=\"widget\" data-widget_type=\"heading.default\">\n\t\t\t\t<div class=\"elementor-widget-container\">\n\t\t\t\t\t<h2 class=\"elementor-heading-title elementor-size-default\">Em S\u00e3o Jos\u00e9, Pol\u00edcia Civil captura duas pessoas foragidas por tr\u00e1fico de drogas da Justi\u00e7a de Campos Novos<\/h2>\t\t\t\t<\/div>\n\t\t\t\t<\/div>\n\t\t\t\t\t<\/div>\n\t\t<\/div>\n\t\t\t\t\t<\/div>\n\t\t<\/section>\n\t\t\t\t<section class=\"elementor-section elementor-top-section elementor-element elementor-element-97602e2 elementor-section-boxed elementor-section-height-default elementor-section-height-default\" data-id=\"97602e2\" data-element_type=\"section\">\n\t\t\t\t\t\t<div class=\"elementor-container elementor-column-gap-default\">\n\t\t\t\t\t<div class=\"elementor-column elementor-col-100 elementor-top-column elementor-element elementor-element-e1d65af\" data-id=\"e1d65af\" data-element_type=\"column\">\n\t\t\t<div class=\"elementor-widget-wrap elementor-element-populated\">\n\t\t\t\t\t\t<div class=\"elementor-element elementor-element-0173eb2 elementor-widget elementor-widget-image\" data-id=\"0173eb2\" data-element_type=\"widget\" data-widget_type=\"image.default\">\n\t\t\t\t<div class=\"elementor-widget-container\">\n\t\t\t\t\t\t\t\t\t\t\t\t\t\t\t<img fetchpriority=\"high\" decoding=\"async\" width=\"696\" height=\"521\" src=\"https:\/\/pc.sc.gov.br\/\/wp-content\/uploads\/2023\/01\/DEIC_01-1024x767.jpg\" class=\"attachment-large size-large wp-image-3652\" alt=\"parede cinza com o s\u00edmbolo da policia civil e a palavra DEIC ambas em dourado\" srcset=\"https:\/\/pc.sc.gov.br\/\/wp-content\/uploads\/2023\/01\/DEIC_01-1024x767.jpg 1024w, https:\/\/pc.sc.gov.br\/\/wp-content\/uploads\/2023\/01\/DEIC_01-300x225.jpg 300w, https:\/\/pc.sc.gov.br\/\/wp-content\/uploads\/2023\/01\/DEIC_01-768x575.jpg 768w, https:\/\/pc.sc.gov.br\/\/wp-content\/uploads\/2023\/01\/DEIC_01.jpg 1280w\" sizes=\"(max-width: 696px) 100vw, 696px\" \/>\t\t\t\t\t\t\t\t\t\t\t\t\t\t\t<\/div>\n\t\t\t\t<\/div>\n\t\t\t\t\t<\/div>\n\t\t<\/div>\n\t\t\t\t\t<\/div>\n\t\t<\/section>\n\t\t\t\t<section class=\"elementor-section elementor-top-section elementor-element elementor-element-c002448 elementor-section-boxed elementor-section-height-default elementor-section-height-default\" data-id=\"c002448\" data-element_type=\"section\">\n\t\t\t\t\t\t<div class=\"elementor-container elementor-column-gap-default\">\n\t\t\t\t\t<div class=\"elementor-column elementor-col-100 elementor-top-column elementor-element elementor-element-d47c249\" data-id=\"d47c249\" data-element_type=\"column\">\n\t\t\t<div class=\"elementor-widget-wrap elementor-element-populated\">\n\t\t\t\t\t\t<div class=\"elementor-element elementor-element-41181fe elementor-widget elementor-widget-text-editor\" data-id=\"41181fe\" data-element_type=\"widget\" data-widget_type=\"text-editor.default\">\n\t\t\t\t<div class=\"elementor-widget-container\">\n\t\t\t\t\t\t\t\t\t<p>Nesta sexta-feira (24), a Pol\u00edcia Civil de Santa Catarina, por meio da Delegacia de Capturas da Diretoria Estadual de Investiga\u00e7\u00f5es Criminais (DECAP\/DEIC) e da Delegacia de Pol\u00edcia de Campos Novos, cumpriu dois mandados de busca e apreens\u00e3o e dois mandados de pris\u00e3o, expedidos em desfavor de um homem e de uma mulher pelos crimes de tr\u00e1fico de drogas e associa\u00e7\u00e3o para o tr\u00e1fico. As ordens judiciais s\u00e3o oriundas da Vara Criminal da Comarca de Campos Novos.<br><br>Ap\u00f3s competente trabalho investigativo da Pol\u00edcia Civil de Campos Novos, foram expedidos os mandados de pris\u00e3o e os policiais verificaram que, ap\u00f3s a expedi\u00e7\u00e3o das ordens judiciais, a mulher e o homem haviam se evadido do munic\u00edpio. Por isso, foi solicitado o apoio operacional para localiza\u00e7\u00e3o e pris\u00e3o dos foragidos \u00e0 DECAP\/DEIC. <br><br><b>DECAP\/DEIC<\/b><br><br>Com essas duas pris\u00f5es, a DECAP-DEIC j\u00e1 realizou 74 pris\u00f5es neste ano. A unidade especializada refor\u00e7a o seu compromisso em prol da seguran\u00e7a da sociedade catarinense e se compromete com as demais unidades Policiais do Estado no aux\u00edlio \u00e0 captura de foragidos. <br><br>Den\u00fancias e informa\u00e7\u00f5es relacionadas a foragidos da Justi\u00e7a podem ser encaminhadas para o e-mail deic-capturas@pc.sc.gov.br. Al\u00e9m disso, pelo&nbsp;<a href=\"https:\/\/sistemas.pc.sc.gov.br\/foragidos\/\" target=\"_blank\"><b>Portal Foragidos da PCSC<\/b><\/a>&nbsp;\u00e9 poss\u00edvel conhecer a rela\u00e7\u00e3o de procurados pela Justi\u00e7a. A Pol\u00edcia Civil de Santa Catarina garante o anonimato de quem prestar informa\u00e7\u00f5es sobre foragidos. <\/p>\t\t\t\t\t\t\t\t<\/div>\n\t\t\t\t<\/div>\n\t\t\t\t\t<\/div>\n\t\t<\/div>\n\t\t\t\t\t<\/div>\n\t\t<\/section>\n\t\t\t\t<\/div>\n\t\t","protected":false},"excerpt":{"rendered":"<p>Em S\u00e3o Jos\u00e9, Pol\u00edcia Civil captura duas pessoas foragidas por tr\u00e1fico de drogas da Justi\u00e7a de Campos Novos Nesta sexta-feira (24), a Pol\u00edcia Civil de Santa Catarina, por meio da Delegacia de Capturas da Diretoria Estadual de Investiga\u00e7\u00f5es Criminais (DECAP\/DEIC) e da Delegacia de Pol\u00edcia de Campos Novos, cumpriu dois mandados de busca e apreens\u00e3o [&hellip;]<\/p>\n","protected":false},"author":5,"featured_media":10917,"comment_status":"closed","ping_status":"open","sticky":false,"template":"","format":"standard","meta":{"_monsterinsights_skip_tracking":false,"_monsterinsights_sitenote_active":false,"_monsterinsights_sitenote_note":"","_monsterinsights_sitenote_category":0,"footnotes":""},"categories":[1],"tags":[],"class_list":["post-15484","post","type-post","status-publish","format-standard","has-post-thumbnail","hentry","category-sem-categoria"],"_links":{"self":[{"href":"https:\/\/pc.sc.gov.br\/index.php?rest_route=\/wp\/v2\/posts\/15484","targetHints":{"allow":["GET"]}}],"collection":[{"href":"https:\/\/pc.sc.gov.br\/index.php?rest_route=\/wp\/v2\/posts"}],"about":[{"href":"https:\/\/pc.sc.gov.br\/index.php?rest_route=\/wp\/v2\/types\/post"}],"author":[{"embeddable":true,"href":"https:\/\/pc.sc.gov.br\/index.php?rest_route=\/wp\/v2\/users\/5"}],"replies":[{"embeddable":true,"href":"https:\/\/pc.sc.gov.br\/index.php?rest_route=%2Fwp%2Fv2%2Fcomments&post=15484"}],"version-history":[{"count":4,"href":"https:\/\/pc.sc.gov.br\/index.php?rest_route=\/wp\/v2\/posts\/15484\/revisions"}],"predecessor-version":[{"id":15488,"href":"https:\/\/pc.sc.gov.br\/index.php?rest_route=\/wp\/v2\/posts\/15484\/revisions\/15488"}],"wp:featuredmedia":[{"embeddable":true,"href":"https:\/\/pc.sc.gov.br\/index.php?rest_route=\/wp\/v2\/media\/10917"}],"wp:attachment":[{"href":"https:\/\/pc.sc.gov.br\/index.php?rest_route=%2Fwp%2Fv2%2Fmedia&parent=15484"}],"wp:term":[{"taxonomy":"category","embeddable":true,"href":"https:\/\/pc.sc.gov.br\/index.php?rest_route=%2Fwp%2Fv2%2Fcategories&post=15484"},{"taxonomy":"post_tag","embeddable":true,"href":"https:\/\/pc.sc.gov.br\/index.php?rest_route=%2Fwp%2Fv2%2Ftags&post=15484"}],"curies":[{"name":"wp","href":"https:\/\/api.w.org\/{rel}","templated":true}]}}