{"id":15489,"date":"2023-11-24T17:35:04","date_gmt":"2023-11-24T20:35:04","guid":{"rendered":"https:\/\/pc.sc.gov.br\/?p=15489"},"modified":"2023-11-24T17:38:01","modified_gmt":"2023-11-24T20:38:01","slug":"operacao-conjunta-entre-pcsc-pmsc-e-prf-resulta-na-apreensao-de-308-quilos-de-maconha-em-grao-para","status":"publish","type":"post","link":"https:\/\/pc.sc.gov.br\/?p=15489","title":{"rendered":"Opera\u00e7\u00e3o conjunta entre PCSC, PMSC e PRF resulta na apreens\u00e3o de 308 quilos de maconha em Gr\u00e3o-Par\u00e1"},"content":{"rendered":"\t\t<div data-elementor-type=\"wp-post\" data-elementor-id=\"15489\" class=\"elementor elementor-15489\" data-elementor-post-type=\"post\">\n\t\t\t\t\t\t<section class=\"elementor-section elementor-top-section elementor-element elementor-element-ca10f8f elementor-section-boxed elementor-section-height-default elementor-section-height-default\" data-id=\"ca10f8f\" data-element_type=\"section\">\n\t\t\t\t\t\t<div class=\"elementor-container elementor-column-gap-default\">\n\t\t\t\t\t<div class=\"elementor-column elementor-col-100 elementor-top-column elementor-element elementor-element-648ffa7\" data-id=\"648ffa7\" data-element_type=\"column\">\n\t\t\t<div class=\"elementor-widget-wrap elementor-element-populated\">\n\t\t\t\t\t\t<div class=\"elementor-element elementor-element-a0f0fd4 elementor-widget elementor-widget-heading\" data-id=\"a0f0fd4\" data-element_type=\"widget\" data-widget_type=\"heading.default\">\n\t\t\t\t<div class=\"elementor-widget-container\">\n\t\t\t\t\t<h2 class=\"elementor-heading-title elementor-size-default\">Opera\u00e7\u00e3o conjunta entre PCSC, PMSC e PRF resultou na apreens\u00e3o de 308 quilos de maconha em Gr\u00e3o-Par\u00e1<\/h2>\t\t\t\t<\/div>\n\t\t\t\t<\/div>\n\t\t\t\t\t<\/div>\n\t\t<\/div>\n\t\t\t\t\t<\/div>\n\t\t<\/section>\n\t\t\t\t<section class=\"elementor-section elementor-top-section elementor-element elementor-element-d7e8d5b elementor-section-boxed elementor-section-height-default elementor-section-height-default\" data-id=\"d7e8d5b\" data-element_type=\"section\">\n\t\t\t\t\t\t<div class=\"elementor-container elementor-column-gap-default\">\n\t\t\t\t\t<div class=\"elementor-column elementor-col-100 elementor-top-column elementor-element elementor-element-db1ced4\" data-id=\"db1ced4\" data-element_type=\"column\">\n\t\t\t<div class=\"elementor-widget-wrap elementor-element-populated\">\n\t\t\t\t\t\t<div class=\"elementor-element elementor-element-6e4dd13 elementor-widget elementor-widget-image\" data-id=\"6e4dd13\" data-element_type=\"widget\" data-widget_type=\"image.default\">\n\t\t\t\t<div class=\"elementor-widget-container\">\n\t\t\t\t\t\t\t\t\t\t\t\t\t\t\t<img fetchpriority=\"high\" decoding=\"async\" width=\"696\" height=\"491\" src=\"https:\/\/pc.sc.gov.br\/\/wp-content\/uploads\/2023\/11\/WhatsApp-Image-2023-11-24-at-14.37.12-1024x722.jpeg\" class=\"attachment-large size-large wp-image-15490\" alt=\"\" srcset=\"https:\/\/pc.sc.gov.br\/\/wp-content\/uploads\/2023\/11\/WhatsApp-Image-2023-11-24-at-14.37.12-1024x722.jpeg 1024w, https:\/\/pc.sc.gov.br\/\/wp-content\/uploads\/2023\/11\/WhatsApp-Image-2023-11-24-at-14.37.12-300x212.jpeg 300w, https:\/\/pc.sc.gov.br\/\/wp-content\/uploads\/2023\/11\/WhatsApp-Image-2023-11-24-at-14.37.12-768x542.jpeg 768w, https:\/\/pc.sc.gov.br\/\/wp-content\/uploads\/2023\/11\/WhatsApp-Image-2023-11-24-at-14.37.12.jpeg 1080w\" sizes=\"(max-width: 696px) 100vw, 696px\" \/>\t\t\t\t\t\t\t\t\t\t\t\t\t\t\t<\/div>\n\t\t\t\t<\/div>\n\t\t\t\t\t<\/div>\n\t\t<\/div>\n\t\t\t\t\t<\/div>\n\t\t<\/section>\n\t\t\t\t<section class=\"elementor-section elementor-top-section elementor-element elementor-element-c32ea56 elementor-section-boxed elementor-section-height-default elementor-section-height-default\" data-id=\"c32ea56\" data-element_type=\"section\">\n\t\t\t\t\t\t<div class=\"elementor-container elementor-column-gap-default\">\n\t\t\t\t\t<div class=\"elementor-column elementor-col-100 elementor-top-column elementor-element elementor-element-0423d61\" data-id=\"0423d61\" data-element_type=\"column\">\n\t\t\t<div class=\"elementor-widget-wrap elementor-element-populated\">\n\t\t\t\t\t\t<div class=\"elementor-element elementor-element-c486aba elementor-widget elementor-widget-text-editor\" data-id=\"c486aba\" data-element_type=\"widget\" data-widget_type=\"text-editor.default\">\n\t\t\t\t<div class=\"elementor-widget-container\">\n\t\t\t\t\t\t\t\t\t<p>Uma opera\u00e7\u00e3o conjunta entre a Pol\u00edcia Civil, Pol\u00edcia Militar e Pol\u00edcia Rodovi\u00e1ria Federal, na quarta-feira (24), resultou na pris\u00e3o em flagrante de um homem que transportava aproximadamente de 308,9 quilos de maconha.\u00a0<\/p><p>Os policiais posicionaram as viaturas de forma estrat\u00e9gica, ao p\u00e9 da Serra do Corvo Branco, criando uma verdadeira barreira para evitar a fuga do suspeito. Durante as buscas no autom\u00f3vel foram localizados 19 pacotes que continham in\u00fameros tabletes de subst\u00e2ncia semelhante \u00e0 maconha.\u00a0<\/p><p>De acordo a delegada Jucin\u00eas Dilcin\u00e9ia Ferreira, o homem que estava transportando a droga foi preso em flagrante na delegacia de Gr\u00e3o-Par\u00e1. Ap\u00f3s os procedimentos legais, o investigado foi conduzido ao Pres\u00eddio Regional de Tubar\u00e3o, onde permanece \u00e0 disposi\u00e7\u00e3o da Justi\u00e7a.<\/p><div>\u00a0<\/div>\t\t\t\t\t\t\t\t<\/div>\n\t\t\t\t<\/div>\n\t\t\t\t\t<\/div>\n\t\t<\/div>\n\t\t\t\t\t<\/div>\n\t\t<\/section>\n\t\t\t\t<\/div>\n\t\t","protected":false},"excerpt":{"rendered":"<p>Opera\u00e7\u00e3o conjunta entre PCSC, PMSC e PRF resultou na apreens\u00e3o de 308 quilos de maconha em Gr\u00e3o-Par\u00e1 Uma opera\u00e7\u00e3o conjunta entre a Pol\u00edcia Civil, Pol\u00edcia Militar e Pol\u00edcia Rodovi\u00e1ria Federal, na quarta-feira (24), resultou na pris\u00e3o em flagrante de um homem que transportava aproximadamente de 308,9 quilos de maconha.\u00a0 Os policiais posicionaram as viaturas de [&hellip;]<\/p>\n","protected":false},"author":5,"featured_media":15490,"comment_status":"closed","ping_status":"open","sticky":false,"template":"","format":"standard","meta":{"_monsterinsights_skip_tracking":false,"_monsterinsights_sitenote_active":false,"_monsterinsights_sitenote_note":"","_monsterinsights_sitenote_category":0,"footnotes":""},"categories":[1],"tags":[],"class_list":["post-15489","post","type-post","status-publish","format-standard","has-post-thumbnail","hentry","category-sem-categoria"],"_links":{"self":[{"href":"https:\/\/pc.sc.gov.br\/index.php?rest_route=\/wp\/v2\/posts\/15489","targetHints":{"allow":["GET"]}}],"collection":[{"href":"https:\/\/pc.sc.gov.br\/index.php?rest_route=\/wp\/v2\/posts"}],"about":[{"href":"https:\/\/pc.sc.gov.br\/index.php?rest_route=\/wp\/v2\/types\/post"}],"author":[{"embeddable":true,"href":"https:\/\/pc.sc.gov.br\/index.php?rest_route=\/wp\/v2\/users\/5"}],"replies":[{"embeddable":true,"href":"https:\/\/pc.sc.gov.br\/index.php?rest_route=%2Fwp%2Fv2%2Fcomments&post=15489"}],"version-history":[{"count":3,"href":"https:\/\/pc.sc.gov.br\/index.php?rest_route=\/wp\/v2\/posts\/15489\/revisions"}],"predecessor-version":[{"id":15493,"href":"https:\/\/pc.sc.gov.br\/index.php?rest_route=\/wp\/v2\/posts\/15489\/revisions\/15493"}],"wp:featuredmedia":[{"embeddable":true,"href":"https:\/\/pc.sc.gov.br\/index.php?rest_route=\/wp\/v2\/media\/15490"}],"wp:attachment":[{"href":"https:\/\/pc.sc.gov.br\/index.php?rest_route=%2Fwp%2Fv2%2Fmedia&parent=15489"}],"wp:term":[{"taxonomy":"category","embeddable":true,"href":"https:\/\/pc.sc.gov.br\/index.php?rest_route=%2Fwp%2Fv2%2Fcategories&post=15489"},{"taxonomy":"post_tag","embeddable":true,"href":"https:\/\/pc.sc.gov.br\/index.php?rest_route=%2Fwp%2Fv2%2Ftags&post=15489"}],"curies":[{"name":"wp","href":"https:\/\/api.w.org\/{rel}","templated":true}]}}