{"id":15508,"date":"2023-11-27T16:04:33","date_gmt":"2023-11-27T19:04:33","guid":{"rendered":"https:\/\/pc.sc.gov.br\/?p=15508"},"modified":"2023-11-27T16:06:50","modified_gmt":"2023-11-27T19:06:50","slug":"em-imbituba-policia-civil-deflagra-operacao-frost-free-para-apurar-fraude-em-licitacao-na-secretaria-municipal-de-saude","status":"publish","type":"post","link":"https:\/\/pc.sc.gov.br\/?p=15508","title":{"rendered":"Em Imbituba, Pol\u00edcia Civil deflagra opera\u00e7\u00e3o \u201cFrost Free\u201d para apurar fraude em licita\u00e7\u00e3o na Secretaria Municipal de Sa\u00fade"},"content":{"rendered":"\t\t<div data-elementor-type=\"wp-post\" data-elementor-id=\"15508\" class=\"elementor elementor-15508\" data-elementor-post-type=\"post\">\n\t\t\t\t\t\t<section class=\"elementor-section elementor-top-section elementor-element elementor-element-21a4bd2 elementor-section-boxed elementor-section-height-default elementor-section-height-default\" data-id=\"21a4bd2\" data-element_type=\"section\">\n\t\t\t\t\t\t<div class=\"elementor-container elementor-column-gap-default\">\n\t\t\t\t\t<div class=\"elementor-column elementor-col-100 elementor-top-column elementor-element elementor-element-35da69b\" data-id=\"35da69b\" data-element_type=\"column\">\n\t\t\t<div class=\"elementor-widget-wrap elementor-element-populated\">\n\t\t\t\t\t\t<div class=\"elementor-element elementor-element-85929a4 elementor-widget elementor-widget-heading\" data-id=\"85929a4\" data-element_type=\"widget\" data-widget_type=\"heading.default\">\n\t\t\t\t<div class=\"elementor-widget-container\">\n\t\t\t\t\t<h2 class=\"elementor-heading-title elementor-size-default\">Em Imbituba, Pol\u00edcia Civil deflagra opera\u00e7\u00e3o \u201cFrost Free\u201d para apurar fraude em licita\u00e7\u00e3o\/contrato na Secretaria Municipal de Sa\u00fade<\/h2>\t\t\t\t<\/div>\n\t\t\t\t<\/div>\n\t\t\t\t\t<\/div>\n\t\t<\/div>\n\t\t\t\t\t<\/div>\n\t\t<\/section>\n\t\t\t\t<section class=\"elementor-section elementor-top-section elementor-element elementor-element-b09797b elementor-section-boxed elementor-section-height-default elementor-section-height-default\" data-id=\"b09797b\" data-element_type=\"section\">\n\t\t\t\t\t\t<div class=\"elementor-container elementor-column-gap-default\">\n\t\t\t\t\t<div class=\"elementor-column elementor-col-100 elementor-top-column elementor-element elementor-element-950d279\" data-id=\"950d279\" data-element_type=\"column\">\n\t\t\t<div class=\"elementor-widget-wrap elementor-element-populated\">\n\t\t\t\t\t\t<div class=\"elementor-element elementor-element-1f76b26 elementor-widget elementor-widget-image\" data-id=\"1f76b26\" data-element_type=\"widget\" data-widget_type=\"image.default\">\n\t\t\t\t<div class=\"elementor-widget-container\">\n\t\t\t\t\t\t\t\t\t\t\t\t\t\t\t<img fetchpriority=\"high\" decoding=\"async\" width=\"696\" height=\"486\" src=\"https:\/\/pc.sc.gov.br\/\/wp-content\/uploads\/2023\/11\/7ba13225-8f4a-4f3e-a2cd-1d72aefbf862-fotor-20231127155111.jpg\" class=\"attachment-large size-large wp-image-15509\" alt=\"\" srcset=\"https:\/\/pc.sc.gov.br\/\/wp-content\/uploads\/2023\/11\/7ba13225-8f4a-4f3e-a2cd-1d72aefbf862-fotor-20231127155111.jpg 960w, https:\/\/pc.sc.gov.br\/\/wp-content\/uploads\/2023\/11\/7ba13225-8f4a-4f3e-a2cd-1d72aefbf862-fotor-20231127155111-300x210.jpg 300w, https:\/\/pc.sc.gov.br\/\/wp-content\/uploads\/2023\/11\/7ba13225-8f4a-4f3e-a2cd-1d72aefbf862-fotor-20231127155111-768x537.jpg 768w\" sizes=\"(max-width: 696px) 100vw, 696px\" \/>\t\t\t\t\t\t\t\t\t\t\t\t\t\t\t<\/div>\n\t\t\t\t<\/div>\n\t\t\t\t\t<\/div>\n\t\t<\/div>\n\t\t\t\t\t<\/div>\n\t\t<\/section>\n\t\t\t\t<section class=\"elementor-section elementor-top-section elementor-element elementor-element-145766b elementor-section-boxed elementor-section-height-default elementor-section-height-default\" data-id=\"145766b\" data-element_type=\"section\">\n\t\t\t\t\t\t<div class=\"elementor-container elementor-column-gap-default\">\n\t\t\t\t\t<div class=\"elementor-column elementor-col-100 elementor-top-column elementor-element elementor-element-dbab434\" data-id=\"dbab434\" data-element_type=\"column\">\n\t\t\t<div class=\"elementor-widget-wrap elementor-element-populated\">\n\t\t\t\t\t\t<div class=\"elementor-element elementor-element-d2abbfa elementor-widget elementor-widget-text-editor\" data-id=\"d2abbfa\" data-element_type=\"widget\" data-widget_type=\"text-editor.default\">\n\t\t\t\t<div class=\"elementor-widget-container\">\n\t\t\t\t\t\t\t\t\t<p>A Pol\u00edcia Civil de Santa Catarina, por interm\u00e9dio da Delegacia de Pol\u00edcia de Imbituba, com o apoio de policiais civis lotados nas Delegacias de Garopaba, Laguna e Pescaria Brava, deflagrou nesta segunda-feira (27) opera\u00e7\u00e3o para dar cumprimento a quatro mandados de busca e apreens\u00e3o em investiga\u00e7\u00e3o de fraude em licita\u00e7\u00e3o\/contrato envolvendo a Secretaria Municipal de Sa\u00fade. Foram apreendidos celulares\/eletr\u00f4nicos e outros documentos de interesse para a investiga\u00e7\u00e3o, ressalvando-se que a servidora envolvida e um dos propriet\u00e1rios da empresa se recusaram a informar a senha de seus aparelhos, raz\u00e3o pela qual, os eletr\u00f4nicos ser\u00e3o enviados \u00e0 per\u00edcia para fins de desbloqueio\/extra\u00e7\u00e3o de dados.<\/p>\n<p><span style=\"font-family: var( --e-global-typography-text-font-family ), Sans-serif; font-size: var( --e-global-typography-text-font-size ); font-weight: var( --e-global-typography-text-font-weight );\">Entenda o caso<\/span><\/p>\n<p>No ano de 2021, a Secretaria Municipal de Sa\u00fade deflagrou processo licitat\u00f3rio que objetivava a compra de eletrodom\u00e9sticos e eletroeletr\u00f4nicos para serem utilizados nas unidades de sa\u00fade do munic\u00edpio, incluindo sete c\u00e2maras (geladeiras), com capacidade de 280 litros, para conserva\u00e7\u00e3o de vacinas para enfretamento da Covid-19.&nbsp;<span style=\"font-family: var( --e-global-typography-primary-font-family ), Sans-serif; font-size: var( --e-global-typography-primary-font-size ); font-weight: var( --e-global-typography-primary-font-weight ); letter-spacing: var( --e-global-typography-primary-letter-spacing );\">Durante as investiga\u00e7\u00f5es, foram reunidos ind\u00edcios de fraude na pr\u00f3pria realiza\u00e7\u00e3o do certame. Al\u00e9m disso, restou apurado que, no ano de 2022, a empresa vencedora emitiu nota fiscal sobre a compra\/fornecimento de sete geladeiras, cada uma com capacidade de 280 litros, com valor unit\u00e1rio de R$ 13.440,00 (totalizando R$ 94.080,00).&nbsp;<\/span><\/p>\n<p>A Secretaria Municipal de Sa\u00fade efetuou o recebimento e o pagamento pelas geladeiras, as quais foram distribu\u00eddas nas unidades de sa\u00fade. Tamb\u00e9m restou apurado que o setor de patrim\u00f4nio da Prefeitura Municipal de Imbituba emitiu sete patrim\u00f4nios para as referidas geladeiras.&nbsp;<span style=\"font-family: var( --e-global-typography-primary-font-family ), Sans-serif; font-size: var( --e-global-typography-primary-font-size ); font-weight: var( --e-global-typography-primary-font-weight ); letter-spacing: var( --e-global-typography-primary-letter-spacing );\">Contudo, os policiais civis efetuaram dilig\u00eancias e constataram que, na verdade, a empresa vencedora forneceu apenas seis geladeiras, embora tenha recebido o pagamento por todas as sete. Os policiais tamb\u00e9m identificaram que a placa de patrim\u00f4nio que deveria estar na s\u00e9tima geladeira, na verdade, estava inserida em um freezer pertencente ao munic\u00edpio, fato este que evidenciou ainda mais a pr\u00e1tica da fraude.<\/span><\/p>\n<p>Para corroborar o exposto, embora tenha constado na nota fiscal o fornecimento de sete geladeiras com capacidade de 280 litros, os policiais constataram que a empresa vencedora forneceu seis geladeiras com capacidade de apenas 100 litros, as quais foram localizadas nas unidades de sa\u00fade. Em contato com a fabricante, foi confirmado que as geladeiras com 100 litros possuem valor de mercado bem abaixo daquelas com 280 litros (em torno de R$9 mil), evidenciando novamente a fraude na licita\u00e7\u00e3o e consequente preju\u00edzo ao er\u00e1rio.<\/p>\n<p>Tamb\u00e9m restou identificado que uma servidora, na \u00e9poca lotada na Secretaria Municipal de Sa\u00fade e atualmente lotada no SEINFRA, foi nomeada como fiscal do contrato de licita\u00e7\u00e3o. Contudo, foi apurado que a mesma servidora, que deveria zelar pelo cumprimento do contrato e inclusive atestar o recebimento das geladeiras, possui um relacionamento amoroso justamente com um dos propriet\u00e1rios da empresa que venceu o certame.<\/p>\n<p>Diante dos contundentes elementos de prova produzidos, foi instaurado na Delegacia de Pol\u00edcia de Imbituba Inqu\u00e9rito Policial com o objetivo de apurar a pr\u00e1tica do crime de fraude em licita\u00e7\u00e3o ou contrato (CP, art. 337-L), o qual prev\u00ea pena de \u201creclus\u00e3o, de&nbsp; quatro anos a oito anos, e multa\u201d. Al\u00e9m disso, a Autoridade Policial representou pela concess\u00e3o de mandado de busca e apreens\u00e3o para as resid\u00eancias dos propriet\u00e1rios da empresa, da servidora envolvida e, ainda, para o atual local de trabalho da mesma servidora (SEINFRA), pedidos estes que foram acolhidos pelo Poder Judici\u00e1rio de Imbituba ap\u00f3s manifesta\u00e7\u00e3o favor\u00e1vel do Minist\u00e9rio P\u00fablico.<span style=\"color: var( --e-global-color-text ); font-family: var( --e-global-typography-primary-font-family ), Sans-serif; font-size: var( --e-global-typography-primary-font-size ); font-weight: var( --e-global-typography-primary-font-weight ); letter-spacing: var( --e-global-typography-primary-letter-spacing );\">&nbsp;<\/span><\/p>\t\t\t\t\t\t\t\t<\/div>\n\t\t\t\t<\/div>\n\t\t\t\t\t<\/div>\n\t\t<\/div>\n\t\t\t\t\t<\/div>\n\t\t<\/section>\n\t\t\t\t<\/div>\n\t\t","protected":false},"excerpt":{"rendered":"<p>Em Imbituba, Pol\u00edcia Civil deflagra opera\u00e7\u00e3o \u201cFrost Free\u201d para apurar fraude em licita\u00e7\u00e3o\/contrato na Secretaria Municipal de Sa\u00fade A Pol\u00edcia Civil de Santa Catarina, por interm\u00e9dio da Delegacia de Pol\u00edcia de Imbituba, com o apoio de policiais civis lotados nas Delegacias de Garopaba, Laguna e Pescaria Brava, deflagrou nesta segunda-feira (27) opera\u00e7\u00e3o para dar cumprimento [&hellip;]<\/p>\n","protected":false},"author":5,"featured_media":15509,"comment_status":"closed","ping_status":"open","sticky":false,"template":"","format":"standard","meta":{"_monsterinsights_skip_tracking":false,"_monsterinsights_sitenote_active":false,"_monsterinsights_sitenote_note":"","_monsterinsights_sitenote_category":0,"footnotes":""},"categories":[1],"tags":[],"class_list":["post-15508","post","type-post","status-publish","format-standard","has-post-thumbnail","hentry","category-sem-categoria"],"_links":{"self":[{"href":"https:\/\/pc.sc.gov.br\/index.php?rest_route=\/wp\/v2\/posts\/15508","targetHints":{"allow":["GET"]}}],"collection":[{"href":"https:\/\/pc.sc.gov.br\/index.php?rest_route=\/wp\/v2\/posts"}],"about":[{"href":"https:\/\/pc.sc.gov.br\/index.php?rest_route=\/wp\/v2\/types\/post"}],"author":[{"embeddable":true,"href":"https:\/\/pc.sc.gov.br\/index.php?rest_route=\/wp\/v2\/users\/5"}],"replies":[{"embeddable":true,"href":"https:\/\/pc.sc.gov.br\/index.php?rest_route=%2Fwp%2Fv2%2Fcomments&post=15508"}],"version-history":[{"count":4,"href":"https:\/\/pc.sc.gov.br\/index.php?rest_route=\/wp\/v2\/posts\/15508\/revisions"}],"predecessor-version":[{"id":15513,"href":"https:\/\/pc.sc.gov.br\/index.php?rest_route=\/wp\/v2\/posts\/15508\/revisions\/15513"}],"wp:featuredmedia":[{"embeddable":true,"href":"https:\/\/pc.sc.gov.br\/index.php?rest_route=\/wp\/v2\/media\/15509"}],"wp:attachment":[{"href":"https:\/\/pc.sc.gov.br\/index.php?rest_route=%2Fwp%2Fv2%2Fmedia&parent=15508"}],"wp:term":[{"taxonomy":"category","embeddable":true,"href":"https:\/\/pc.sc.gov.br\/index.php?rest_route=%2Fwp%2Fv2%2Fcategories&post=15508"},{"taxonomy":"post_tag","embeddable":true,"href":"https:\/\/pc.sc.gov.br\/index.php?rest_route=%2Fwp%2Fv2%2Ftags&post=15508"}],"curies":[{"name":"wp","href":"https:\/\/api.w.org\/{rel}","templated":true}]}}