{"id":15533,"date":"2023-11-27T18:49:19","date_gmt":"2023-11-27T21:49:19","guid":{"rendered":"https:\/\/pc.sc.gov.br\/?p=15533"},"modified":"2023-11-27T18:50:33","modified_gmt":"2023-11-27T21:50:33","slug":"policia-civil-prende-homem-por-tentativa-de-feminicidio-em-tangara","status":"publish","type":"post","link":"https:\/\/pc.sc.gov.br\/?p=15533","title":{"rendered":"Pol\u00edcia Civil prende homem por tentativa de feminic\u00eddio em Tangar\u00e1"},"content":{"rendered":"\t\t<div data-elementor-type=\"wp-post\" data-elementor-id=\"15533\" class=\"elementor elementor-15533\" data-elementor-post-type=\"post\">\n\t\t\t\t\t\t<section class=\"elementor-section elementor-top-section elementor-element elementor-element-fa69afb elementor-section-boxed elementor-section-height-default elementor-section-height-default\" data-id=\"fa69afb\" data-element_type=\"section\">\n\t\t\t\t\t\t<div class=\"elementor-container elementor-column-gap-default\">\n\t\t\t\t\t<div class=\"elementor-column elementor-col-100 elementor-top-column elementor-element elementor-element-58bd085\" data-id=\"58bd085\" data-element_type=\"column\">\n\t\t\t<div class=\"elementor-widget-wrap elementor-element-populated\">\n\t\t\t\t\t\t<div class=\"elementor-element elementor-element-51ec4e9 elementor-widget elementor-widget-heading\" data-id=\"51ec4e9\" data-element_type=\"widget\" data-widget_type=\"heading.default\">\n\t\t\t\t<div class=\"elementor-widget-container\">\n\t\t\t\t\t<h2 class=\"elementor-heading-title elementor-size-default\">Pol\u00edcia Civil prende homem por tentativa de feminic\u00eddio em Tangar\u00e1<\/h2>\t\t\t\t<\/div>\n\t\t\t\t<\/div>\n\t\t\t\t\t<\/div>\n\t\t<\/div>\n\t\t\t\t\t<\/div>\n\t\t<\/section>\n\t\t\t\t<section class=\"elementor-section elementor-top-section elementor-element elementor-element-52b6028 elementor-section-boxed elementor-section-height-default elementor-section-height-default\" data-id=\"52b6028\" data-element_type=\"section\">\n\t\t\t\t\t\t<div class=\"elementor-container elementor-column-gap-default\">\n\t\t\t\t\t<div class=\"elementor-column elementor-col-100 elementor-top-column elementor-element elementor-element-925107c\" data-id=\"925107c\" data-element_type=\"column\">\n\t\t\t<div class=\"elementor-widget-wrap elementor-element-populated\">\n\t\t\t\t\t\t<div class=\"elementor-element elementor-element-2f69675 elementor-widget elementor-widget-image\" data-id=\"2f69675\" data-element_type=\"widget\" data-widget_type=\"image.default\">\n\t\t\t\t<div class=\"elementor-widget-container\">\n\t\t\t\t\t\t\t\t\t\t\t\t\t\t\t<img fetchpriority=\"high\" decoding=\"async\" width=\"696\" height=\"511\" src=\"https:\/\/pc.sc.gov.br\/\/wp-content\/uploads\/2023\/11\/CARRO-VIATUIRA-SIRENE-NOITE-POLICIA-CIVIL-PCSC-e1755805030931-1024x752.jpg\" class=\"attachment-large size-large wp-image-15215\" alt=\"\" srcset=\"https:\/\/pc.sc.gov.br\/\/wp-content\/uploads\/2023\/11\/CARRO-VIATUIRA-SIRENE-NOITE-POLICIA-CIVIL-PCSC-e1755805030931-1024x752.jpg 1024w, https:\/\/pc.sc.gov.br\/\/wp-content\/uploads\/2023\/11\/CARRO-VIATUIRA-SIRENE-NOITE-POLICIA-CIVIL-PCSC-e1755805030931-300x220.jpg 300w, https:\/\/pc.sc.gov.br\/\/wp-content\/uploads\/2023\/11\/CARRO-VIATUIRA-SIRENE-NOITE-POLICIA-CIVIL-PCSC-e1755805030931-768x564.jpg 768w, https:\/\/pc.sc.gov.br\/\/wp-content\/uploads\/2023\/11\/CARRO-VIATUIRA-SIRENE-NOITE-POLICIA-CIVIL-PCSC-e1755805030931.jpg 1280w\" sizes=\"(max-width: 696px) 100vw, 696px\" \/>\t\t\t\t\t\t\t\t\t\t\t\t\t\t\t<\/div>\n\t\t\t\t<\/div>\n\t\t\t\t<div class=\"elementor-element elementor-element-550e678 elementor-widget elementor-widget-text-editor\" data-id=\"550e678\" data-element_type=\"widget\" data-widget_type=\"text-editor.default\">\n\t\t\t\t<div class=\"elementor-widget-container\">\n\t\t\t\t\t\t\t\t\t<p>Na sexta-feira (24), a Pol\u00edcia Civil de Santa Catarina, por meio da Delegacia de Pol\u00edcia da Comarca de Tangar\u00e1, prendeu o autor de uma tentativa de feminic\u00eddio ocorrida em 09 de novembro deste ano em Tangar\u00e1. O homem, que estava foragido desde o cometimento do crime, foi encontrado pelos policiais da Delegacia de Tangar\u00e1.<\/p><p>A v\u00edtima relatou que seu ex-marido a atacou com 16 facadas, deixando-a gravemente ferida. O crime foi classificado como uma tentativa de feminic\u00eddio, visto que o agressor agiu motivado pelo fim do relacionamento.<\/p><p>A pris\u00e3o do agressor foi resultado de um intenso trabalho investigativo da Pol\u00edcia Civim, que contou com o apoio de den\u00fancias an\u00f4nimas feitas pela popula\u00e7\u00e3o. A colabora\u00e7\u00e3o dos cidad\u00e3os foi fundamental para localizar e deter o agressor, demonstrando a import\u00e2ncia do envolvimento da comunidade na resolu\u00e7\u00e3o dos crimes.<\/p><p>A Pol\u00edcia Civil ressalta a import\u00e2ncia de denunciar casos de viol\u00eancia dom\u00e9stica e de g\u00eanero e refor\u00e7a que o sigilo das informa\u00e7\u00f5es \u00e9 garantido. A popula\u00e7\u00e3o pode colaborar com as autoridades por meio do Disque 180 ou procurando diretamente as delegacias especializadas.<\/p>\t\t\t\t\t\t\t\t<\/div>\n\t\t\t\t<\/div>\n\t\t\t\t\t<\/div>\n\t\t<\/div>\n\t\t\t\t\t<\/div>\n\t\t<\/section>\n\t\t\t\t<\/div>\n\t\t","protected":false},"excerpt":{"rendered":"<p>Pol\u00edcia Civil prende homem por tentativa de feminic\u00eddio em Tangar\u00e1 Na sexta-feira (24), a Pol\u00edcia Civil de Santa Catarina, por meio da Delegacia de Pol\u00edcia da Comarca de Tangar\u00e1, prendeu o autor de uma tentativa de feminic\u00eddio ocorrida em 09 de novembro deste ano em Tangar\u00e1. O homem, que estava foragido desde o cometimento do [&hellip;]<\/p>\n","protected":false},"author":5,"featured_media":15332,"comment_status":"closed","ping_status":"open","sticky":false,"template":"","format":"standard","meta":{"_monsterinsights_skip_tracking":false,"_monsterinsights_sitenote_active":false,"_monsterinsights_sitenote_note":"","_monsterinsights_sitenote_category":0,"footnotes":""},"categories":[1],"tags":[],"class_list":["post-15533","post","type-post","status-publish","format-standard","has-post-thumbnail","hentry","category-sem-categoria"],"_links":{"self":[{"href":"https:\/\/pc.sc.gov.br\/index.php?rest_route=\/wp\/v2\/posts\/15533","targetHints":{"allow":["GET"]}}],"collection":[{"href":"https:\/\/pc.sc.gov.br\/index.php?rest_route=\/wp\/v2\/posts"}],"about":[{"href":"https:\/\/pc.sc.gov.br\/index.php?rest_route=\/wp\/v2\/types\/post"}],"author":[{"embeddable":true,"href":"https:\/\/pc.sc.gov.br\/index.php?rest_route=\/wp\/v2\/users\/5"}],"replies":[{"embeddable":true,"href":"https:\/\/pc.sc.gov.br\/index.php?rest_route=%2Fwp%2Fv2%2Fcomments&post=15533"}],"version-history":[{"count":4,"href":"https:\/\/pc.sc.gov.br\/index.php?rest_route=\/wp\/v2\/posts\/15533\/revisions"}],"predecessor-version":[{"id":15537,"href":"https:\/\/pc.sc.gov.br\/index.php?rest_route=\/wp\/v2\/posts\/15533\/revisions\/15537"}],"wp:featuredmedia":[{"embeddable":true,"href":"https:\/\/pc.sc.gov.br\/index.php?rest_route=\/wp\/v2\/media\/15332"}],"wp:attachment":[{"href":"https:\/\/pc.sc.gov.br\/index.php?rest_route=%2Fwp%2Fv2%2Fmedia&parent=15533"}],"wp:term":[{"taxonomy":"category","embeddable":true,"href":"https:\/\/pc.sc.gov.br\/index.php?rest_route=%2Fwp%2Fv2%2Fcategories&post=15533"},{"taxonomy":"post_tag","embeddable":true,"href":"https:\/\/pc.sc.gov.br\/index.php?rest_route=%2Fwp%2Fv2%2Ftags&post=15533"}],"curies":[{"name":"wp","href":"https:\/\/api.w.org\/{rel}","templated":true}]}}